{"id":32809,"date":"2023-10-05T14:49:34","date_gmt":"2023-10-05T19:19:34","guid":{"rendered":"https:\/\/elmundodelosnegocios.com.do\/v1\/?p=32809"},"modified":"2023-10-05T14:49:36","modified_gmt":"2023-10-05T19:19:36","slug":"destaca-2020-2023-gestion-grandes-frutos-para-infotep","status":"publish","type":"post","link":"https:\/\/elmundodelosnegocios.com.do\/v1\/destaca-2020-2023-gestion-grandes-frutos-para-infotep\/","title":{"rendered":"Destaca 2020-2023 gesti\u00f3n grandes frutos para INFOTEP"},"content":{"rendered":"\n<p><strong>Punta Cana<\/strong>, R.D. Octubre 2023.- El director general del Instituto Nacional de Formaci\u00f3n T\u00e9cnico Profesional, Rafael Santos Bad\u00eda, present\u00f3 los avances que ha logrado la instituci\u00f3n en los \u00faltimos tres a\u00f1os.<\/p>\n\n\n<div class=\"wp-block-image\">\n<figure class=\"aligncenter size-large\"><img loading=\"lazy\" decoding=\"async\" width=\"1024\" height=\"682\" src=\"https:\/\/elmundodelosnegocios.com.do\/v1\/wp-content\/uploads\/2023\/10\/Rafael-Santos-Badia-presento-los-avances-de-la-formacion-profesional-1024x682.jpeg\" alt=\"\" class=\"wp-image-32810\" srcset=\"https:\/\/elmundodelosnegocios.com.do\/v1\/wp-content\/uploads\/2023\/10\/Rafael-Santos-Badia-presento-los-avances-de-la-formacion-profesional-1024x682.jpeg 1024w, https:\/\/elmundodelosnegocios.com.do\/v1\/wp-content\/uploads\/2023\/10\/Rafael-Santos-Badia-presento-los-avances-de-la-formacion-profesional-300x200.jpeg 300w, https:\/\/elmundodelosnegocios.com.do\/v1\/wp-content\/uploads\/2023\/10\/Rafael-Santos-Badia-presento-los-avances-de-la-formacion-profesional-768x512.jpeg 768w, https:\/\/elmundodelosnegocios.com.do\/v1\/wp-content\/uploads\/2023\/10\/Rafael-Santos-Badia-presento-los-avances-de-la-formacion-profesional-1536x1023.jpeg 1536w, https:\/\/elmundodelosnegocios.com.do\/v1\/wp-content\/uploads\/2023\/10\/Rafael-Santos-Badia-presento-los-avances-de-la-formacion-profesional.jpeg 1600w\" sizes=\"auto, (max-width: 1024px) 100vw, 1024px\" \/><\/figure>\n<\/div>\n\n\n<p>Santos Bad\u00eda abord\u00f3 el tema al presentar la conferencia&nbsp;<strong>Avances y experiencias de la formaci\u00f3n profesional en Rep\u00fablica Dominicana,&nbsp;<\/strong>como parte de las actividades de la 46 Reuni\u00f3n de la Comisi\u00f3n T\u00e9cnica OIT\/Cinterfor, que se realiza en Punta Cana, hasta el 6 de octubre.<\/p>\n\n\n\n<p>Explic\u00f3 que el INFOTEP ha concentrado sus esfuerzos&nbsp;en la ampliaci\u00f3n y remodelaci\u00f3n de su infraestructura f\u00edsica, el incremento de la cobertura en los servicios de formaci\u00f3n y el fortalecimiento del servicio de apoyo a la productividad.<\/p>\n\n\n\n<p>Desde 2020, la instituci\u00f3n tambi\u00e9n ha estado enfocada en la actualizaci\u00f3n y ampliaci\u00f3n de la oferta formativa y de su equipo docente, as\u00ed como en el fortalecimiento de los servicios de admisi\u00f3n, informaci\u00f3n y empleo. Adem\u00e1s, ha extendido su oferta de formaci\u00f3n a la comunidad dominicana residente en el exterior.<\/p>\n\n\n\n<p>Como eje fundamental de estos \u00faltimos tres a\u00f1os se destaca la ampliaci\u00f3n y modernizaci\u00f3n de la infraestructura f\u00edsica, con el prop\u00f3sito de llevar el desarrollo hacia d\u00f3nde vive la gente, llegando a todos los rincones del pa\u00eds.<\/p>\n\n\n\n<p>Hasta marzo de 2021, el INFOTEP contaba con cuatro gerencias regionales a nivel nacional. A partir de abril de ese a\u00f1o se descentralizaron las operaciones de las gerencias Regional Central y Regional Norte y se conformaron dos nuevas: Cibao Sur y Oriental.<\/p>\n\n\n\n<p>En este per\u00edodo de gesti\u00f3n se han construido nuevos centros de formaci\u00f3n, incluyendo centros tecnol\u00f3gicos, comunitarios y aulas removibles, lo mismo que unidades de capacitaci\u00f3n en siete centros de correcci\u00f3n penal. En proceso de remodelaci\u00f3n hay ocho centros que ser\u00e1n inaugurados en los pr\u00f3ximos meses<\/p>\n\n\n\n<p>Esta etapa de expansi\u00f3n del INFOTEP se realiza con el apoyo del presidente Luis Abinader, quien ha expresado su convencimiento de que con la formaci\u00f3n y la educaci\u00f3n se construye el verdadero desarrollo social y econ\u00f3mico de Rep\u00fablica Dominicana.<\/p>\n\n\n\n<p>Como resultado del plan de ampliaci\u00f3n y modernizaci\u00f3n de nuevos centros se ha aumentado significativamente la cobertura. Desde agosto de 2020 el INFOTEP ha ofrecido 105 mil 488 acciones formativas a favor de m\u00e1s de dos millones de participantes.<\/p>\n\n\n\n<p>Entre 2020 y 2023 se crearon 78 programas de formaci\u00f3n y 589 fueron revisados, mientras que recibieron formaci\u00f3n y actualizaci\u00f3n tres mil 468 docentes.<\/p>\n\n\n\n<p>Y es por ello que Santos Bad\u00eda afirma que este plan ha sido concebido de manera integral, \u201cpropiciando el v\u00ednculo entre un crecimiento sostenido de nuestra infraestructura con un mayor n\u00famero de formaci\u00f3n de t\u00e9cnicos y maestros t\u00e9cnicos, una mayor cantidad de horas-instrucci\u00f3n impartidas y una plantilla de docentes cada vez m\u00e1s actualizada\u201d.<\/p>\n\n\n\n<p><strong><em>Apoyo a la productividad<\/em><\/strong><\/p>\n\n\n\n<p>A trav\u00e9s del Servicio de Apoyo a la Productividad, la instituci\u00f3n atendi\u00f3 a nueve mil 570 empresas, capacitando a 254 mil 764 gerentes y mandos medios y a 699 mil 567 trabajadores, mientras que han recibido formaci\u00f3n 12 mil 333 emprendedores.<\/p>\n\n\n\n<p><strong><em>En ruta hacia la Innovaci\u00f3n<\/em><\/strong><\/p>\n\n\n\n<p>Otro eje estrat\u00e9gico fundamental de esta gesti\u00f3n ha sido la innovaci\u00f3n. Desde que inici\u00f3 transita por este camino, con el prop\u00f3sito de apostar por una instituci\u00f3n moderna y creativa<\/p>\n\n\n\n<p>En su ruta hacia la innovaci\u00f3n el INFOTEP procura impulsar una oferta de servicios innovadores y de calidad, alineados a las necesidades de desarrollo de la industria 4.0, para contribuir a la empleabilidad, el emprendimiento y elevar la productividad de las empresas.<\/p>\n\n\n\n<p>Y es que para el director del INFOTEP \u201cfomentar la innovaci\u00f3n constituye uno de los pilares estrat\u00e9gicos que garantizar\u00e1n la sostenibilidad de la instituci\u00f3n en el corto, mediano y largo plazo\u201d.<\/p>\n\n\n\n<p>Es en el marco de este proceso de innovaci\u00f3n se realiz\u00f3 la primera feria de innovaci\u00f3n -INNOVATEP- del 15 al 18 de marzo de este a\u00f1o 2023, en la que fueron expuestos 36 proyectos de innovaci\u00f3n. All\u00ed asistieron m\u00e1s de 50 mil personas, decenas de empresas y conferencistas nacionales e internacionales<\/p>\n\n\n\n<p><strong><em>Se expande al exterior<\/em><\/strong><\/p>\n\n\n\n<p>En 2022, el INFOTEP puso en marcha el Programa de Capacitaci\u00f3n para la Comunidad Dominicana en el Exterior, principalmente en Am\u00e9rica y Europa. El lanzamiento en Am\u00e9rica se realiz\u00f3 el 11 de agosto de ese a\u00f1o, dirigido a 12 pa\u00edses y 16 ciudades de Estados Unidos.<\/p>\n\n\n\n<p>El programa para Europa fue lanzado el 22 de octubre del referido a\u00f1o, en 14 pa\u00edses y 42 ciudades.<\/p>\n\n\n\n<p><strong><em>Para enfrentar el COVID<\/em><\/strong><\/p>\n\n\n\n<p>Para dar respuesta a la situaci\u00f3n creada a partir de la pandemia del Covid- 19, se desarroll\u00f3 el Plan Integral de Contingencia. De esta manera se asegur\u00f3 la continuidad de las acciones formativas<\/p>\n\n\n\n<p>En este contexto se tomaron medidas como la migraci\u00f3n de los programas presenciales a la modalidad virtual; ampliaci\u00f3n y mejoramiento de la plataforma de INFOTEP Virtual; entrenamiento de los facilitadores, t\u00e9cnicos, encargados de talleres, asesores y supervisores, y el dise\u00f1o de un manual de orientaci\u00f3n metodol\u00f3gica.<\/p>\n\n\n\n<p>Para el director general del INFOTEP, Rafael Santos Bad\u00eda, el crecimiento obtenido en este per\u00edodo de tres a\u00f1os representa un salto sin precedentes en la Rep\u00fablica Dominicana.<\/p>\n","protected":false},"excerpt":{"rendered":"<p>Punta Cana, R.D. Octubre 2023.- El director general del Instituto Nacional de Formaci\u00f3n T\u00e9cnico Profesional, Rafael Santos Bad\u00eda, present\u00f3 los avances que ha logrado la instituci\u00f3n en los \u00faltimos tres&hellip; <\/p>\n","protected":false},"author":2,"featured_media":32810,"comment_status":"closed","ping_status":"closed","sticky":false,"template":"","format":"standard","meta":{"fifu_image_url":"","fifu_image_alt":"","footnotes":""},"categories":[151],"tags":[],"class_list":["post-32809","post","type-post","status-publish","format-standard","has-post-thumbnail","hentry","category-gerencia"],"_links":{"self":[{"href":"https:\/\/elmundodelosnegocios.com.do\/v1\/wp-json\/wp\/v2\/posts\/32809","targetHints":{"allow":["GET"]}}],"collection":[{"href":"https:\/\/elmundodelosnegocios.com.do\/v1\/wp-json\/wp\/v2\/posts"}],"about":[{"href":"https:\/\/elmundodelosnegocios.com.do\/v1\/wp-json\/wp\/v2\/types\/post"}],"author":[{"embeddable":true,"href":"https:\/\/elmundodelosnegocios.com.do\/v1\/wp-json\/wp\/v2\/users\/2"}],"replies":[{"embeddable":true,"href":"https:\/\/elmundodelosnegocios.com.do\/v1\/wp-json\/wp\/v2\/comments?post=32809"}],"version-history":[{"count":0,"href":"https:\/\/elmundodelosnegocios.com.do\/v1\/wp-json\/wp\/v2\/posts\/32809\/revisions"}],"wp:featuredmedia":[{"embeddable":true,"href":"https:\/\/elmundodelosnegocios.com.do\/v1\/wp-json\/wp\/v2\/media\/32810"}],"wp:attachment":[{"href":"https:\/\/elmundodelosnegocios.com.do\/v1\/wp-json\/wp\/v2\/media?parent=32809"}],"wp:term":[{"taxonomy":"category","embeddable":true,"href":"https:\/\/elmundodelosnegocios.com.do\/v1\/wp-json\/wp\/v2\/categories?post=32809"},{"taxonomy":"post_tag","embeddable":true,"href":"https:\/\/elmundodelosnegocios.com.do\/v1\/wp-json\/wp\/v2\/tags?post=32809"}],"curies":[{"name":"wp","href":"https:\/\/api.w.org\/{rel}","templated":true}]}}