{"id":32815,"date":"2023-10-05T14:54:33","date_gmt":"2023-10-05T19:24:33","guid":{"rendered":"https:\/\/elmundodelosnegocios.com.do\/v1\/?p=32815"},"modified":"2023-10-09T07:52:08","modified_gmt":"2023-10-09T12:22:08","slug":"popular-y-embajada-en-francia-agasajan-a-la-delegacion-nacional-y-hoteleros-en-top-resa","status":"publish","type":"post","link":"https:\/\/elmundodelosnegocios.com.do\/v1\/popular-y-embajada-en-francia-agasajan-a-la-delegacion-nacional-y-hoteleros-en-top-resa\/","title":{"rendered":"Agasajan Banco Popular y Embajada en Francia delegaci\u00f3n y hoteleros en Top Resa"},"content":{"rendered":"\n<h2 class=\"wp-block-heading\">La feria internacional es la puerta de entrada para los mercados franc\u00f3fonos&nbsp;&nbsp;<\/h2>\n\n\n\n<p><br>Par\u00eds, Francia. \u2013 El Banco Popular Dominicano y la Embajada de la Rep\u00fablica Dominicana en Francia ofrecieron una cena de gala en honor de la delegaci\u00f3n nacional, los hoteleros e inversionistas tur\u00edsticos con intereses en la Rep\u00fablica Dominicana, participantes en la International French Travel Market \u2013 Top Resa 2023, realizada en la ciudad de Par\u00eds, Francia.<\/p>\n\n\n<div class=\"wp-block-image\">\n<figure class=\"aligncenter size-full is-resized\"><img loading=\"lazy\" decoding=\"async\" src=\"https:\/\/elmundodelosnegocios.com.do\/v1\/wp-content\/uploads\/2023\/10\/5480-PRINCIPAL-770x540-1.jpg\" alt=\"\" class=\"wp-image-32816\" width=\"807\" height=\"566\" srcset=\"https:\/\/elmundodelosnegocios.com.do\/v1\/wp-content\/uploads\/2023\/10\/5480-PRINCIPAL-770x540-1.jpg 770w, https:\/\/elmundodelosnegocios.com.do\/v1\/wp-content\/uploads\/2023\/10\/5480-PRINCIPAL-770x540-1-300x210.jpg 300w, https:\/\/elmundodelosnegocios.com.do\/v1\/wp-content\/uploads\/2023\/10\/5480-PRINCIPAL-770x540-1-768x539.jpg 768w\" sizes=\"auto, (max-width: 807px) 100vw, 807px\" \/><\/figure>\n<\/div>\n\n\n<p>La cena, que tuvo lugar en la sede de la embajada dominicana en Par\u00eds, cont\u00f3 con la asistencia de m\u00e1s de una treintena de asistentes, quienes departieron amenamente durante la velada del primer d\u00eda de feria.<\/p>\n\n\n\n<p>Top Resa se realiza del 3 al 5 de octubre en el recinto ferial Paris Expo Puerta de Versalles. Se trata de una de las principales ferias profesionales del turismo en Europa y la puerta de entrada para los mercados franc\u00f3fonos, la cual en 2022 concit\u00f3 la asistencia de 29,475 profesionales vinculados al turismo, siendo la tercera parte de los invitados agencias de viajes, encargadas de movilizar el tr\u00e1fico de turistas hacia los diferentes destinos.<br><br><strong>Impresionantes logros tur\u00edsticos<\/strong><br><br>En sus palabras centrales, el vicepresidente del \u00c1rea de Negocios Tur\u00edsticos, se\u00f1or Juan Manuel Mart\u00edn de Oliva, agradeci\u00f3 a la embajada dominicana en Francia acogerles un a\u00f1o m\u00e1s y expres\u00f3 el orgullo de la organizaci\u00f3n financiera por \u201clos impresionantes logros alcanzados\u00bb en el \u00e1mbito tur\u00edstico: \u201cSin lugar a duda, el trabajo aunado del sector p\u00fablico y privado es la clave de nuestro modelo productivo en materia tur\u00edstica\u00bb, dijo.<br><br>Por su parte, la embajadora de la Rep\u00fablica Dominicana en Francia, se\u00f1ora Rosa Hern\u00e1ndez de Grull\u00f3n, manifest\u00f3 que \u201cFrancia es uno de los m\u00e1s importantes pa\u00edses europeos emisores de turistas hacia nuestro destino, lo que evidencia un trabajo bien logrado, bien pensado y bien ejecutado\u00bb.<\/p>\n\n\n\n<p><br>En tanto, el ministro de Turismo, se\u00f1or David Collado, subray\u00f3 tambi\u00e9n que el \u00e9xito del turismo en la Rep\u00fablica Dominicana reside en \u00abla unidad entre el sector p\u00fablico y el privado\u00bb y anunci\u00f3 que espera que en el mes de diciembre se alcance la meta de lograr la visita de 10 millones de turistas.<br><br>El presidente de la Asociaci\u00f3n Nacional de Hoteles y Turismo (ASONAHORES), se\u00f1or David Llibre, ratific\u00f3 la valoraci\u00f3n de esta alianza p\u00fablico &#8211; privada que ha permitido el fortalecimiento y la expansi\u00f3n del turismo en la Rep\u00fablica Dominicana.<br><br><strong>Asistentes a la velada<\/strong><br><br>Entre los asistentes a la cena de gala se destacaron los empresarios y ejecutivos tur\u00edsticos Encarna Pi\u00f1ero, presidenta ejecutiva del Grupo Pi\u00f1ero; Frank El\u00edas Rainieri, presidente ejecutivo del Grupo Puntacana, y Antonio Yapor, presidente de Caribbean Holding Group. Tambi\u00e9n, cont\u00f3 con la asistencia de la se\u00f1ora Mariel Bera, vicepresidenta del \u00c1rea de Relaciones Corporativas y Banca Responsable, entre otros ejecutivos de la entidad bancaria.\u200b<\/p>\n\n\n\n<p><br>Asimismo, los se\u00f1ores Benedite Cournet, representante de marketing en Francia del Grupo Viva; Ekaterina Pavlova, directora Comercial y de Mercadeo del Grupo Meli\u00e1; Ricardo Felip Cooter, vicepresidente de Coral Hospitality; Sebastien Garc\u00eda, director general de Meeting Point; Gustavo de Hostos, presidente de la C\u00e1mara de Comercio Dominico-Canadiense (CANCHAMRD); Ram\u00f3n Tejeda, director de Coral Hospitality; Carlos Medrano, presidente ejecutivo de Runners Adventures; Mar\u00eda Gracia, presidenta de Colonial Tours; Edward del Valle, presidente del Grupo del Valle; Cesarina Beauchamp, directora comercial de Sky High; y Rafael Caballero, vicepresidente del Grupo Preferente.<br><br><strong>Compromiso con el desarrollo del turismo<\/strong><br><br>La participaci\u00f3n del Banco Popular en esta feria tur\u00edstica forma parte de su compromiso con el desarrollo del sector hotelero y tur\u00edstico de la Rep\u00fablica Dominicana, acompa\u00f1ando a sus principales actores en citas profesionales determinantes para el crecimiento de la llegada de visitantes a la Rep\u00fablica Dominicana y la atracci\u00f3n de nuevas inversiones que fortalezcan la infraestructura hotelera.<br><br>El Popular es el principal financiador de la industria tur\u00edstica nacional desde hace m\u00e1s de 30 a\u00f1os y en estas d\u00e9cadas ha innovado con soluciones financieras especializadas, liderando importantes operaciones bancarias en sinergia con las dem\u00e1s filiales que componen el Grupo Popular.<br><br>En los \u00faltimos ocho a\u00f1os, el Banco Popular ha aprobado financiamientos por m\u00e1s de US$1,600 millones, que han permitido la construcci\u00f3n y renovaci\u00f3n de m\u00e1s de 15,000 habitaciones y han aportado a la generaci\u00f3n de empleos directos e indirectos para m\u00e1s de 28,000 personas.<\/p>\n","protected":false},"excerpt":{"rendered":"<p>La feria internacional es la puerta de entrada para los mercados franc\u00f3fonos&nbsp;&nbsp; Par\u00eds, Francia. \u2013 El Banco Popular Dominicano y la Embajada de la Rep\u00fablica Dominicana en Francia ofrecieron una&hellip; <\/p>\n","protected":false},"author":2,"featured_media":32816,"comment_status":"closed","ping_status":"closed","sticky":false,"template":"","format":"standard","meta":{"fifu_image_url":"","fifu_image_alt":"","footnotes":""},"categories":[172],"tags":[],"class_list":["post-32815","post","type-post","status-publish","format-standard","has-post-thumbnail","hentry","category-turismo"],"_links":{"self":[{"href":"https:\/\/elmundodelosnegocios.com.do\/v1\/wp-json\/wp\/v2\/posts\/32815","targetHints":{"allow":["GET"]}}],"collection":[{"href":"https:\/\/elmundodelosnegocios.com.do\/v1\/wp-json\/wp\/v2\/posts"}],"about":[{"href":"https:\/\/elmundodelosnegocios.com.do\/v1\/wp-json\/wp\/v2\/types\/post"}],"author":[{"embeddable":true,"href":"https:\/\/elmundodelosnegocios.com.do\/v1\/wp-json\/wp\/v2\/users\/2"}],"replies":[{"embeddable":true,"href":"https:\/\/elmundodelosnegocios.com.do\/v1\/wp-json\/wp\/v2\/comments?post=32815"}],"version-history":[{"count":0,"href":"https:\/\/elmundodelosnegocios.com.do\/v1\/wp-json\/wp\/v2\/posts\/32815\/revisions"}],"wp:featuredmedia":[{"embeddable":true,"href":"https:\/\/elmundodelosnegocios.com.do\/v1\/wp-json\/wp\/v2\/media\/32816"}],"wp:attachment":[{"href":"https:\/\/elmundodelosnegocios.com.do\/v1\/wp-json\/wp\/v2\/media?parent=32815"}],"wp:term":[{"taxonomy":"category","embeddable":true,"href":"https:\/\/elmundodelosnegocios.com.do\/v1\/wp-json\/wp\/v2\/categories?post=32815"},{"taxonomy":"post_tag","embeddable":true,"href":"https:\/\/elmundodelosnegocios.com.do\/v1\/wp-json\/wp\/v2\/tags?post=32815"}],"curies":[{"name":"wp","href":"https:\/\/api.w.org\/{rel}","templated":true}]}}