{"id":32829,"date":"2023-10-06T13:07:08","date_gmt":"2023-10-06T17:37:08","guid":{"rendered":"https:\/\/elmundodelosnegocios.com.do\/v1\/?p=32829"},"modified":"2023-10-06T13:07:10","modified_gmt":"2023-10-06T17:37:10","slug":"prodominicana-impulsa-sistema-ventanilla-unica-de-inversion-en-el-municipio-de-bayaguana","status":"publish","type":"post","link":"https:\/\/elmundodelosnegocios.com.do\/v1\/prodominicana-impulsa-sistema-ventanilla-unica-de-inversion-en-el-municipio-de-bayaguana\/","title":{"rendered":"ProDominicana impulsa sistema Ventanilla \u00danica de Inversi\u00f3n en el municipio de Bayaguana"},"content":{"rendered":"\n<p>Santo Domingo.- El Centro de Exportaci\u00f3n e Inversi\u00f3n de la Rep\u00fablica Dominicana (ProDominicana) y el Ayuntamiento Municipal de Bayaguana firmaron un acuerdo de colaboraci\u00f3n institucional con el objetivo de impulsar acciones orientadas a incrementar la participaci\u00f3n del municipio en la atracci\u00f3n y expansi\u00f3n de Inversi\u00f3n Extranjera Directa (IED), a trav\u00e9s de la Ventanilla \u00danica de Inversiones de la Rep\u00fablica Dominicana (VUIRD).<\/p>\n\n\n<div class=\"wp-block-image\">\n<figure class=\"aligncenter size-large\"><img decoding=\"async\" src=\"https:\/\/presidencia.gob.do\/sites\/default\/files\/styles\/large\/public\/news\/2023-10\/Vladimir%20Pimentel%2C%20Subdirector%20General%2C%20%20Manuel%20Antonio%20Santana%20Jim%C3%A9nez%2C%20Alcalde.jpg?itok=P720Rvx0\" alt=\"\"\/><\/figure>\n<\/div>\n\n\n<p>Con esta alianza, las entidades se proponen facilitar los procesos de instalaci\u00f3n de nueva Inversi\u00f3n Extranjera Directa al pa\u00eds. De este modo, la alcald\u00eda de La Altagracia se conectar\u00e1 a la plataforma digital de la VIURD para facilitar los servicios de permisos, licencias, registros, documentos de no objeci\u00f3n, entre otros.<\/p>\n\n\n\n<p>El subdirector general de ProDominicana, Vladimir Pimentel, expres\u00f3 que a trav\u00e9s de este acuerdo se consolidan las intenciones y acciones destinadas a fortalecer el liderazgo de Rep\u00fablica Dominicana en la atracci\u00f3n de Inversi\u00f3n Extranjera Directa en la regi\u00f3n. \u201cCon el Ayuntamiento Municipal de Bayaguana, generamos los medios necesarios para la puesta en marcha del sistema Ventanilla \u00danica de Inversi\u00f3n de Rep\u00fablica Dominicana\u201d, acot\u00f3.<\/p>\n\n\n\n<p>De su lado, el alcalde de Bayaguana, Manuel Antonio Santana Jim\u00e9nez, indic\u00f3 que esta alianza representa una oportunidad de crecimiento para el municipio y la provincia. Adem\u00e1s, reiter\u00f3 el compromiso de colaborar de manera estrecha con este organismo para brindar el apoyo necesario que requiera la instalaci\u00f3n de la VIURD en esta zona.<\/p>\n\n\n\n<p>La VUIRD es el sistema con el que se busca reducir los procesos, costos y plazos de instalaci\u00f3n de inversi\u00f3n extranjera en la Rep\u00fablica Dominicana. Unas 17 entidades del pa\u00eds intervienen en la cartera de servicios que se ofrecen a trav\u00e9s del sistema Ventanilla \u00danica de Inversi\u00f3n. De este modo, se evita la duplicidad de esfuerzos, se eficientiza el servicio a inversionistas y se cuenta con data viva sobre la participaci\u00f3n de la inversi\u00f3n en la econom\u00eda dominicana.<\/p>\n\n\n\n<p>En ese sentido, la provincia de Monte Plata export\u00f3 un total de USD 6.3 millones para el 2022. Asimismo, se destaca que esta demarcaci\u00f3n cuenta con 5 empresas exportadoras, para una cantidad de 19 mercados en total. Se destaca que, los principales productos exportados en el 2022 fueron el ron 86.11 %, cacao en grano 6.14 %, pi\u00f1as 4.6 %, entre otros.<\/p>\n\n\n\n<p>As\u00ed mismo, la inversi\u00f3n juega un rol importante en Bayaguana, en la cual se destaca la actividad tur\u00edstica como la principal fuente de empleos y oportunidades para la creaci\u00f3n de infraestructura hotelera. Adem\u00e1s, el comercio, manufactura, energ\u00eda, agricultura y otros sectores se posicionan como entes de desarrollo y crecimiento de inversi\u00f3n en este territorio.<\/p>\n","protected":false},"excerpt":{"rendered":"<p>Santo Domingo.- El Centro de Exportaci\u00f3n e Inversi\u00f3n de la Rep\u00fablica Dominicana (ProDominicana) y el Ayuntamiento Municipal de Bayaguana firmaron un acuerdo de colaboraci\u00f3n institucional con el objetivo de impulsar&hellip; <\/p>\n","protected":false},"author":2,"featured_media":32831,"comment_status":"closed","ping_status":"closed","sticky":false,"template":"","format":"standard","meta":{"fifu_image_url":"https:\/\/presidencia.gob.do\/sites\/default\/files\/styles\/large\/public\/news\/2023-10\/Vladimir%20Pimentel%2C%20Subdirector%20General%2C%20%20Manuel%20Antonio%20Santana%20Jim%C3%A9nez%2C%20Alcalde.jpg?itok=P720Rvx0","fifu_image_alt":"","footnotes":""},"categories":[74],"tags":[],"class_list":["post-32829","post","type-post","status-publish","format-standard","has-post-thumbnail","hentry","category-comercio-internacional"],"_links":{"self":[{"href":"https:\/\/elmundodelosnegocios.com.do\/v1\/wp-json\/wp\/v2\/posts\/32829","targetHints":{"allow":["GET"]}}],"collection":[{"href":"https:\/\/elmundodelosnegocios.com.do\/v1\/wp-json\/wp\/v2\/posts"}],"about":[{"href":"https:\/\/elmundodelosnegocios.com.do\/v1\/wp-json\/wp\/v2\/types\/post"}],"author":[{"embeddable":true,"href":"https:\/\/elmundodelosnegocios.com.do\/v1\/wp-json\/wp\/v2\/users\/2"}],"replies":[{"embeddable":true,"href":"https:\/\/elmundodelosnegocios.com.do\/v1\/wp-json\/wp\/v2\/comments?post=32829"}],"version-history":[{"count":0,"href":"https:\/\/elmundodelosnegocios.com.do\/v1\/wp-json\/wp\/v2\/posts\/32829\/revisions"}],"wp:featuredmedia":[{"embeddable":true,"href":"https:\/\/elmundodelosnegocios.com.do\/v1\/wp-json\/wp\/v2\/media\/32831"}],"wp:attachment":[{"href":"https:\/\/elmundodelosnegocios.com.do\/v1\/wp-json\/wp\/v2\/media?parent=32829"}],"wp:term":[{"taxonomy":"category","embeddable":true,"href":"https:\/\/elmundodelosnegocios.com.do\/v1\/wp-json\/wp\/v2\/categories?post=32829"},{"taxonomy":"post_tag","embeddable":true,"href":"https:\/\/elmundodelosnegocios.com.do\/v1\/wp-json\/wp\/v2\/tags?post=32829"}],"curies":[{"name":"wp","href":"https:\/\/api.w.org\/{rel}","templated":true}]}}