{"id":32835,"date":"2023-10-06T13:10:18","date_gmt":"2023-10-06T17:40:18","guid":{"rendered":"https:\/\/elmundodelosnegocios.com.do\/v1\/?p=32835"},"modified":"2023-10-06T13:10:20","modified_gmt":"2023-10-06T17:40:20","slug":"empresarios-de-republica-dominicana-y-surinam-exploraron-nuevas-oportunidades-de-colaboracion-en-materia-comercial","status":"publish","type":"post","link":"https:\/\/elmundodelosnegocios.com.do\/v1\/empresarios-de-republica-dominicana-y-surinam-exploraron-nuevas-oportunidades-de-colaboracion-en-materia-comercial\/","title":{"rendered":"Empresarios de Rep\u00fablica Dominicana y Surinam exploraron nuevas oportunidades de colaboraci\u00f3n en materia comercial"},"content":{"rendered":"\n<p>Santo Domingo.- El&nbsp;<strong>Ministerio de Relaciones Exteriores<\/strong>&nbsp;(MIREX) fue sede este jueves, de un encuentro empresarial entre la delegaci\u00f3n oficial de la&nbsp;<strong>Rep\u00fablica de Surinam<\/strong>&nbsp;que acompa\u00f1a al presidente&nbsp;<strong>Chandrikapersad Santokhi<\/strong>&nbsp;en su visita oficial al pa\u00eds, y&nbsp;<strong>empresarios dominicanos<\/strong>, en el que se&nbsp;<strong>exploraron nuevas oportunidades de colaboraci\u00f3n en materia comercial<\/strong>&nbsp;y se intercambiaron ideas sobre futuros&nbsp;<strong>proyectos de inversi\u00f3n<\/strong>&nbsp;que impulsen el desarrollo econ\u00f3mico de ambas naciones.<\/p>\n\n\n<div class=\"wp-block-image\">\n<figure class=\"aligncenter size-large\"><img decoding=\"async\" src=\"https:\/\/presidencia.gob.do\/sites\/default\/files\/styles\/large\/public\/news\/2023-10\/Encuentro%20entre%20empresarios%20RD%20y%20Surinam.jpeg?itok=s-9SAT-X\" alt=\"\"\/><\/figure>\n<\/div>\n\n\n<p>Durante el encuentro, en representaci\u00f3n del&nbsp;<strong>canciller Roberto \u00c1lvarez<\/strong>, el viceministro para Asuntos Econ\u00f3micos y Cooperaci\u00f3n Internacional,&nbsp;<strong>Hugo Fco. Rivera<\/strong>, afirm\u00f3 que&nbsp;<em>\u201cexisten diversas oportunidades en el mercado dominicano para Surinam, como el sector industrial, zonas francas y el sector agr\u00edcola. Al igual que en t\u00e9rminos de Inversi\u00f3n Extranjera Directa, como los proyectos de Alianzas P\u00fablico Privada (APP), potenciales planes e iniciativas de inversi\u00f3n, parques industriales y el turismo inmobiliario\u201d.<\/em><\/p>\n\n\n\n<p>El viceministro destac\u00f3, adem\u00e1s, que&nbsp;<strong>entre 2018-2022<\/strong>&nbsp;las exportaciones de bienes fueron el&nbsp;<strong>96 %<\/strong>&nbsp;del intercambio comercial de Rep\u00fablica Dominicana con Surinam y las importaciones alcanzaron el&nbsp;<strong>4 %<\/strong>&nbsp;del intercambio,&nbsp;<em>\u201clo que llev\u00f3 a ese pa\u00eds a convertirse en el sexto socio comercial m\u00e1s importante de nuestra naci\u00f3n, dentro de los pa\u00edses del CARICOM\u201d,<\/em>&nbsp;explic\u00f3.<\/p>\n\n\n\n<figure class=\"wp-block-image\"><img decoding=\"async\" src=\"https:\/\/presidencia.gob.do\/sites\/default\/files\/inline-images\/viceministro%20para%20Asuntos%20Econ%C3%B3micos%20y%20Cooperaci%C3%B3n%20Internacional%2C%20Hugo%20Fco.%20Rivera.jpeg\" alt=\"\"\/><\/figure>\n\n\n\n<p>En el encuentro, la directora del&nbsp;<strong>Centro de Exportaci\u00f3n e Inversi\u00f3n de Rep\u00fablica Dominicana&nbsp;<\/strong>(ProDominicana),&nbsp;<strong>Biviana Riveiro<\/strong>, present\u00f3 a los empresarios surinam\u00e9s las&nbsp;<strong>oportunidades y proyectos<\/strong>&nbsp;de inversi\u00f3n que existen en el pa\u00eds. Ejercicio similar realiz\u00f3 la directora de Inversiones de la Agencia de Inversiones y Comercio de Surinam,&nbsp;<strong>Bidia Bissumbhar<\/strong>, y de manera particular, el Consejo de Zonas Francas de Exportaci\u00f3n&nbsp;<strong>(CNZFE),<\/strong>&nbsp;la Asociaci\u00f3n Dominicana de Exportadores&nbsp;<strong>(ADOEXPO)<\/strong>&nbsp;y la Asociaci\u00f3n de Industrias de la Rep\u00fablica Dominicana&nbsp;<strong>(AIRD).<\/strong><\/p>\n\n\n\n<p>Al finalizar las referidas presentaciones, los empresarios de ambos pa\u00edses sostuvieron&nbsp;<strong>reuniones bilaterales<\/strong>&nbsp;por \u00e1rea en la que ambos pudieron establecer relaciones primarias, con miras a la colaboraci\u00f3n en diversos sectores econ\u00f3micos y la&nbsp;<strong>formalizaci\u00f3n de acuerdos.&nbsp;<\/strong><\/p>\n\n\n\n<p>Este tipo de actividades se enmarca dentro las acciones que realiza el Ministerio de Relaciones Exteriores para ejecutar el segundo eje de la pol\u00edtica exterior dominicana, que contempla&nbsp;<strong>la promoci\u00f3n de las exportaciones y la inversi\u00f3n extranjera directa<\/strong>&nbsp;para generar m\u00e1s empleos.&nbsp;<\/p>\n\n\n\n<figure class=\"wp-block-image\"><img decoding=\"async\" src=\"https:\/\/presidencia.gob.do\/sites\/default\/files\/inline-images\/Presentes.jpeg\" alt=\"\"\/><\/figure>\n\n\n\n<p>En el evento estuvieron presentes, el viceministro de Pol\u00edtica Exterior Multilateral,&nbsp;<strong>Rub\u00e9n Sili\u00e9;<\/strong>&nbsp;el viceministro para las Comunidades Dominicanas en el Exterior,&nbsp;<strong>Carlos de la Mota<\/strong>; el rector del Instituto de Educaci\u00f3n Superior en Formaci\u00f3n Diplom\u00e1tica y Consular (INESDYC),&nbsp;<strong>Jos\u00e9 Rafael Espaillat<\/strong>; la directora de Promoci\u00f3n Comercial,&nbsp;<strong>Belkis Yermenos;<\/strong>&nbsp;el director de la Polic\u00eda Tur\u00edstica,&nbsp;<strong>Minoru Matsunaga<\/strong>; el gerente general del BANDEX,&nbsp;<strong>Juan Mustaf\u00e1,<\/strong>&nbsp;y el presidente ejecutivo de la Junta Agroempresarial Dominicana (JAD),&nbsp;<strong>Osmar Ben\u00edtez.<\/strong><\/p>\n","protected":false},"excerpt":{"rendered":"<p>Santo Domingo.- El&nbsp;Ministerio de Relaciones Exteriores&nbsp;(MIREX) fue sede este jueves, de un encuentro empresarial entre la delegaci\u00f3n oficial de la&nbsp;Rep\u00fablica de Surinam&nbsp;que acompa\u00f1a al presidente&nbsp;Chandrikapersad Santokhi&nbsp;en su visita oficial al&hellip; <\/p>\n","protected":false},"author":2,"featured_media":32837,"comment_status":"closed","ping_status":"closed","sticky":false,"template":"","format":"standard","meta":{"fifu_image_url":"https:\/\/presidencia.gob.do\/sites\/default\/files\/styles\/large\/public\/news\/2023-10\/Encuentro%20entre%20empresarios%20RD%20y%20Surinam.jpeg?itok=s-9SAT-X","fifu_image_alt":"","footnotes":""},"categories":[74],"tags":[],"class_list":["post-32835","post","type-post","status-publish","format-standard","has-post-thumbnail","hentry","category-comercio-internacional"],"_links":{"self":[{"href":"https:\/\/elmundodelosnegocios.com.do\/v1\/wp-json\/wp\/v2\/posts\/32835","targetHints":{"allow":["GET"]}}],"collection":[{"href":"https:\/\/elmundodelosnegocios.com.do\/v1\/wp-json\/wp\/v2\/posts"}],"about":[{"href":"https:\/\/elmundodelosnegocios.com.do\/v1\/wp-json\/wp\/v2\/types\/post"}],"author":[{"embeddable":true,"href":"https:\/\/elmundodelosnegocios.com.do\/v1\/wp-json\/wp\/v2\/users\/2"}],"replies":[{"embeddable":true,"href":"https:\/\/elmundodelosnegocios.com.do\/v1\/wp-json\/wp\/v2\/comments?post=32835"}],"version-history":[{"count":0,"href":"https:\/\/elmundodelosnegocios.com.do\/v1\/wp-json\/wp\/v2\/posts\/32835\/revisions"}],"wp:featuredmedia":[{"embeddable":true,"href":"https:\/\/elmundodelosnegocios.com.do\/v1\/wp-json\/wp\/v2\/media\/32837"}],"wp:attachment":[{"href":"https:\/\/elmundodelosnegocios.com.do\/v1\/wp-json\/wp\/v2\/media?parent=32835"}],"wp:term":[{"taxonomy":"category","embeddable":true,"href":"https:\/\/elmundodelosnegocios.com.do\/v1\/wp-json\/wp\/v2\/categories?post=32835"},{"taxonomy":"post_tag","embeddable":true,"href":"https:\/\/elmundodelosnegocios.com.do\/v1\/wp-json\/wp\/v2\/tags?post=32835"}],"curies":[{"name":"wp","href":"https:\/\/api.w.org\/{rel}","templated":true}]}}