{"id":32852,"date":"2023-10-08T20:07:41","date_gmt":"2023-10-09T00:37:41","guid":{"rendered":"https:\/\/elmundodelosnegocios.com.do\/v1\/?p=32852"},"modified":"2023-10-09T08:14:43","modified_gmt":"2023-10-09T12:44:43","slug":"empresarios-de-la-region-norte-se-unen-a-trabajos-de-la-decima-convencion-empresarial","status":"publish","type":"post","link":"https:\/\/elmundodelosnegocios.com.do\/v1\/empresarios-de-la-region-norte-se-unen-a-trabajos-de-la-decima-convencion-empresarial\/","title":{"rendered":"Se integra empresariado regi\u00f3n norte trabajos D\u00e9cima Convenci\u00f3n Empresarial"},"content":{"rendered":"\n<p>Las propuestas ser\u00e1n presentadas a los candidatos presidenciales y al liderazgo nacional<\/p>\n\n\n\n<p><strong>Santiago, 8 de octubre de 2023.-<\/strong> L\u00edderes empresariales de las 14 provincias de la regi\u00f3n norte se han unido a las discusiones de trabajo de la D\u00e9cima Convenci\u00f3n Empresarial, el m\u00e1ximo foro de debate y consulta organizado por el Consejo Nacional de la Empresa Privada (Conep).<\/p>\n\n\n\n<figure class=\"wp-block-image size-large\"><img loading=\"lazy\" decoding=\"async\" width=\"1024\" height=\"683\" src=\"http:\/\/elmundodelosnegocios.com.do\/v1\/wp-content\/uploads\/2023\/10\/Principal-Directiva-del-Conep-junto-a-empresarios-de-la-region-norte-1024x683.jpg\" alt=\"Principal-Directiva del Conep junto a empresarios de la regi\u00f3n norte\" class=\"wp-image-32853\" srcset=\"https:\/\/elmundodelosnegocios.com.do\/v1\/wp-content\/uploads\/2023\/10\/Principal-Directiva-del-Conep-junto-a-empresarios-de-la-region-norte-1024x683.jpg 1024w, https:\/\/elmundodelosnegocios.com.do\/v1\/wp-content\/uploads\/2023\/10\/Principal-Directiva-del-Conep-junto-a-empresarios-de-la-region-norte-300x200.jpg 300w, https:\/\/elmundodelosnegocios.com.do\/v1\/wp-content\/uploads\/2023\/10\/Principal-Directiva-del-Conep-junto-a-empresarios-de-la-region-norte-768x512.jpg 768w, https:\/\/elmundodelosnegocios.com.do\/v1\/wp-content\/uploads\/2023\/10\/Principal-Directiva-del-Conep-junto-a-empresarios-de-la-region-norte-1536x1024.jpg 1536w, https:\/\/elmundodelosnegocios.com.do\/v1\/wp-content\/uploads\/2023\/10\/Principal-Directiva-del-Conep-junto-a-empresarios-de-la-region-norte-2048x1365.jpg 2048w\" sizes=\"auto, (max-width: 1024px) 100vw, 1024px\" \/><figcaption class=\"wp-element-caption\">Principal-Directiva del Conep junto a empresarios de la regi\u00f3n norte<\/figcaption><\/figure>\n\n\n\n<p>El objetivo principal de este encuentro ha sido contar con la visi\u00f3n y experiencia de los empresarios del Cibao en la b\u00fasqueda de un pa\u00eds con un desarrollo m\u00e1s productivo y humano, fomentando la participaci\u00f3n de todos, desde las microempresas hasta las grandes corporaciones.<\/p>\n\n\n\n<figure class=\"wp-block-image size-large\"><img loading=\"lazy\" decoding=\"async\" width=\"1024\" height=\"683\" src=\"https:\/\/elmundodelosnegocios.com.do\/v1\/wp-content\/uploads\/2023\/10\/Participantes-del-encuentro-regional-norte-1024x683.jpg\" alt=\"\" class=\"wp-image-32855\" srcset=\"https:\/\/elmundodelosnegocios.com.do\/v1\/wp-content\/uploads\/2023\/10\/Participantes-del-encuentro-regional-norte-1024x683.jpg 1024w, https:\/\/elmundodelosnegocios.com.do\/v1\/wp-content\/uploads\/2023\/10\/Participantes-del-encuentro-regional-norte-300x200.jpg 300w, https:\/\/elmundodelosnegocios.com.do\/v1\/wp-content\/uploads\/2023\/10\/Participantes-del-encuentro-regional-norte-768x512.jpg 768w, https:\/\/elmundodelosnegocios.com.do\/v1\/wp-content\/uploads\/2023\/10\/Participantes-del-encuentro-regional-norte-1536x1024.jpg 1536w, https:\/\/elmundodelosnegocios.com.do\/v1\/wp-content\/uploads\/2023\/10\/Participantes-del-encuentro-regional-norte-2048x1365.jpg 2048w\" sizes=\"auto, (max-width: 1024px) 100vw, 1024px\" \/><figcaption class=\"wp-element-caption\">Participantes del encuentro regional norte<\/figcaption><\/figure>\n\n\n\n<p>\u00abEs una oportunidad \u00fanica para que el empresariado se una en torno a los desaf\u00edos y oportunidades que enfrentamos. Estamos trabajando incansablemente para crear propuestas concretas que contribuyan al progreso del pa\u00eds\u00bb, destac\u00f3 Celso Juan Marranzini, presidente del Conep.<\/p>\n\n\n\n<p>La D\u00e9cima Convenci\u00f3n Empresarial tiene como objetivo primordial la generaci\u00f3n de propuestas de soluci\u00f3n a temas de la agenda nacional, con el fin de impulsar a la Rep\u00fablica Dominicana hacia un mayor crecimiento y competitividad.<\/p>\n\n\n\n<p>Seg\u00fan Cesar Dargam, vicepresidente ejecutivo del Conep, las propuestas presentadas por el sector privado al liderazgo nacional se enfocan en dos ejes estrat\u00e9gicos: desarrollo productivo y desarrollo humano. El primero busca impulsar el crecimiento de manera equitativa y sostenible, mientras que el segundo se orienta a fomentar el bienestar integral de todos los dominicanos.<\/p>\n\n\n\n<p>Durante las discusiones llevadas a cabo en el Cibao, se abordaron temas clave como la inversi\u00f3n y diversificaci\u00f3n econ\u00f3mica, la productividad y la competitividad empresarial, el sector el\u00e9ctrico y las pol\u00edticas fiscales del pa\u00eds.<\/p>\n\n\n\n<p>Adem\u00e1s, se exploraron asuntos relacionados con el empleo y la seguridad social, la educaci\u00f3n, la salud, la vivienda y la infraestructura.<\/p>\n\n\n\n<p>El compromiso y la colaboraci\u00f3n activa de los l\u00edderes empresariales del norte del pa\u00eds en la D\u00e9cima Convenci\u00f3n Empresarial reflejan su determinaci\u00f3n de desempe\u00f1ar un papel fundamental en la construcci\u00f3n de un futuro pr\u00f3spero y sostenible para la Rep\u00fablica Dominicana.<\/p>\n","protected":false},"excerpt":{"rendered":"<p>Las propuestas ser\u00e1n presentadas a los candidatos presidenciales y al liderazgo nacional Santiago, 8 de octubre de 2023.- L\u00edderes empresariales de las 14 provincias de la regi\u00f3n norte se han&hellip; <\/p>\n","protected":false},"author":2,"featured_media":32853,"comment_status":"closed","ping_status":"closed","sticky":false,"template":"","format":"standard","meta":{"fifu_image_url":"","fifu_image_alt":"","footnotes":""},"categories":[83],"tags":[],"class_list":["post-32852","post","type-post","status-publish","format-standard","has-post-thumbnail","hentry","category-empresariales-empresariales"],"_links":{"self":[{"href":"https:\/\/elmundodelosnegocios.com.do\/v1\/wp-json\/wp\/v2\/posts\/32852","targetHints":{"allow":["GET"]}}],"collection":[{"href":"https:\/\/elmundodelosnegocios.com.do\/v1\/wp-json\/wp\/v2\/posts"}],"about":[{"href":"https:\/\/elmundodelosnegocios.com.do\/v1\/wp-json\/wp\/v2\/types\/post"}],"author":[{"embeddable":true,"href":"https:\/\/elmundodelosnegocios.com.do\/v1\/wp-json\/wp\/v2\/users\/2"}],"replies":[{"embeddable":true,"href":"https:\/\/elmundodelosnegocios.com.do\/v1\/wp-json\/wp\/v2\/comments?post=32852"}],"version-history":[{"count":0,"href":"https:\/\/elmundodelosnegocios.com.do\/v1\/wp-json\/wp\/v2\/posts\/32852\/revisions"}],"wp:featuredmedia":[{"embeddable":true,"href":"https:\/\/elmundodelosnegocios.com.do\/v1\/wp-json\/wp\/v2\/media\/32853"}],"wp:attachment":[{"href":"https:\/\/elmundodelosnegocios.com.do\/v1\/wp-json\/wp\/v2\/media?parent=32852"}],"wp:term":[{"taxonomy":"category","embeddable":true,"href":"https:\/\/elmundodelosnegocios.com.do\/v1\/wp-json\/wp\/v2\/categories?post=32852"},{"taxonomy":"post_tag","embeddable":true,"href":"https:\/\/elmundodelosnegocios.com.do\/v1\/wp-json\/wp\/v2\/tags?post=32852"}],"curies":[{"name":"wp","href":"https:\/\/api.w.org\/{rel}","templated":true}]}}