{"id":32862,"date":"2023-10-08T20:17:31","date_gmt":"2023-10-09T00:47:31","guid":{"rendered":"https:\/\/elmundodelosnegocios.com.do\/v1\/?p=32862"},"modified":"2023-10-08T20:17:33","modified_gmt":"2023-10-09T00:47:33","slug":"prodominicana-presenta-tercera-edicion-del-estudio-situacion-de-la-moda-en-rd-2023","status":"publish","type":"post","link":"https:\/\/elmundodelosnegocios.com.do\/v1\/prodominicana-presenta-tercera-edicion-del-estudio-situacion-de-la-moda-en-rd-2023\/","title":{"rendered":"ProDominicana\u00a0presenta tercera edici\u00f3n del estudio \u201cSituaci\u00f3n de la Moda en RD 2023\u201d"},"content":{"rendered":"\n<p>Santo Domingo. La directora ejecutiva del Centro de Exportaci\u00f3n e Inversi\u00f3n de la Rep\u00fablica Dominicana (ProDominicana), Biviana Riveiro, present\u00f3 los resultados del informe\u00a0<em>\u00abSituaci\u00f3n del sector Moda en la Rep\u00fablica Dominicana 2023\u00bb\u00a0<\/em>en los que se evidencia el crecimiento de los rubros que cubre esta importante industria de gran impacto en el desarrollo de la econom\u00eda naranja, el perfeccionamiento industrial cultural\u00a0. Este estudio tiene como objetivo analizar y comprender la industria de la moda\u00a0en RD.\u00a0y proporcionar orientaci\u00f3n para su estructuraci\u00f3n y expansi\u00f3n a nivel internacional. Los datos fueron dados a conocer en el marco de la celebraci\u00f3n del RD Fashion Week 2023.<\/p>\n\n\n\n<figure class=\"wp-block-image size-large\"><img loading=\"lazy\" decoding=\"async\" width=\"1024\" height=\"683\" src=\"https:\/\/elmundodelosnegocios.com.do\/v1\/wp-content\/uploads\/2023\/10\/Biviana-Riveiro-D.-Directora-Ejecutiva-ProDominicana-1024x683.jpg\" alt=\"\" class=\"wp-image-32863\" srcset=\"https:\/\/elmundodelosnegocios.com.do\/v1\/wp-content\/uploads\/2023\/10\/Biviana-Riveiro-D.-Directora-Ejecutiva-ProDominicana-1024x683.jpg 1024w, https:\/\/elmundodelosnegocios.com.do\/v1\/wp-content\/uploads\/2023\/10\/Biviana-Riveiro-D.-Directora-Ejecutiva-ProDominicana-300x200.jpg 300w, https:\/\/elmundodelosnegocios.com.do\/v1\/wp-content\/uploads\/2023\/10\/Biviana-Riveiro-D.-Directora-Ejecutiva-ProDominicana-768x512.jpg 768w, https:\/\/elmundodelosnegocios.com.do\/v1\/wp-content\/uploads\/2023\/10\/Biviana-Riveiro-D.-Directora-Ejecutiva-ProDominicana-1536x1024.jpg 1536w, https:\/\/elmundodelosnegocios.com.do\/v1\/wp-content\/uploads\/2023\/10\/Biviana-Riveiro-D.-Directora-Ejecutiva-ProDominicana-2048x1365.jpg 2048w\" sizes=\"auto, (max-width: 1024px) 100vw, 1024px\" \/><figcaption class=\"wp-element-caption\">Biviana Riveiro D., Directora Ejecutiva ProDominicana<\/figcaption><\/figure>\n\n\n\n<p>En su presentaci\u00f3n, la directora ejecutiva de ProDominicana destac\u00f3 el compromiso de la agencia en apoyar activamente al sector exportador dominicano, desempe\u00f1ando un papel crucial en su crecimiento y penetraci\u00f3n en los mercados internacionales.<\/p>\n\n\n\n<p>Riveiro indic\u00f3 que,\u00a0<em>\u201cProDominicana ofrece diversos servicios, incluyendo la promoci\u00f3n activa en el extranjero para facilitar el acceso de las empresas dominicanas a nuevos mercados y oportunidades comerciales. Adem\u00e1s, la agencia se enfoca en realizar an\u00e1lisis e investigaciones de mercado exhaustivos, proporcionando datos valiosos que permiten a las empresas tomar decisiones estrat\u00e9gicas e informadas para sus exportaciones. Agreg\u00f3 que desde ProDominicana intensificar\u00e1 los esfuerzos para internacionalizar las propuestas de dise\u00f1adores y productores de moda dominicanos, reconociendo el potencial y el valor creativo del talento local reflejado en estos productos\u201d.<\/em><\/p>\n\n\n\n<p><strong><em>Situaci\u00f3n de las exportaciones del sector moda en RD<\/em><\/strong><\/p>\n\n\n\n<p>El sector se recupera superando los valores prepandemia, llegando a su hito hist\u00f3rico. Las partidas del sector representan el 14.2% del total del valor exportado por el pa\u00eds en el 2022, para un monto de US$1,954.2 millones.<\/p>\n\n\n\n<p>De las 592 empresas exportadoras\u00a0detectadas, 186 son microempresas lo que equivale a un 31% del total. Las peque\u00f1as empresas representan un 12.2% de las exportaciones para un total de 72 compa\u00f1\u00edas instaladas en el pa\u00eds. En cuanto a las empresas grandes existen 66, acumulando un 11%1. De igual forma, las medianas acumulan el 8.8% para un total de 52 compa\u00f1\u00edas de moda instaladas en la Rep\u00fablica Dominicana.<\/p>\n\n\n\n<p>Dentro de los principales pa\u00edses de destinos de las exportaciones de productos de moda de origen dominicano se encuentran: Estados Unidos, contando con un 87.4% del total de exportaciones, luego se encuentra Hait\u00ed con un 6.79%, le siguen Nicaragua, Pa\u00edses Bajos, Puerto Rico, Canad\u00e1, y Reino Unido.<\/p>\n\n\n\n<p>Es importante resaltar que, los principales productos exportados de la industria de la moda en el r\u00e9gimen nacional se encuentran: T-shirts y camisetas de punto de algod\u00f3n US$5.3 millones, representando un 23%, cintos, cinturones y bandoleras de cuero natural y regenerado US$2 millones, acumulando un 9%, art\u00edculos de joyer\u00eda y sus partes, de metales preciosos US$1.9 millones (9%), camisas de punto de algod\u00f3n para hombres y ni\u00f1os US$1.1 millones (5%).<\/p>\n\n\n\n<p>Riveiro finaliz\u00f3 indicando que&nbsp;<em>\u201c<\/em><em>Se estima que a nivel mundial este tipo de econom\u00eda es responsable de cerca de un 3% del PIB con un impacto de m\u00e1s de 25 millones de empleos creados a nivel global.&nbsp;&nbsp;<\/em><em>Asimismo,&nbsp;<\/em><em>seg\u00fan la UNESCO, para los pr\u00f3ximos 10 a\u00f1os (2030-2035), la econom\u00eda creativa tendr\u00eda una expansi\u00f3n de un 40% y como valor agregado un incremento de los empleos en este tipo de actividad productiva\u201d.<\/em><\/p>\n","protected":false},"excerpt":{"rendered":"<p>Santo Domingo. La directora ejecutiva del Centro de Exportaci\u00f3n e Inversi\u00f3n de la Rep\u00fablica Dominicana (ProDominicana), Biviana Riveiro, present\u00f3 los resultados del informe\u00a0\u00abSituaci\u00f3n del sector Moda en la Rep\u00fablica Dominicana&hellip; <\/p>\n","protected":false},"author":2,"featured_media":32863,"comment_status":"closed","ping_status":"closed","sticky":false,"template":"","format":"standard","meta":{"fifu_image_url":"","fifu_image_alt":"","footnotes":""},"categories":[147],"tags":[],"class_list":["post-32862","post","type-post","status-publish","format-standard","has-post-thumbnail","hentry","category-comercio"],"_links":{"self":[{"href":"https:\/\/elmundodelosnegocios.com.do\/v1\/wp-json\/wp\/v2\/posts\/32862","targetHints":{"allow":["GET"]}}],"collection":[{"href":"https:\/\/elmundodelosnegocios.com.do\/v1\/wp-json\/wp\/v2\/posts"}],"about":[{"href":"https:\/\/elmundodelosnegocios.com.do\/v1\/wp-json\/wp\/v2\/types\/post"}],"author":[{"embeddable":true,"href":"https:\/\/elmundodelosnegocios.com.do\/v1\/wp-json\/wp\/v2\/users\/2"}],"replies":[{"embeddable":true,"href":"https:\/\/elmundodelosnegocios.com.do\/v1\/wp-json\/wp\/v2\/comments?post=32862"}],"version-history":[{"count":0,"href":"https:\/\/elmundodelosnegocios.com.do\/v1\/wp-json\/wp\/v2\/posts\/32862\/revisions"}],"wp:featuredmedia":[{"embeddable":true,"href":"https:\/\/elmundodelosnegocios.com.do\/v1\/wp-json\/wp\/v2\/media\/32863"}],"wp:attachment":[{"href":"https:\/\/elmundodelosnegocios.com.do\/v1\/wp-json\/wp\/v2\/media?parent=32862"}],"wp:term":[{"taxonomy":"category","embeddable":true,"href":"https:\/\/elmundodelosnegocios.com.do\/v1\/wp-json\/wp\/v2\/categories?post=32862"},{"taxonomy":"post_tag","embeddable":true,"href":"https:\/\/elmundodelosnegocios.com.do\/v1\/wp-json\/wp\/v2\/tags?post=32862"}],"curies":[{"name":"wp","href":"https:\/\/api.w.org\/{rel}","templated":true}]}}