{"id":33066,"date":"2023-10-10T11:05:47","date_gmt":"2023-10-10T15:35:47","guid":{"rendered":"https:\/\/elmundodelosnegocios.com.do\/v1\/?p=33066"},"modified":"2023-10-10T11:05:49","modified_gmt":"2023-10-10T15:35:49","slug":"instituciones-premiaran-samana-sostenibilidad-turistica-empresarial","status":"publish","type":"post","link":"https:\/\/elmundodelosnegocios.com.do\/v1\/instituciones-premiaran-samana-sostenibilidad-turistica-empresarial\/","title":{"rendered":"Instituciones premiar\u00e1n Saman\u00e1 Sostenibilidad Tur\u00edstica Empresarial"},"content":{"rendered":"\n<p><strong>Saman\u00e1,&nbsp;<\/strong>Rep\u00fablica Dominicana, Octubre 2023.-&nbsp;Con el objetivo de fomentar la adopci\u00f3n de pr\u00e1cticas responsables por parte de las empresas, comunidades locales y actores involucrados en la industria tur\u00edstica, y convertir a la provincia en un referente internacional de turismo sostenible, el Cl\u00faster Tur\u00edstico de Saman\u00e1 y la Asociaci\u00f3n de Hoteles y Empresas Tur\u00edsticas de Saman\u00e1 (AHETSA), con el apoyo de la Cooperaci\u00f3n Alemana para el Desarrollo, GIZ; crearon el premio a la Sostenibilidad Tur\u00edstica Empresarial de Saman\u00e1.<\/p>\n\n\n\n<figure class=\"wp-block-image size-large\"><img loading=\"lazy\" decoding=\"async\" width=\"1024\" height=\"681\" src=\"https:\/\/elmundodelosnegocios.com.do\/v1\/wp-content\/uploads\/2023\/10\/1-6-2-1024x681.jpg\" alt=\"\" class=\"wp-image-33067\" srcset=\"https:\/\/elmundodelosnegocios.com.do\/v1\/wp-content\/uploads\/2023\/10\/1-6-2-1024x681.jpg 1024w, https:\/\/elmundodelosnegocios.com.do\/v1\/wp-content\/uploads\/2023\/10\/1-6-2-300x199.jpg 300w, https:\/\/elmundodelosnegocios.com.do\/v1\/wp-content\/uploads\/2023\/10\/1-6-2-768x511.jpg 768w, https:\/\/elmundodelosnegocios.com.do\/v1\/wp-content\/uploads\/2023\/10\/1-6-2.jpg 1125w\" sizes=\"auto, (max-width: 1024px) 100vw, 1024px\" \/><\/figure>\n\n\n\n<p>La iniciativa busca reconocer a grandes, medianas, micro y peque\u00f1as empresas que realicen iniciativas y pr\u00e1cticas sobresalientes y demuestren un compromiso con la sostenibilidad ambiental, social y econ\u00f3mica de la provincia, con una participaci\u00f3n directa o indirecta en la cadena de valor tur\u00edstica.<\/p>\n\n\n\n<p>Para que una empresa sea considerada como postulante al premio, deber\u00e1 cumplir una serie de t\u00e9rminos y condiciones a saber, entre los que se destacan: ser miembro activo del Cl\u00faster Tur\u00edstico de Saman\u00e1 y AHETSA, tener cumplimiento de normativas m\u00ednimas de Rep. Dominicana, presentar un video de postulaci\u00f3n de m\u00e1ximo un minuto donde manifieste su motivaci\u00f3n a participar del reconocimiento, entre otros.<\/p>\n\n\n\n<p>Adicionalmente, las empresas deber\u00e1n cumplir con una serie de criterios t\u00e9cnicos en las \u00e1reas de compras y cadena de suministro, instalaciones de equipo t\u00e9cnico y manejo de residuos, informaci\u00f3n a turistas, estrategia-gesti\u00f3n ambiental y sensibilizaci\u00f3n.<\/p>\n\n\n\n<p>Para participar, las empresas deber\u00e1n leer los t\u00e9rminos y condiciones del premio y completar un formulario en l\u00ednea disponible&nbsp;<a href=\"https:\/\/forms.gle\/5J5LBVzisqm3GgqK7\" target=\"_blank\" rel=\"noreferrer noopener\"><strong>AQUI<\/strong><\/a>&nbsp;hasta el 18 de octubre. Una vez completado el formulario las empresas deber\u00e1n notificar su participaci\u00f3n v\u00eda tel\u00e9fono (mensaje o llamada) a: Fanny Jones (809) 697-7462 o Persy Cortorreal (809) 258-6525.<\/p>\n\n\n<div class=\"wp-block-image\">\n<figure class=\"aligncenter size-large\"><img loading=\"lazy\" decoding=\"async\" width=\"819\" height=\"1024\" src=\"https:\/\/elmundodelosnegocios.com.do\/v1\/wp-content\/uploads\/2023\/10\/1-5-5-819x1024.jpg\" alt=\"\" class=\"wp-image-33068\" srcset=\"https:\/\/elmundodelosnegocios.com.do\/v1\/wp-content\/uploads\/2023\/10\/1-5-5-819x1024.jpg 819w, https:\/\/elmundodelosnegocios.com.do\/v1\/wp-content\/uploads\/2023\/10\/1-5-5-240x300.jpg 240w, https:\/\/elmundodelosnegocios.com.do\/v1\/wp-content\/uploads\/2023\/10\/1-5-5-768x960.jpg 768w, https:\/\/elmundodelosnegocios.com.do\/v1\/wp-content\/uploads\/2023\/10\/1-5-5.jpg 1125w\" sizes=\"auto, (max-width: 819px) 100vw, 819px\" \/><\/figure>\n<\/div>\n\n\n<p>Se premiar\u00e1n un total de tres empresas, una por categor\u00eda. Las empresas ganadoras ser\u00e1n anunciadas durante el&nbsp;<strong>IX Encuentro Anual para el Desarrollo Tur\u00edstico de Saman\u00e1,&nbsp;<\/strong>organizado por el Cl\u00faster Tur\u00edstico de Saman\u00e1 y la Asociaci\u00f3n de Hoteles y Empresas Tur\u00edsticas (AHETSA) que ser\u00e1 celebrado el 20 de noviembre de 2023.<\/p>\n\n\n\n<p>El premio de Sostenibilidad Tur\u00edstica de Saman\u00e1 es una iniciativa que se enmarca en las acciones que realiza el comit\u00e9 de sostenibilidad del Cl\u00faster Tur\u00edstico de Saman\u00e1 desde 2021 con el apoyo de la GIZ a trav\u00e9s de sus programas Biodiversidad y Negocios en Centroam\u00e9rica y Rep\u00fablica Dominicana y Caribe Circular.<\/p>\n","protected":false},"excerpt":{"rendered":"<p>Saman\u00e1,&nbsp;Rep\u00fablica Dominicana, Octubre 2023.-&nbsp;Con el objetivo de fomentar la adopci\u00f3n de pr\u00e1cticas responsables por parte de las empresas, comunidades locales y actores involucrados en la industria tur\u00edstica, y convertir a&hellip; <\/p>\n","protected":false},"author":2,"featured_media":33067,"comment_status":"closed","ping_status":"closed","sticky":false,"template":"","format":"standard","meta":{"fifu_image_url":"","fifu_image_alt":"","footnotes":""},"categories":[172],"tags":[],"class_list":["post-33066","post","type-post","status-publish","format-standard","has-post-thumbnail","hentry","category-turismo"],"_links":{"self":[{"href":"https:\/\/elmundodelosnegocios.com.do\/v1\/wp-json\/wp\/v2\/posts\/33066","targetHints":{"allow":["GET"]}}],"collection":[{"href":"https:\/\/elmundodelosnegocios.com.do\/v1\/wp-json\/wp\/v2\/posts"}],"about":[{"href":"https:\/\/elmundodelosnegocios.com.do\/v1\/wp-json\/wp\/v2\/types\/post"}],"author":[{"embeddable":true,"href":"https:\/\/elmundodelosnegocios.com.do\/v1\/wp-json\/wp\/v2\/users\/2"}],"replies":[{"embeddable":true,"href":"https:\/\/elmundodelosnegocios.com.do\/v1\/wp-json\/wp\/v2\/comments?post=33066"}],"version-history":[{"count":0,"href":"https:\/\/elmundodelosnegocios.com.do\/v1\/wp-json\/wp\/v2\/posts\/33066\/revisions"}],"wp:featuredmedia":[{"embeddable":true,"href":"https:\/\/elmundodelosnegocios.com.do\/v1\/wp-json\/wp\/v2\/media\/33067"}],"wp:attachment":[{"href":"https:\/\/elmundodelosnegocios.com.do\/v1\/wp-json\/wp\/v2\/media?parent=33066"}],"wp:term":[{"taxonomy":"category","embeddable":true,"href":"https:\/\/elmundodelosnegocios.com.do\/v1\/wp-json\/wp\/v2\/categories?post=33066"},{"taxonomy":"post_tag","embeddable":true,"href":"https:\/\/elmundodelosnegocios.com.do\/v1\/wp-json\/wp\/v2\/tags?post=33066"}],"curies":[{"name":"wp","href":"https:\/\/api.w.org\/{rel}","templated":true}]}}