{"id":33100,"date":"2023-10-11T20:57:23","date_gmt":"2023-10-12T01:27:23","guid":{"rendered":"https:\/\/elmundodelosnegocios.com.do\/v1\/?p=33100"},"modified":"2023-10-11T20:57:24","modified_gmt":"2023-10-12T01:27:24","slug":"recibe-mercasid-maximo-galardon-xxxvii-edicion-premios-excelencia-exportadora-adoexpo","status":"publish","type":"post","link":"https:\/\/elmundodelosnegocios.com.do\/v1\/recibe-mercasid-maximo-galardon-xxxvii-edicion-premios-excelencia-exportadora-adoexpo\/","title":{"rendered":"Recibe MercaSid m\u00e1ximo galard\u00f3n XXXVII edici\u00f3n premios Excelencia Exportadora ADOEXPO"},"content":{"rendered":"\n<p><strong>Santo Doming<\/strong>o, R. D.- Octubre 11, 2023.- La Asociaci\u00f3n Dominicana de Exportadores (Adoexpo) reconoci\u00f3 a Mercasid como el \u201cGran Exportador\u201d, m\u00e1ximo galard\u00f3n de la XXXVII edici\u00f3n de los premios a la Excelencia Exportadora 2023, que exaltan a las empresas que llevan ese sello de calidad nacional por el mundo y que se esfuerzan para que el pa\u00eds, sus productos y servicios sean valorados como el motor de desarrollo econ\u00f3mico y avance social.<\/p>\n\n\n\n<figure class=\"wp-block-image size-large\"><img loading=\"lazy\" decoding=\"async\" width=\"1024\" height=\"683\" src=\"http:\/\/elmundodelosnegocios.com.do\/v1\/wp-content\/uploads\/2023\/10\/Foto-1-La-vicepresidenta-Raquel-Pena-el-ministro-Ito-Bisono-directivos-de-Adoexpo-y-los-premiados.-1024x683.jpeg\" alt=\"La vicepresidenta Raquel Pe\u00f1a, el ministro Ito Bison\u00f3, directivos de Adoexpo y los premiados.\" class=\"wp-image-33101\" srcset=\"https:\/\/elmundodelosnegocios.com.do\/v1\/wp-content\/uploads\/2023\/10\/Foto-1-La-vicepresidenta-Raquel-Pena-el-ministro-Ito-Bisono-directivos-de-Adoexpo-y-los-premiados.-1024x683.jpeg 1024w, https:\/\/elmundodelosnegocios.com.do\/v1\/wp-content\/uploads\/2023\/10\/Foto-1-La-vicepresidenta-Raquel-Pena-el-ministro-Ito-Bisono-directivos-de-Adoexpo-y-los-premiados.-300x200.jpeg 300w, https:\/\/elmundodelosnegocios.com.do\/v1\/wp-content\/uploads\/2023\/10\/Foto-1-La-vicepresidenta-Raquel-Pena-el-ministro-Ito-Bisono-directivos-de-Adoexpo-y-los-premiados.-768x512.jpeg 768w, https:\/\/elmundodelosnegocios.com.do\/v1\/wp-content\/uploads\/2023\/10\/Foto-1-La-vicepresidenta-Raquel-Pena-el-ministro-Ito-Bisono-directivos-de-Adoexpo-y-los-premiados.-1536x1024.jpeg 1536w, https:\/\/elmundodelosnegocios.com.do\/v1\/wp-content\/uploads\/2023\/10\/Foto-1-La-vicepresidenta-Raquel-Pena-el-ministro-Ito-Bisono-directivos-de-Adoexpo-y-los-premiados.-2048x1366.jpeg 2048w\" sizes=\"auto, (max-width: 1024px) 100vw, 1024px\" \/><figcaption class=\"wp-element-caption\">La vicepresidenta Raquel Pe\u00f1a, el ministro Ito Bison\u00f3, directivos de Adoexpo y los premiados.<\/figcaption><\/figure>\n\n\n\n<p>La ceremonia se sostuvo este mi\u00e9rcoles en el marco de un almuerzo realizado en el hotel El Embajador, encabezado por Raquel Pe\u00f1a, vicepresidenta de la Rep\u00fablica y cont\u00f3 con las palabras de Karel Castillo, presidente de la junta directiva de Adoexpo y V\u00edctor Bison\u00f3, ministro de Industria, Comercio y Mipymes.<\/p>\n\n\n\n<p>El presidente de Adoexpo, Karel Castillo, resalt\u00f3 el compromiso de quienes trabajan incansablemente para que los productos y servicios de la Rep\u00fablica Dominicana sean apreciados globalmente, siendo esta una de las misiones principales de la Adoexpo, que desde 1986 rinde homenaje a los exportadores.<\/p>\n\n\n\n<p>Sostuvo que las exportaciones nacionales incrementaron en aproximadamente 500 millones de d\u00f3lares el pasado a\u00f1o, lo que supone un aumento de un 5.3% en relaci\u00f3n al 2021, y lo atribuy\u00f3 al producto de la sinergia de los sectores p\u00fablico-privado.<\/p>\n\n\n\n<p>\u201cEs importante resaltar que este aumento estuvo empujado por los productos de la agricultura y el sector zona franca, sobre todo las exportaciones de art\u00edculos el\u00e9ctricos, joyer\u00eda, cacao en grano y de varillas de acero\u201d, precis\u00f3.<\/p>\n\n\n\n<p>Castillo se\u00f1al\u00f3 que \u201cen Adoexpo nos enorgullece estas cifras y de ser parte fundamental de la cultura exportadora que hemos construido durante m\u00e1s de cinco d\u00e9cadas, brindado apoyo al sector a trav\u00e9s de capacitaciones, asistencia t\u00e9cnica y an\u00e1lisis de mercado\u201d.<\/p>\n\n\n\n<p>El presidente de Adoexpo dijo que el pa\u00eds logr\u00f3 un progreso significativo en este camino, y que, sin embargo, no debemos perder de vista los desaf\u00edos que a\u00fan afrontamos, como la competencia se intensifica constantemente, y es crucial que seamos conscientes de la necesidad de continuar trabajando unidos sector p\u00fablico y privado para elevar los est\u00e1ndares de calidad para mantener y fortalecer el posicionamiento en los mercados internacionales.<\/p>\n\n\n\n<p>Felicit\u00f3 a las m\u00e1s de 40 empresas e instituciones que estaban nominadas a los premios a la Excelencia Exportadora 2023, explicando adem\u00e1s que cada d\u00eda m\u00e1s compa\u00f1\u00edas nacionales se esfuerzan incansablemente para llevar lo mejor de lo nuestro a los mercados internacionales.<\/p>\n\n\n\n<p>Por su lado, la vicepresidenta Raquel Pe\u00f1a expres\u00f3 que \u00abcomo gobierno, es de mucho agrado ser testigos de este reconocimiento que se entrega desde Adoexpo a la excelencia exportadora. Este rengl\u00f3n de la econom\u00eda dominicana es uno de los motores principales del crecimiento sostenible del pa\u00eds\u00bb.<\/p>\n\n\n\n<p>A\u00f1adi\u00f3 que, desde esa administraci\u00f3n, un objetivo central ha sido siempre acompa\u00f1ar a los exportadores promoviendo las empresas dominicanas activamente en el extranjero para facilitar el acceso a nuevos mercados y oportunidades comerciales.<br>\u201cEste gobierno ha sido consecuente con la meta de facilitar el comercio exterior, impulsando iniciativas muy poderosas como ha sido la creaci\u00f3n del Gabinete para el Desarrollo de las Exportaciones, con el objetivo de propiciar pol\u00edticas p\u00fablicas y estrategias tendentes al desarrollo, fomento y competitividad de las exportaciones\u201d, indic\u00f3.<br>La segunda mandataria de la Naci\u00f3n record\u00f3 que para lograr avances se necesita un contexto favorable y el apoyo del gobierno, y que precisamente este es el gran empe\u00f1o del presidente Luis Abinader.<br>Mientras que el ministro de Industria, Comercio y Mipymes, V\u00edctor Bison\u00f3, destac\u00f3 que \u201cpara el gobierno de nuestro presidente Luis Abinader, el sector exportador es prioridad.<br>Manifest\u00f3 que desde el Gabinete para el Desarrollo de las Exportaciones, se est\u00e1n propiciando pol\u00edticas y estrategias en favor del fomento de las exportaciones, tanto de bienes como de servicios.<\/p>\n\n\n\n<p><strong>Los galardonados:<\/strong><br>La empresa Mercasid recibi\u00f3 el m\u00e1ximo galard\u00f3n de \u201cGran Exportador\u201d; el premio \u201cIndustrial\u201d fue obtenido por Ron Barcel\u00f3; \u201cZona Franca\u201d a la Gildan Activewear Dominican Republic Textile Company; \u201cAgr\u00edcola\u201d a Cana Group Corporation; \u201cPyme\u201d a Laboratorio Capilo Espa\u00f1ol; \u201cServicio al sector exportador\u201d en el sector privado a Haina International Terminals (Hit), y en el sector p\u00fablico al Ministerio de Industria, Comercio Y Mipymes (Micm).<br>Asimismo, fueron galardonados en el rengl\u00f3n \u201cExcelencia Exportadora Servicios Modernos\u201d la compa\u00f1\u00eda Eprei, con la menci\u00f3n econom\u00eda naranja, y la empresa Dogame, en la menci\u00f3n \u201cTic\u201d.<br>Fueron premiados como \u201cServidor p\u00fablico\u201d Jaime Licairac, director de exportaci\u00f3n de Prodominicana, y como \u201cServidor p\u00fablico en el exterior\u201d Iv\u00e1n Ogando, embajador de la Rep\u00fablica Dominicana en B\u00e9lgica y la Uni\u00f3n Europea.<br>Mientras que en el rengl\u00f3n de \u201cMedios de comunicaci\u00f3n\u201d, Adoexpo reconoci\u00f3 a Diario Libre y a Alba Nely Familia, directora general de CDN, canal 37.<\/p>\n\n\n\n<p><strong>Patrocinadores e instituciones aliadas<\/strong>El Micm estuvo como co-organizadora de esta edici\u00f3n y como patrocinadores \u201cGran Exportador\u201d el Grupo Diesco, Haina International Terminals (Hit), Gerdau Metaldom, Rannik y Proindustria.<br>Los patrocinadores \u201cExportador\u201d fueron La Aurora, Grupo Bocel, la empresa DPH, Seadom y el Instituto Nacional de Formaci\u00f3n T\u00e9cnica Profesional (Infotep), mientras que como \u201cEmprendedor\u201d la compa\u00f1\u00eda Crowley, Domicem, Pasteurizadora Rica, Ageport, Seguros Reservas y Cervecer\u00eda Nacional Dominicana.<br>Mientras que en la categor\u00eda \u201cOro\u201d IMCA y Laboratorio Rowe, y en \u201cPlata\u201d BANDEX, Banco Lafise, Caribetrans SAS, Cemento Cibao, Fersan, INFOTEP, Kinnox, Mardom, Plastifar y Pasteurizadora Rica.<br>Son aliados Barcel\u00f3, Caf\u00e9 Santo Domingo, Oliver &amp; Oliver y los patrocinadores anuales, en la categor\u00eda \u201cplatino\u201d AFP Reservas, Corporaci\u00f3n Minera Dominicana (Cormidom), DP World, Falconbridge Dominicana (Falcondo), Grupo SID, Banco Popular Dominicano, Catojisa, Greenergy, INTECO y KPMG.<\/p>\n","protected":false},"excerpt":{"rendered":"<p>Santo Domingo, R. D.- Octubre 11, 2023.- La Asociaci\u00f3n Dominicana de Exportadores (Adoexpo) reconoci\u00f3 a Mercasid como el \u201cGran Exportador\u201d, m\u00e1ximo galard\u00f3n de la XXXVII edici\u00f3n de los premios a&hellip; <\/p>\n","protected":false},"author":2,"featured_media":33101,"comment_status":"closed","ping_status":"closed","sticky":false,"template":"","format":"standard","meta":{"fifu_image_url":"","fifu_image_alt":"","footnotes":""},"categories":[74],"tags":[],"class_list":["post-33100","post","type-post","status-publish","format-standard","has-post-thumbnail","hentry","category-comercio-internacional"],"_links":{"self":[{"href":"https:\/\/elmundodelosnegocios.com.do\/v1\/wp-json\/wp\/v2\/posts\/33100","targetHints":{"allow":["GET"]}}],"collection":[{"href":"https:\/\/elmundodelosnegocios.com.do\/v1\/wp-json\/wp\/v2\/posts"}],"about":[{"href":"https:\/\/elmundodelosnegocios.com.do\/v1\/wp-json\/wp\/v2\/types\/post"}],"author":[{"embeddable":true,"href":"https:\/\/elmundodelosnegocios.com.do\/v1\/wp-json\/wp\/v2\/users\/2"}],"replies":[{"embeddable":true,"href":"https:\/\/elmundodelosnegocios.com.do\/v1\/wp-json\/wp\/v2\/comments?post=33100"}],"version-history":[{"count":0,"href":"https:\/\/elmundodelosnegocios.com.do\/v1\/wp-json\/wp\/v2\/posts\/33100\/revisions"}],"wp:featuredmedia":[{"embeddable":true,"href":"https:\/\/elmundodelosnegocios.com.do\/v1\/wp-json\/wp\/v2\/media\/33101"}],"wp:attachment":[{"href":"https:\/\/elmundodelosnegocios.com.do\/v1\/wp-json\/wp\/v2\/media?parent=33100"}],"wp:term":[{"taxonomy":"category","embeddable":true,"href":"https:\/\/elmundodelosnegocios.com.do\/v1\/wp-json\/wp\/v2\/categories?post=33100"},{"taxonomy":"post_tag","embeddable":true,"href":"https:\/\/elmundodelosnegocios.com.do\/v1\/wp-json\/wp\/v2\/tags?post=33100"}],"curies":[{"name":"wp","href":"https:\/\/api.w.org\/{rel}","templated":true}]}}