{"id":33347,"date":"2023-10-19T06:36:50","date_gmt":"2023-10-19T11:06:50","guid":{"rendered":"https:\/\/elmundodelosnegocios.com.do\/v1\/?p=33347"},"modified":"2023-10-19T11:16:00","modified_gmt":"2023-10-19T15:46:00","slug":"valdez-albizu-pasa-revista-con-ejecutivos-de-scotiabank-a-la-evolucion-de-la-economia-dominicana-durante-2023-y-su-atractivo-para-el-exterior","status":"publish","type":"post","link":"https:\/\/elmundodelosnegocios.com.do\/v1\/valdez-albizu-pasa-revista-con-ejecutivos-de-scotiabank-a-la-evolucion-de-la-economia-dominicana-durante-2023-y-su-atractivo-para-el-exterior\/","title":{"rendered":"Gobernador Valdez Albizu se re\u00fane con ejecutivos Scotiabank tratar evoluci\u00f3n  econom\u00eda 2023 y atractivo para exterior"},"content":{"rendered":"\n<p>Los ejecutivos de la entidad financiera destacaron los beneficios que reporta para la inversi\u00f3n nacional y extranjera la estabilidad macroecon\u00f3mica y la certidumbre transmitida por el BCRD<\/p>\n\n\n\n<p>Santo Domingo, Rep\u00fablica Dominicana. El gobernador del Banco Central de la Rep\u00fablica Dominicana (BCRD), H\u00e9ctor Valdez Albizu, recibi\u00f3 la visita de altos ejecutivos de Scotiabank, en las personas de Francisco A. Aristeguieta, director de Grupo Banca Internacional, y Gonzalo Gil, gerente general en la Rep\u00fablica Dominicana.<\/p>\n\n\n<div class=\"wp-block-image\">\n<figure class=\"aligncenter size-full\"><img loading=\"lazy\" decoding=\"async\" width=\"848\" height=\"410\" src=\"https:\/\/elmundodelosnegocios.com.do\/v1\/wp-content\/uploads\/2023\/10\/bc20231016-2.jpg\" alt=\"\" class=\"wp-image-33348\" srcset=\"https:\/\/elmundodelosnegocios.com.do\/v1\/wp-content\/uploads\/2023\/10\/bc20231016-2.jpg 848w, https:\/\/elmundodelosnegocios.com.do\/v1\/wp-content\/uploads\/2023\/10\/bc20231016-2-300x145.jpg 300w, https:\/\/elmundodelosnegocios.com.do\/v1\/wp-content\/uploads\/2023\/10\/bc20231016-2-768x371.jpg 768w\" sizes=\"auto, (max-width: 848px) 100vw, 848px\" \/><\/figure>\n<\/div>\n\n\n<p>Los ejecutivos de la entidad financiera expresaron al gobernador que el clima y la confianza que despierta la Rep\u00fablica Dominicana para la inversi\u00f3n local y la inversi\u00f3n extranjera directa (IED), conforman un escenario valorado por importantes corporaciones como el mismo Scotiabank, interesado en afianzar y expandir sus operaciones en el pa\u00eds, a la vista de un mercado creciente que est\u00e1 abriendo nuevas oportunidades para la creaci\u00f3n de novedosos productos financieros.<\/p>\n\n\n<div class=\"wp-block-image\">\n<figure class=\"aligncenter size-full\"><img loading=\"lazy\" decoding=\"async\" width=\"848\" height=\"410\" src=\"https:\/\/elmundodelosnegocios.com.do\/v1\/wp-content\/uploads\/2023\/10\/bc20231016.jpg\" alt=\"\" class=\"wp-image-33349\" srcset=\"https:\/\/elmundodelosnegocios.com.do\/v1\/wp-content\/uploads\/2023\/10\/bc20231016.jpg 848w, https:\/\/elmundodelosnegocios.com.do\/v1\/wp-content\/uploads\/2023\/10\/bc20231016-300x145.jpg 300w, https:\/\/elmundodelosnegocios.com.do\/v1\/wp-content\/uploads\/2023\/10\/bc20231016-768x371.jpg 768w\" sizes=\"auto, (max-width: 848px) 100vw, 848px\" \/><\/figure>\n<\/div>\n\n\n<p>De su lado, el gobernador Valdez Albizu se\u00f1al\u00f3 que los pilares fundamentales de esa confianza tienen basamento en un clima de certidumbre, paz social, seguridad jur\u00eddica y estabilidad de la pol\u00edtica monetaria reflejada en sus indicadores, lo cual fue ratificado por los ejecutivos, quienes resaltaron a la certidumbre que transmite el BCRD como el eje transversal de los avances econ\u00f3micos que producen en el pa\u00eds.<\/p>\n\n\n\n<p>El gobernador explic\u00f3 que, pese al clima de inestabilidad internacional provocado por el conflicto b\u00e9lico entre Rusia y Ucrania, y a diversos factores que inciden en escaladas de precios globales, el \u00edndice de precios al consumidor (IPC) en Rep\u00fablica Dominicana experiment\u00f3 una variaci\u00f3n mensual de 0.52 % en el mes de agosto de 2023, y que, con este resultado, la inflaci\u00f3n interanual, medida desde agosto de 2022 hasta agosto de 2023, se ubic\u00f3 en 4.27 %, manteni\u00e9ndose dentro del rango meta de 4.0 % \u00b1 1.0 %, lo que se espera contin\u00fae as\u00ed hasta final de a\u00f1o.<\/p>\n\n\n\n<p>Este comportamiento de la inflaci\u00f3n, junto a otros elementos que confirman un clima de estabilidad, ha permitido que el Banco Central mantuviera su tasa de inter\u00e9s de pol\u00edtica monetaria (TPM) en 7.50 % anual.<\/p>\n\n\n\n<p>Valdez Albizu confirm\u00f3 la situaci\u00f3n favorable para la inversi\u00f3n en RD se\u00f1alando que el indicador mensual de actividad econ\u00f3mica (IMAE) registr\u00f3 una expansi\u00f3n de 2.0 % interanual en el mes agosto, acumulando un crecimiento promedio de 1.5 % en los primeros ocho meses de 2023.<\/p>\n\n\n\n<p>Agreg\u00f3 que \u201ces importante destacar el comportamiento positivo del sector hoteles, bares y restaurantes, as\u00ed como la mejor\u00eda de sectores como construcci\u00f3n y agropecuaria. Para el resto del a\u00f1o, se espera un mayor dinamismo de la actividad econ\u00f3mica, apoyado en la implementaci\u00f3n de las medidas de est\u00edmulo monetario, una mayor inversi\u00f3n p\u00fablica proyectada, el empuje sostenido del turismo, y la inversi\u00f3n extranjera directa, que se estima alcance los US$ 4 mil millones de d\u00f3lares, similar al a\u00f1o pasado\u201d.<\/p>\n\n\n\n<p>Asimismo, les indic\u00f3 que se prolongar\u00e1 la estabilidad del peso dominicano en el mercado cambiario, y que, como resultado de las medidas de flexibilizaci\u00f3n, se observa un mayor crecimiento de los agregados monetarios, que se expanden a tasas significativamente superiores a la del producto interno bruto (PIB) nominal.<\/p>\n\n\n\n<p>Los ejecutivos de Scotiabank manifestaron al gobernador la intenci\u00f3n de la corporaci\u00f3n de ampliar y expandir sus actividades financieras en la Rep\u00fablica Dominicana, al considerar a nuestro pa\u00eds como el m\u00e1s ventajoso en perspectivas actuales y futuras de la regi\u00f3n, en b\u00fasqueda de posiciones de liderazgo mediante la diversidad de sus productos en el mercado.<\/p>\n\n\n\n<p>A su vez, expresaron su inter\u00e9s en fortalecer sus relaciones con el Banco Central, por considerar ese v\u00ednculo como estrat\u00e9gico de cara a la toma de decisiones futuras.<\/p>\n\n\n\n<p>El gobernador estuvo acompa\u00f1ado del gerente, Ervin Novas Bello, y del subgerente de Pol\u00edticas Monetaria, Cambiaria y Financiera, Joel Tejeda.<\/p>\n","protected":false},"excerpt":{"rendered":"<p>Los ejecutivos de la entidad financiera destacaron los beneficios que reporta para la inversi\u00f3n nacional y extranjera la estabilidad macroecon\u00f3mica y la certidumbre transmitida por el BCRD Santo Domingo, Rep\u00fablica&hellip; <\/p>\n","protected":false},"author":2,"featured_media":33348,"comment_status":"closed","ping_status":"closed","sticky":false,"template":"","format":"standard","meta":{"fifu_image_url":"","fifu_image_alt":"","footnotes":""},"categories":[180],"tags":[],"class_list":["post-33347","post","type-post","status-publish","format-standard","has-post-thumbnail","hentry","category-banca"],"_links":{"self":[{"href":"https:\/\/elmundodelosnegocios.com.do\/v1\/wp-json\/wp\/v2\/posts\/33347","targetHints":{"allow":["GET"]}}],"collection":[{"href":"https:\/\/elmundodelosnegocios.com.do\/v1\/wp-json\/wp\/v2\/posts"}],"about":[{"href":"https:\/\/elmundodelosnegocios.com.do\/v1\/wp-json\/wp\/v2\/types\/post"}],"author":[{"embeddable":true,"href":"https:\/\/elmundodelosnegocios.com.do\/v1\/wp-json\/wp\/v2\/users\/2"}],"replies":[{"embeddable":true,"href":"https:\/\/elmundodelosnegocios.com.do\/v1\/wp-json\/wp\/v2\/comments?post=33347"}],"version-history":[{"count":0,"href":"https:\/\/elmundodelosnegocios.com.do\/v1\/wp-json\/wp\/v2\/posts\/33347\/revisions"}],"wp:featuredmedia":[{"embeddable":true,"href":"https:\/\/elmundodelosnegocios.com.do\/v1\/wp-json\/wp\/v2\/media\/33348"}],"wp:attachment":[{"href":"https:\/\/elmundodelosnegocios.com.do\/v1\/wp-json\/wp\/v2\/media?parent=33347"}],"wp:term":[{"taxonomy":"category","embeddable":true,"href":"https:\/\/elmundodelosnegocios.com.do\/v1\/wp-json\/wp\/v2\/categories?post=33347"},{"taxonomy":"post_tag","embeddable":true,"href":"https:\/\/elmundodelosnegocios.com.do\/v1\/wp-json\/wp\/v2\/tags?post=33347"}],"curies":[{"name":"wp","href":"https:\/\/api.w.org\/{rel}","templated":true}]}}