{"id":33367,"date":"2023-10-19T07:09:19","date_gmt":"2023-10-19T11:39:19","guid":{"rendered":"https:\/\/elmundodelosnegocios.com.do\/v1\/?p=33367"},"modified":"2023-10-19T07:09:21","modified_gmt":"2023-10-19T11:39:21","slug":"mastologa-resalta-impacto-de-cancer-de-mama-en-el-embarazo","status":"publish","type":"post","link":"https:\/\/elmundodelosnegocios.com.do\/v1\/mastologa-resalta-impacto-de-cancer-de-mama-en-el-embarazo\/","title":{"rendered":"Mast\u00f3loga resalta impacto de c\u00e1ncer de mama en el embarazo"},"content":{"rendered":"\n<p>&#8211;&nbsp;&nbsp;&nbsp;&nbsp;&nbsp;&nbsp;&nbsp;&nbsp;<em>Especialista agrega importancia del diagn\u00f3stico tanto en mujeres como en hombres<\/em><\/p>\n\n\n\n<p>&#8211;&nbsp;&nbsp;&nbsp;&nbsp;&nbsp;&nbsp;&nbsp;<em>Existen estudios para detectar genes anormales de c\u00e1ncer de mama<\/em><\/p>\n\n\n\n<p><strong>SANTO&nbsp;<\/strong><strong>DOMINGO<\/strong>.- En el marco del D\u00eda Internacional de lucha contra el C\u00e1ncer de Mama la mast\u00f3loga del Centro M\u00e9dico de Diabetes, Obesidad y Especialidades (CEMDOE) Anjelina Taveras destac\u00f3 que este afecta 1 de cada 3000 mujeres embarazadas y que, dada la congesti\u00f3n natural de los senos de una mujer gestante, se dificulta la detecci\u00f3n de masas aisladas y el diagn\u00f3stico temprano del c\u00e1ncer de mama.<\/p>\n\n\n<div class=\"wp-block-image\">\n<figure class=\"aligncenter size-large\"><img loading=\"lazy\" decoding=\"async\" width=\"1024\" height=\"855\" src=\"https:\/\/elmundodelosnegocios.com.do\/v1\/wp-content\/uploads\/2023\/10\/Dr.-Anjelina-Taveras-1024x855.jpg\" alt=\"\" class=\"wp-image-33368\" srcset=\"https:\/\/elmundodelosnegocios.com.do\/v1\/wp-content\/uploads\/2023\/10\/Dr.-Anjelina-Taveras-1024x855.jpg 1024w, https:\/\/elmundodelosnegocios.com.do\/v1\/wp-content\/uploads\/2023\/10\/Dr.-Anjelina-Taveras-300x250.jpg 300w, https:\/\/elmundodelosnegocios.com.do\/v1\/wp-content\/uploads\/2023\/10\/Dr.-Anjelina-Taveras-768x641.jpg 768w, https:\/\/elmundodelosnegocios.com.do\/v1\/wp-content\/uploads\/2023\/10\/Dr.-Anjelina-Taveras-1536x1282.jpg 1536w, https:\/\/elmundodelosnegocios.com.do\/v1\/wp-content\/uploads\/2023\/10\/Dr.-Anjelina-Taveras.jpg 1648w\" sizes=\"auto, (max-width: 1024px) 100vw, 1024px\" \/><figcaption class=\"wp-element-caption\">Dr. Anjelina Taveras<\/figcaption><\/figure>\n<\/div>\n\n\n<p>\u00abComo cada vez nos encontramos con mas mujeres que postergan la maternidad. Sin embargo, en la actualidad se conocen mucho mejor los efectos secundarios que pueden lesionar al feto, y la mujer embarazada puede recibir tratamiento satisfactoriamente\u00bb, explic\u00f3.<\/p>\n\n\n\n<p>Detall\u00f3 que las metas de tratamiento del c\u00e1ncer de mama asociado al embarazo son las mismas que en la mujer no embarazada: control local del c\u00e1ncer y evitar la diseminaci\u00f3n a distancia, y que con un equipo multidisciplinario experimentado en tratamiento de embarazadas se puede lograr ambas metas, incluso suministrar quimioterapia luego de que el beb\u00e9 haya concluido la&nbsp;&nbsp;formaci\u00f3n de todos&nbsp;&nbsp;sus \u00f3rganos, con un impacto m\u00ednimo&nbsp;&nbsp;sobre su salud, dando as\u00ed opciones para que la mujer pueda proseguir con su embarazo sin perjudicar su salud por retrasar sus tratamientos de c\u00e1ncer.<\/p>\n\n\n\n<p><strong>Estudio para ver existencia de genes anormales<\/strong><\/p>\n\n\n\n<p>Asimismo, la especialista de CEMDOE record\u00f3 que existe un estudio para saber si hay un gen anormal que confiera m\u00e1s riesgo de padecer de c\u00e1ncer de mama, el cual se&nbsp;&nbsp;realiza tomando una muestra de sangre. Este se indica luego de una asesor\u00eda gen\u00e9tica puesto que no es una&nbsp;&nbsp;prueba para realizar a todo el mundo, pues, solo en el 5- 10% de los casos el c\u00e1ncer es originado a causa de un gen anormal.<\/p>\n\n\n\n<p>\u00abSi existen indicaciones especiales en mujeres j\u00f3venes que ya han sido diagnosticada con un c\u00e1ncer de mama, ya que, por ejemplo, en mutaciones del gen BRCA (que es el que m\u00e1s com\u00fanmente encontramos mutado) existen tratamientos espec\u00edficos del que la paciente mutada se puede beneficiar, y tambi\u00e9n se hace necesario conocer este dato para la recomendaciones subsiguientes, tanto de la paciente como de su familia directa si as\u00ed lo desea. Este est\u00e1 disponible para realizarse en nuestro pa\u00eds\u00bb, puntualiz\u00f3.<\/p>\n\n\n\n<p>Estas son la prueba gen\u00e9tica de BRCA 1 y BRCA 2 y el Panel gen\u00e9tico para riesgo de c\u00e1ncer de mama de 18 genes.<\/p>\n\n\n\n<p><strong>Alerta en hombres<\/strong><\/p>\n\n\n\n<p>La mast\u00f3loga de CEMDOE, centro de salud acreditado por la Joint Commission International (JCI), destac\u00f3 los hombres est\u00e1n menos atentos a la posibilidad de este tipo de c\u00e1ncer y pueden retrasar el diagn\u00f3stico hasta etapas avanzadas, siendo el s\u00edntoma m\u00e1s com\u00fan, en su caso, un bulto que no duele o una hinchaz\u00f3n detr\u00e1s del pez\u00f3n.<\/p>\n\n\n\n<p>Otros s\u00edntomas en los hombres pueden incluir secreci\u00f3n del pez\u00f3n o un bulto o engrosamiento en la axila. \u00abAunque el c\u00e1ncer de mama afecta a un hombre por cada 100 mujeres; debemos crear conciencia de que existe esta posibilidad de c\u00e1ncer de mama en el var\u00f3n,&nbsp;&nbsp;y se realiza tanto el diagn\u00f3stico, por medio de mamograf\u00eda, sonograf\u00eda de mamas y biopsia por aguja gruesa, as\u00ed como el tratamiento de la misma forma en ambos sexos.<\/p>\n\n\n\n<p><strong>Sobre CEMDOE<\/strong><strong><\/strong><\/p>\n\n\n\n<p>CEMDOE es una instituci\u00f3n m\u00e9dica ambulatoria enfocada en brindar una atenci\u00f3n integral, segura y de calidad, centrada en el paciente y su familia.Cuenta m\u00e1s de 45 especialidades, laboratorio cl\u00ednico, centro de im\u00e1genes de \u00faltima generaci\u00f3n, endoscop\u00eda, quir\u00f3fano polivalente, hemodi\u00e1lisis y un \u00e1rea especializada de pie diab\u00e9tico. La prestaci\u00f3n de los servicios est\u00e1 basada en procesos, est\u00e1ndares y pol\u00edticas internacionales que garantizan el \u00e9xito de su prop\u00f3sito.<\/p>\n","protected":false},"excerpt":{"rendered":"<p>&#8211;&nbsp;&nbsp;&nbsp;&nbsp;&nbsp;&nbsp;&nbsp;&nbsp;Especialista agrega importancia del diagn\u00f3stico tanto en mujeres como en hombres &#8211;&nbsp;&nbsp;&nbsp;&nbsp;&nbsp;&nbsp;&nbsp;Existen estudios para detectar genes anormales de c\u00e1ncer de mama SANTO&nbsp;DOMINGO.- En el marco del D\u00eda Internacional de lucha&hellip; <\/p>\n","protected":false},"author":2,"featured_media":33368,"comment_status":"closed","ping_status":"closed","sticky":false,"template":"","format":"standard","meta":{"fifu_image_url":"","fifu_image_alt":"","footnotes":""},"categories":[80],"tags":[],"class_list":["post-33367","post","type-post","status-publish","format-standard","has-post-thumbnail","hentry","category-salud"],"_links":{"self":[{"href":"https:\/\/elmundodelosnegocios.com.do\/v1\/wp-json\/wp\/v2\/posts\/33367","targetHints":{"allow":["GET"]}}],"collection":[{"href":"https:\/\/elmundodelosnegocios.com.do\/v1\/wp-json\/wp\/v2\/posts"}],"about":[{"href":"https:\/\/elmundodelosnegocios.com.do\/v1\/wp-json\/wp\/v2\/types\/post"}],"author":[{"embeddable":true,"href":"https:\/\/elmundodelosnegocios.com.do\/v1\/wp-json\/wp\/v2\/users\/2"}],"replies":[{"embeddable":true,"href":"https:\/\/elmundodelosnegocios.com.do\/v1\/wp-json\/wp\/v2\/comments?post=33367"}],"version-history":[{"count":0,"href":"https:\/\/elmundodelosnegocios.com.do\/v1\/wp-json\/wp\/v2\/posts\/33367\/revisions"}],"wp:featuredmedia":[{"embeddable":true,"href":"https:\/\/elmundodelosnegocios.com.do\/v1\/wp-json\/wp\/v2\/media\/33368"}],"wp:attachment":[{"href":"https:\/\/elmundodelosnegocios.com.do\/v1\/wp-json\/wp\/v2\/media?parent=33367"}],"wp:term":[{"taxonomy":"category","embeddable":true,"href":"https:\/\/elmundodelosnegocios.com.do\/v1\/wp-json\/wp\/v2\/categories?post=33367"},{"taxonomy":"post_tag","embeddable":true,"href":"https:\/\/elmundodelosnegocios.com.do\/v1\/wp-json\/wp\/v2\/tags?post=33367"}],"curies":[{"name":"wp","href":"https:\/\/api.w.org\/{rel}","templated":true}]}}