{"id":33444,"date":"2023-10-22T10:25:03","date_gmt":"2023-10-22T14:55:03","guid":{"rendered":"https:\/\/elmundodelosnegocios.com.do\/v1\/?p=33444"},"modified":"2023-10-22T10:25:05","modified_gmt":"2023-10-22T14:55:05","slug":"presidente-abinader-entrega-264-apartamentos-para-completar-1524-de-los-1760-proyectados-en-ciudad-modelo","status":"publish","type":"post","link":"https:\/\/elmundodelosnegocios.com.do\/v1\/presidente-abinader-entrega-264-apartamentos-para-completar-1524-de-los-1760-proyectados-en-ciudad-modelo\/","title":{"rendered":"Presidente Abinader entrega 264 apartamentos para completar 1,524 de los 1,760 proyectados en Ciudad Modelo"},"content":{"rendered":"\n<p>Santo Domingo.- Para continuar el impulso de&nbsp;<strong>pol\u00edticas p\u00fablicas<\/strong>&nbsp;que contribuyan a elevar la calidad de vida de la gente,&nbsp;<strong>el presidente Luis Abinader entreg\u00f3 este s\u00e1bado&nbsp;<\/strong>a igual n\u00famero de familias,&nbsp;<strong>264 apartamentos<\/strong>&nbsp;del proyecto&nbsp;<strong>Mi Vivienda Ciudad Modelo<\/strong>&nbsp;en Santo Domingo Norte, el cual en su totalidad beneficiar\u00e1 a m\u00e1s de&nbsp;<strong>6,000 personas<\/strong>.<\/p>\n\n\n\n<p>Esta es la&nbsp;<strong>cuarta inauguraci\u00f3n<\/strong>&nbsp;de nuevos apartamentos que el&nbsp;<strong>Ministerio de Vivienda y Edificaciones (Mived)<\/strong>&nbsp;ha realizado en el proyecto y a la fecha ha entregado&nbsp;<strong>1,524 de las 1,760 unidades<\/strong>&nbsp;que contempla Mi Vivienda Ciudad Modelo, equivalente a un&nbsp;<strong>86 %<\/strong>&nbsp;del total proyectado en el complejo habitacional.&nbsp;<\/p>\n\n\n<div class=\"wp-block-image\">\n<figure class=\"aligncenter size-large\"><img decoding=\"async\" src=\"https:\/\/presidencia.gob.do\/sites\/default\/files\/styles\/large\/public\/news\/2023-10\/WhatsApp%20Image%202023-10-21%20at%204.32.58%20PM%20%282%29.jpeg?itok=iLqrTn3C\" alt=\"\"\/><\/figure>\n<\/div>\n\n\n<p>En acto previo a la entrega de las nuevas unidades habitacionales, el mandatario, acompa\u00f1ado de la primera dama&nbsp;<strong>Raquel Arbaje<\/strong>&nbsp;y del ministro de Vivienda y Edificaciones,&nbsp;<strong>Carlos Bonilla<\/strong>, visit\u00f3 a&nbsp;<strong>una de las familias beneficiadas<\/strong>&nbsp;con estos apartamentos, con la cual convers\u00f3 y comparti\u00f3 un&nbsp;<strong>almuerzo<\/strong>.<\/p>\n\n\n<div class=\"wp-block-image\">\n<figure class=\"aligncenter\"><img decoding=\"async\" src=\"https:\/\/presidencia.gob.do\/sites\/default\/files\/inline-images\/WhatsApp%20Image%202023-10-21%20at%204.32.57%20PM.jpeg\" alt=\"\"\/><\/figure>\n<\/div>\n\n\n<p>El proyecto tiene una inversi\u00f3n que supera los&nbsp;<strong>RD 4,565 millones<\/strong>&nbsp;que dinamiza la econom\u00eda desde el sector de la construcci\u00f3n, con la creaci\u00f3n de&nbsp;<strong>casi 4,000 empleos directos e indirectos.&nbsp;<\/strong><\/p>\n\n\n\n<p>Durante el acto, el ministro Bonilla sostuvo que estos apartamentos, sumados a los entregados a nivel nacional, que son&nbsp;<strong>cerca de 6,000<\/strong>, representan una&nbsp;<strong>cifra hist\u00f3rica<\/strong>&nbsp;que ning\u00fan otro gobierno hab\u00eda entregado en tan poco tiempo.<\/p>\n\n\n\n<p><em>\u00abQuiero que sepan que el presidente Abinader no va a descansar hasta cumplir con la promesa de entregar bajo este proyecto 7,544 unidades que fue nuestra promesa, porque para nosotros cumplir con la palabra es casi una obsesi\u00f3n. Y todas estas realizaciones son posibles gracias a la voluntad de un presidente que ha invertido una cantidad de recursos hist\u00f3ricos para que estos proyectos sean una realidad\u00bb,<\/em>&nbsp;expres\u00f3 Bonilla.<\/p>\n\n\n<div class=\"wp-block-image\">\n<figure class=\"aligncenter\"><img decoding=\"async\" src=\"https:\/\/presidencia.gob.do\/sites\/default\/files\/inline-images\/WhatsApp%20Image%202023-10-21%20at%204.32.58%20PM%20%283%29.jpeg\" alt=\"\"\/><\/figure>\n<\/div>\n\n\n<p>En nombre de las familias beneficiadas habl\u00f3 la ni\u00f1a&nbsp;<strong>Keilyn Rojas Santiago<\/strong>, quien expres\u00f3 su&nbsp;<strong>agradecimiento al mandatario<\/strong>&nbsp;por permitir que su familia tenga su&nbsp;<strong>techo propio<\/strong>, el cual dijo que le encanta porque tiene hasta parques y \u00e1reas de recreaci\u00f3n para los ni\u00f1os.<\/p>\n\n\n\n<p>En tanto, el senador de la provincia Santo Domingo,&nbsp;<strong>Antonio Taveras<\/strong>, destac\u00f3 que la gesti\u00f3n de gobierno del presidente Abinader ha entendido muy bien la importancia que tiene para una familia tener un techo propio como&nbsp;<strong>derecho fundamental<\/strong>&nbsp;y afirm\u00f3 que ha hecho una revoluci\u00f3n en el \u00e1rea de viviendas.<\/p>\n\n\n\n<p>De manera simb\u00f3lica recibieron las llaves de sus apartamentos junto a sus familias: Ramona Tavera, Matilde G\u00f3mez, Marilanda Santana, \u00c1ngela Mar\u00eda Pi\u00f1eiro y Margarita Arias.<\/p>\n\n\n<div class=\"wp-block-image\">\n<figure class=\"aligncenter\"><img decoding=\"async\" src=\"https:\/\/presidencia.gob.do\/sites\/default\/files\/inline-images\/WhatsApp%20Image%202023-10-21%20at%204.32.57%20PM%20%283%29.jpeg\" alt=\"\"\/><\/figure>\n<\/div>\n\n\n<p>Mi Vivienda Ciudad Modelo, que abarca m\u00e1s&nbsp;<strong>123,000 metros cuadrados de construcci\u00f3n y<\/strong>&nbsp;cerca de 16,000 metros cuadrados de \u00e1reas verdes, cuenta con 1,496 apartamentos de tres habitaciones y 264 de dos habitaciones. Incluye \u00e1reas de juegos, recreaci\u00f3n, institucional, una cancha de baloncesto, adem\u00e1s de parqueos destinados para carros y motores.&nbsp;<\/p>\n\n\n\n<p>El gobierno inici\u00f3 en&nbsp;<strong>noviembre del 2022<\/strong>&nbsp;la entrega de los&nbsp;<strong>primeros 500 apartamentos<\/strong>&nbsp;de Mi Vivienda Ciudad Modelo. Sigui\u00f3&nbsp;<strong>en febrero&nbsp;<\/strong>del presente a\u00f1o<strong>&nbsp;con 260 nuevas viviendas<\/strong>; se entregaron&nbsp;<strong>en julio otras 500 unidades<\/strong>&nbsp;y este s\u00e1bado&nbsp;<strong>264<\/strong>, para totalizar las&nbsp;<strong>1,524<\/strong>&nbsp;en menos de un a\u00f1o.<\/p>\n\n\n\n<p>Adicional a Mi Vivienda Ciudad Modelo, el Mived desarrolla en Santo Domingo los proyectos Mi<strong>&nbsp;Vivienda Hato Nuevo y Mi Vivienda San Luis<\/strong>, mientras que en Santiago se impulsan&nbsp;<strong>Mi Vivienda Los Salados y Mi Vivienda Hato del Yaque<\/strong>.<\/p>\n\n\n\n<p>En la entrega de apartamentos acompa\u00f1aron al presidente Abinader, la gobernadora de la provincia Santo Domingo,&nbsp;<strong>Julia Drullard<\/strong>; el director del IAD,&nbsp;<strong>Francisco Guillermo Garc\u00eda<\/strong>; de Pensiones y Jubilaciones,&nbsp;<strong>Juan Rosa,<\/strong>&nbsp;y de Gesti\u00f3n Presidencial,&nbsp;<strong>Robert Polanco<\/strong>, junto con los diputados&nbsp;<strong>Diomedes Rojas, Bol\u00edvar Valera, Alex Lara, Betty Ger\u00f3nimo y Lucrecia Santana.<\/strong><\/p>\n","protected":false},"excerpt":{"rendered":"<p>Santo Domingo.- Para continuar el impulso de&nbsp;pol\u00edticas p\u00fablicas&nbsp;que contribuyan a elevar la calidad de vida de la gente,&nbsp;el presidente Luis Abinader entreg\u00f3 este s\u00e1bado&nbsp;a igual n\u00famero de familias,&nbsp;264 apartamentos&nbsp;del proyecto&nbsp;Mi&hellip; <\/p>\n","protected":false},"author":2,"featured_media":33446,"comment_status":"closed","ping_status":"closed","sticky":false,"template":"","format":"standard","meta":{"fifu_image_url":"https:\/\/presidencia.gob.do\/sites\/default\/files\/styles\/large\/public\/news\/2023-10\/WhatsApp%20Image%202023-10-21%20at%204.32.58%20PM%20%282%29.jpeg?itok=iLqrTn3C","fifu_image_alt":"","footnotes":""},"categories":[69],"tags":[],"class_list":["post-33444","post","type-post","status-publish","format-standard","has-post-thumbnail","hentry","category-construccion"],"_links":{"self":[{"href":"https:\/\/elmundodelosnegocios.com.do\/v1\/wp-json\/wp\/v2\/posts\/33444","targetHints":{"allow":["GET"]}}],"collection":[{"href":"https:\/\/elmundodelosnegocios.com.do\/v1\/wp-json\/wp\/v2\/posts"}],"about":[{"href":"https:\/\/elmundodelosnegocios.com.do\/v1\/wp-json\/wp\/v2\/types\/post"}],"author":[{"embeddable":true,"href":"https:\/\/elmundodelosnegocios.com.do\/v1\/wp-json\/wp\/v2\/users\/2"}],"replies":[{"embeddable":true,"href":"https:\/\/elmundodelosnegocios.com.do\/v1\/wp-json\/wp\/v2\/comments?post=33444"}],"version-history":[{"count":0,"href":"https:\/\/elmundodelosnegocios.com.do\/v1\/wp-json\/wp\/v2\/posts\/33444\/revisions"}],"wp:featuredmedia":[{"embeddable":true,"href":"https:\/\/elmundodelosnegocios.com.do\/v1\/wp-json\/wp\/v2\/media\/33446"}],"wp:attachment":[{"href":"https:\/\/elmundodelosnegocios.com.do\/v1\/wp-json\/wp\/v2\/media?parent=33444"}],"wp:term":[{"taxonomy":"category","embeddable":true,"href":"https:\/\/elmundodelosnegocios.com.do\/v1\/wp-json\/wp\/v2\/categories?post=33444"},{"taxonomy":"post_tag","embeddable":true,"href":"https:\/\/elmundodelosnegocios.com.do\/v1\/wp-json\/wp\/v2\/tags?post=33444"}],"curies":[{"name":"wp","href":"https:\/\/api.w.org\/{rel}","templated":true}]}}