{"id":33447,"date":"2023-10-22T10:28:48","date_gmt":"2023-10-22T14:58:48","guid":{"rendered":"https:\/\/elmundodelosnegocios.com.do\/v1\/?p=33447"},"modified":"2023-10-22T10:28:50","modified_gmt":"2023-10-22T14:58:50","slug":"mirex-y-agencia-de-cooperacion-de-corea-firman-memorando-de-entendimiento-para-capacitacion-de-funcionarios","status":"publish","type":"post","link":"https:\/\/elmundodelosnegocios.com.do\/v1\/mirex-y-agencia-de-cooperacion-de-corea-firman-memorando-de-entendimiento-para-capacitacion-de-funcionarios\/","title":{"rendered":"MIREX y Agencia de Cooperaci\u00f3n de Corea firman Memorando de Entendimiento para capacitaci\u00f3n de funcionarios"},"content":{"rendered":"\n<p>Santo Domingo.-&nbsp;<strong>El Ministerio de Relaciones Exteriores<\/strong>&nbsp;(MIREX) firm\u00f3 un&nbsp;<strong>Memorando de Entendimiento<\/strong>&nbsp;con la&nbsp;<strong>Agencia de Cooperaci\u00f3n Internacional de Corea<\/strong>&nbsp;(KOICA, siglas en ingl\u00e9s), en el que ambas partes se comprometen a&nbsp;<strong>promover la cooperaci\u00f3n<\/strong>&nbsp;entre sus funcionarios y reforzar sus conocimientos en materia de relaciones internacionales.<\/p>\n\n\n<div class=\"wp-block-image\">\n<figure class=\"aligncenter size-large\"><img decoding=\"async\" src=\"https:\/\/presidencia.gob.do\/sites\/default\/files\/styles\/large\/public\/news\/2023-10\/WhatsApp%20Image%202023-10-20%20at%204.49.37%20PM.jpg?itok=BWb6DVRU\" alt=\"\"\/><\/figure>\n<\/div>\n\n\n<p>El acuerdo, firmado por el viceministro de Asuntos Econ\u00f3micos y Cooperaci\u00f3n Internacional,&nbsp;<strong>Hugo Francisco Rivera<\/strong>, en representaci\u00f3n del canciller&nbsp;<strong>Roberto \u00c1lvarez<\/strong>, y por el director de la Agencia de Cooperaci\u00f3n Internacional de Corea,&nbsp;<strong>Joon Sung Park<\/strong>, establece que la cooperaci\u00f3n incluir\u00e1 la participaci\u00f3n de los funcionarios del&nbsp;<strong>MIREX&nbsp;<\/strong>en el programa de creaci\u00f3n de capacidad de la KOICA, e intercambio de conocimientos y experiencias sobre cooperaci\u00f3n internacional.<\/p>\n\n\n\n<p>Asimismo, contempla la creaci\u00f3n de un comit\u00e9, integrado por personal de ambas instituciones, para revisar y facilitar las actividades de cooperaci\u00f3n, para el&nbsp;<strong>fortalecimiento de las capacidades<\/strong>&nbsp;de los funcionarios que trabajan en el \u00e1rea de cooperaci\u00f3n internacional.<\/p>\n\n\n\n<p>La KOICA, que trabaja con el fin de contribuir a la&nbsp;<strong>prosperidad colectiva<\/strong>&nbsp;y la promoci\u00f3n de la&nbsp;<strong>paz mundial<\/strong>, ha puesto en marcha diferentes proyectos en Rep\u00fablica Dominicana. Entre ellos:&nbsp; Desarrollo de Recursos Humanos en Ciencia y Tecnolog\u00eda (2016-2020); Prevenci\u00f3n de embarazos en adolescentes y fortalecimiento de la Salud Integral de Adolescentes (2018-2023); y Fortalecimiento de las Capacidades para el Empoderamiento de las Mujeres (2021-2026).<\/p>\n","protected":false},"excerpt":{"rendered":"<p>Santo Domingo.-&nbsp;El Ministerio de Relaciones Exteriores&nbsp;(MIREX) firm\u00f3 un&nbsp;Memorando de Entendimiento&nbsp;con la&nbsp;Agencia de Cooperaci\u00f3n Internacional de Corea&nbsp;(KOICA, siglas en ingl\u00e9s), en el que ambas partes se comprometen a&nbsp;promover la cooperaci\u00f3n&nbsp;entre sus&hellip; <\/p>\n","protected":false},"author":2,"featured_media":33449,"comment_status":"closed","ping_status":"closed","sticky":false,"template":"","format":"standard","meta":{"fifu_image_url":"https:\/\/presidencia.gob.do\/sites\/default\/files\/styles\/large\/public\/news\/2023-10\/WhatsApp%20Image%202023-10-20%20at%204.49.37%20PM.jpg?itok=BWb6DVRU","fifu_image_alt":"","footnotes":""},"categories":[235],"tags":[],"class_list":["post-33447","post","type-post","status-publish","format-standard","has-post-thumbnail","hentry","category-politica-exterior"],"_links":{"self":[{"href":"https:\/\/elmundodelosnegocios.com.do\/v1\/wp-json\/wp\/v2\/posts\/33447","targetHints":{"allow":["GET"]}}],"collection":[{"href":"https:\/\/elmundodelosnegocios.com.do\/v1\/wp-json\/wp\/v2\/posts"}],"about":[{"href":"https:\/\/elmundodelosnegocios.com.do\/v1\/wp-json\/wp\/v2\/types\/post"}],"author":[{"embeddable":true,"href":"https:\/\/elmundodelosnegocios.com.do\/v1\/wp-json\/wp\/v2\/users\/2"}],"replies":[{"embeddable":true,"href":"https:\/\/elmundodelosnegocios.com.do\/v1\/wp-json\/wp\/v2\/comments?post=33447"}],"version-history":[{"count":0,"href":"https:\/\/elmundodelosnegocios.com.do\/v1\/wp-json\/wp\/v2\/posts\/33447\/revisions"}],"wp:featuredmedia":[{"embeddable":true,"href":"https:\/\/elmundodelosnegocios.com.do\/v1\/wp-json\/wp\/v2\/media\/33449"}],"wp:attachment":[{"href":"https:\/\/elmundodelosnegocios.com.do\/v1\/wp-json\/wp\/v2\/media?parent=33447"}],"wp:term":[{"taxonomy":"category","embeddable":true,"href":"https:\/\/elmundodelosnegocios.com.do\/v1\/wp-json\/wp\/v2\/categories?post=33447"},{"taxonomy":"post_tag","embeddable":true,"href":"https:\/\/elmundodelosnegocios.com.do\/v1\/wp-json\/wp\/v2\/tags?post=33447"}],"curies":[{"name":"wp","href":"https:\/\/api.w.org\/{rel}","templated":true}]}}