{"id":33450,"date":"2023-10-22T10:31:45","date_gmt":"2023-10-22T15:01:45","guid":{"rendered":"https:\/\/elmundodelosnegocios.com.do\/v1\/?p=33450"},"modified":"2023-10-22T22:57:14","modified_gmt":"2023-10-23T03:27:14","slug":"banco-popular-patrocina-los-primeros-latin-american-fashion-awards","status":"publish","type":"post","link":"https:\/\/elmundodelosnegocios.com.do\/v1\/banco-popular-patrocina-los-primeros-latin-american-fashion-awards\/","title":{"rendered":"El Popular patrocina primeros Latin American Fashion Awards"},"content":{"rendered":"\n<p><strong>Premiar\u00e1 a la estrella local del a\u00f1o en la moda dominicana<\/strong><\/p>\n\n\n\n<p>Santo Domingo, D.N. \u2013 El Banco Popular Dominicano, como parte de su impulso a la econom\u00eda naranja o econom\u00eda de las&nbsp;industrias creativas y culturales, participar\u00e1 como patrocinador exclusivo de la categor\u00eda Estrella Local de la moda, en la primera edici\u00f3n de los&nbsp;Latin American Fashion Awards, a realizarse en el pr\u00f3ximo 4 de noviembre, en el ic\u00f3nico anfiteatro de Altos de Chav\u00f3n.<\/p>\n\n\n<div class=\"wp-block-image\">\n<figure class=\"aligncenter size-full\"><img loading=\"lazy\" decoding=\"async\" width=\"1008\" height=\"567\" src=\"https:\/\/elmundodelosnegocios.com.do\/v1\/wp-content\/uploads\/2023\/10\/REH7017_2-1-3.jpg\" alt=\"\" class=\"wp-image-33451\" srcset=\"https:\/\/elmundodelosnegocios.com.do\/v1\/wp-content\/uploads\/2023\/10\/REH7017_2-1-3.jpg 1008w, https:\/\/elmundodelosnegocios.com.do\/v1\/wp-content\/uploads\/2023\/10\/REH7017_2-1-3-300x169.jpg 300w, https:\/\/elmundodelosnegocios.com.do\/v1\/wp-content\/uploads\/2023\/10\/REH7017_2-1-3-768x432.jpg 768w\" sizes=\"auto, (max-width: 1008px) 100vw, 1008px\" \/><\/figure>\n<\/div>\n\n\n<p>Los&nbsp;<a rel=\"noreferrer noopener\" href=\"https:\/\/www.instagram.com\/latinamericanfashionawards\/\" target=\"_blank\">Latin American Fashion Awards<\/a>&nbsp;tienen por objetivo galardonar y promover a los profesionales m\u00e1s destacados de la moda latinoamericana, siendo sus creadoras&nbsp;la dise\u00f1adora de origen cubano-nicarag\u00fcense, Silvia Arg\u00fcello y la emprendedora de moda argentina radicada en Mil\u00e1n, Constanza Etro.<\/p>\n\n\n<div class=\"wp-block-image\">\n<figure class=\"aligncenter size-full\"><img loading=\"lazy\" decoding=\"async\" width=\"1008\" height=\"567\" src=\"https:\/\/elmundodelosnegocios.com.do\/v1\/wp-content\/uploads\/2023\/10\/REH7017_2-2.png\" alt=\"\" class=\"wp-image-33452\" srcset=\"https:\/\/elmundodelosnegocios.com.do\/v1\/wp-content\/uploads\/2023\/10\/REH7017_2-2.png 1008w, https:\/\/elmundodelosnegocios.com.do\/v1\/wp-content\/uploads\/2023\/10\/REH7017_2-2-300x169.png 300w, https:\/\/elmundodelosnegocios.com.do\/v1\/wp-content\/uploads\/2023\/10\/REH7017_2-2-768x432.png 768w\" sizes=\"auto, (max-width: 1008px) 100vw, 1008px\" \/><\/figure>\n<\/div>\n\n\n<p>El premio es de car\u00e1cter bienal. Su primera celebraci\u00f3n honrar\u00e1 las categor\u00edas de&nbsp;dise\u00f1ador, marca, dise\u00f1ador o marca emergente, proyecto artesanal, proyecto responsable, marca de accesorios, fashion film, modelo, fot\u00f3grafo, artista e influencer de moda.<\/p>\n\n\n\n<p>En tanto, la categor\u00eda de Estrella Local de Rep\u00fablica Dominicana, la cual auspicia el Popular, reconocer\u00e1 de manera especial el talento dominicano dentro de la industria de la moda que se haya destacado por su creatividad, innovaci\u00f3n e impacto positivo a nivel nacional e internacional.<\/p>\n\n\n\n<p><strong>Compromiso con la econom\u00eda naranja<\/strong><\/p>\n\n\n\n<p>A trav\u00e9s de su participaci\u00f3n en iniciativas como los&nbsp;&nbsp;<a href=\"https:\/\/www.instagram.com\/latinamericanfashionawards\/\" target=\"_blank\" rel=\"noreferrer noopener\">Latin American Fashion Awards<\/a>, el Banco Popular promueve el talento creativo de los dominicanos, para proyectar a nivel global el potencial de la econom\u00eda naranja del pa\u00eds.<\/p>\n\n\n\n<p>A estos fines, el principal esfuerzo de la entidad bancaria es&nbsp;su iniciativa editorial y multimedia \u201cDominicana Creativa. Talento en la econom\u00eda naranja\u00bb y la plataforma \u201cEmprendedores Naranja \u00ab, que permite a los emprendedores creativos evolucionar sus proyectos desde la idea original hasta convertirla en una pyme exitosa, con acceso a capacitaciones y a un pr\u00e9stamo para emprender, con condiciones especiales en plazos y tasas.<\/p>\n","protected":false},"excerpt":{"rendered":"<p>Premiar\u00e1 a la estrella local del a\u00f1o en la moda dominicana Santo Domingo, D.N. \u2013 El Banco Popular Dominicano, como parte de su impulso a la econom\u00eda naranja o econom\u00eda&hellip; <\/p>\n","protected":false},"author":2,"featured_media":33451,"comment_status":"closed","ping_status":"closed","sticky":false,"template":"","format":"standard","meta":{"fifu_image_url":"","fifu_image_alt":"","footnotes":""},"categories":[157],"tags":[],"class_list":["post-33450","post","type-post","status-publish","format-standard","has-post-thumbnail","hentry","category-marketing"],"_links":{"self":[{"href":"https:\/\/elmundodelosnegocios.com.do\/v1\/wp-json\/wp\/v2\/posts\/33450","targetHints":{"allow":["GET"]}}],"collection":[{"href":"https:\/\/elmundodelosnegocios.com.do\/v1\/wp-json\/wp\/v2\/posts"}],"about":[{"href":"https:\/\/elmundodelosnegocios.com.do\/v1\/wp-json\/wp\/v2\/types\/post"}],"author":[{"embeddable":true,"href":"https:\/\/elmundodelosnegocios.com.do\/v1\/wp-json\/wp\/v2\/users\/2"}],"replies":[{"embeddable":true,"href":"https:\/\/elmundodelosnegocios.com.do\/v1\/wp-json\/wp\/v2\/comments?post=33450"}],"version-history":[{"count":0,"href":"https:\/\/elmundodelosnegocios.com.do\/v1\/wp-json\/wp\/v2\/posts\/33450\/revisions"}],"wp:featuredmedia":[{"embeddable":true,"href":"https:\/\/elmundodelosnegocios.com.do\/v1\/wp-json\/wp\/v2\/media\/33451"}],"wp:attachment":[{"href":"https:\/\/elmundodelosnegocios.com.do\/v1\/wp-json\/wp\/v2\/media?parent=33450"}],"wp:term":[{"taxonomy":"category","embeddable":true,"href":"https:\/\/elmundodelosnegocios.com.do\/v1\/wp-json\/wp\/v2\/categories?post=33450"},{"taxonomy":"post_tag","embeddable":true,"href":"https:\/\/elmundodelosnegocios.com.do\/v1\/wp-json\/wp\/v2\/tags?post=33450"}],"curies":[{"name":"wp","href":"https:\/\/api.w.org\/{rel}","templated":true}]}}