{"id":33534,"date":"2023-10-23T14:07:53","date_gmt":"2023-10-23T18:37:53","guid":{"rendered":"https:\/\/elmundodelosnegocios.com.do\/v1\/?p=33534"},"modified":"2023-10-23T14:07:55","modified_gmt":"2023-10-23T18:37:55","slug":"informan-objetivos-viaje-subsecretario-nichols-a-guatemala-y-el-salvador","status":"publish","type":"post","link":"https:\/\/elmundodelosnegocios.com.do\/v1\/informan-objetivos-viaje-subsecretario-nichols-a-guatemala-y-el-salvador\/","title":{"rendered":"Informan\u00a0objetivos viaje subsecretario Nichols a Guatemala y El Salvador"},"content":{"rendered":"\n<p><strong>Washington, D.C.,<\/strong>&nbsp;Departamento de Estado de EE. UU.&nbsp;Oficina del Portavoz, 23 de octubre 2023.- El subsecretario para Asuntos del Hemisferio Occidental, Brian A. Nichols, viajar\u00e1 a Guatemala y El Salvador del 23 al 27 de octubre de 2023.&nbsp;<\/p>\n\n\n\n<p>En Guatemala, el subsecretario se reunir\u00e1 con el presidente electo Bernardo Ar\u00e9valo y el canciller Mario B\u00facaro para hablar del proceso de transici\u00f3n presidencial. En particular, el subsecretario Nichols discutir\u00e1 la necesidad de garantizar una transici\u00f3n democr\u00e1tica pac\u00edfica en enero y priorizar el di\u00e1logo entre todos los actores como medio para resolver la crisis pol\u00edtica del pa\u00eds. Tambi\u00e9n se referir\u00e1 a los esfuerzos continuos para colaborar en la gesti\u00f3n de la migraci\u00f3n.&nbsp;<\/p>\n\n\n\n<figure class=\"wp-block-image size-large\"><img loading=\"lazy\" decoding=\"async\" width=\"1024\" height=\"576\" src=\"https:\/\/elmundodelosnegocios.com.do\/v1\/wp-content\/uploads\/2023\/10\/Brian-A.-Nichols-CANVA--1024x576.jpg\" alt=\"\" class=\"wp-image-33535\" srcset=\"https:\/\/elmundodelosnegocios.com.do\/v1\/wp-content\/uploads\/2023\/10\/Brian-A.-Nichols-CANVA--1024x576.jpg 1024w, https:\/\/elmundodelosnegocios.com.do\/v1\/wp-content\/uploads\/2023\/10\/Brian-A.-Nichols-CANVA--300x169.jpg 300w, https:\/\/elmundodelosnegocios.com.do\/v1\/wp-content\/uploads\/2023\/10\/Brian-A.-Nichols-CANVA--768x432.jpg 768w, https:\/\/elmundodelosnegocios.com.do\/v1\/wp-content\/uploads\/2023\/10\/Brian-A.-Nichols-CANVA--1536x864.jpg 1536w, https:\/\/elmundodelosnegocios.com.do\/v1\/wp-content\/uploads\/2023\/10\/Brian-A.-Nichols-CANVA-.jpg 1920w\" sizes=\"auto, (max-width: 1024px) 100vw, 1024px\" \/><\/figure>\n\n\n\n<p>Durante su visita a Guatemala, el subsecretario mantendr\u00e1 contactos con l\u00edderes de comunidades ind\u00edgenas, representantes del sector privado y defensores de los derechos humanos para hablar de la importancia de sus opiniones en el proceso pol\u00edtico. Estas conversaciones tambi\u00e9n se centrar\u00e1n en la prosperidad econ\u00f3mica inclusiva y el clima para la inversi\u00f3n en Guatemala. En todas las reuniones, el subsecretario har\u00e1 hincapi\u00e9 en el compromiso continuo de los Estados Unidos con el pueblo guatemalteco y en su inter\u00e9s en forjar alianzas para promover la seguridad, la prosperidad y el Estado de derecho.&nbsp;<\/p>\n\n\n\n<p>En El Salvador, el subsecretario Nichols se reunir\u00e1 con el presidente Nayib Bukele y otros funcionarios salvadore\u00f1os para tratar los temas de la prosperidad econ\u00f3mica inclusiva, el Estado de derecho, los derechos humanos, la cooperaci\u00f3n migratoria y la seguridad. El subsecretario visitar\u00e1 el Instituto de Derechos Humanos de la Universidad de Centro Am\u00e9rica. Tambi\u00e9n se reunir\u00e1 con l\u00edderes empresariales para hablar del crecimiento econ\u00f3mico y el clima para la inversi\u00f3n en El Salvador.&nbsp;<\/p>\n\n\n\n<p>Las visitas del subsecretario Nichols a Guatemala y El Salvador demuestran la firme determinaci\u00f3n de los Estados Unidos de promover la democracia, la prosperidad econ\u00f3mica inclusiva, la gesti\u00f3n colaborativa de la migraci\u00f3n y la protecci\u00f3n de los derechos humanos en la regi\u00f3n.&nbsp;<\/p>\n","protected":false},"excerpt":{"rendered":"<p>Washington, D.C.,&nbsp;Departamento de Estado de EE. UU.&nbsp;Oficina del Portavoz, 23 de octubre 2023.- El subsecretario para Asuntos del Hemisferio Occidental, Brian A. Nichols, viajar\u00e1 a Guatemala y El Salvador del&hellip; <\/p>\n","protected":false},"author":2,"featured_media":33535,"comment_status":"closed","ping_status":"closed","sticky":false,"template":"","format":"standard","meta":{"fifu_image_url":"","fifu_image_alt":"","footnotes":""},"categories":[235],"tags":[],"class_list":["post-33534","post","type-post","status-publish","format-standard","has-post-thumbnail","hentry","category-politica-exterior"],"_links":{"self":[{"href":"https:\/\/elmundodelosnegocios.com.do\/v1\/wp-json\/wp\/v2\/posts\/33534","targetHints":{"allow":["GET"]}}],"collection":[{"href":"https:\/\/elmundodelosnegocios.com.do\/v1\/wp-json\/wp\/v2\/posts"}],"about":[{"href":"https:\/\/elmundodelosnegocios.com.do\/v1\/wp-json\/wp\/v2\/types\/post"}],"author":[{"embeddable":true,"href":"https:\/\/elmundodelosnegocios.com.do\/v1\/wp-json\/wp\/v2\/users\/2"}],"replies":[{"embeddable":true,"href":"https:\/\/elmundodelosnegocios.com.do\/v1\/wp-json\/wp\/v2\/comments?post=33534"}],"version-history":[{"count":0,"href":"https:\/\/elmundodelosnegocios.com.do\/v1\/wp-json\/wp\/v2\/posts\/33534\/revisions"}],"wp:featuredmedia":[{"embeddable":true,"href":"https:\/\/elmundodelosnegocios.com.do\/v1\/wp-json\/wp\/v2\/media\/33535"}],"wp:attachment":[{"href":"https:\/\/elmundodelosnegocios.com.do\/v1\/wp-json\/wp\/v2\/media?parent=33534"}],"wp:term":[{"taxonomy":"category","embeddable":true,"href":"https:\/\/elmundodelosnegocios.com.do\/v1\/wp-json\/wp\/v2\/categories?post=33534"},{"taxonomy":"post_tag","embeddable":true,"href":"https:\/\/elmundodelosnegocios.com.do\/v1\/wp-json\/wp\/v2\/tags?post=33534"}],"curies":[{"name":"wp","href":"https:\/\/api.w.org\/{rel}","templated":true}]}}