{"id":33545,"date":"2023-10-23T15:59:33","date_gmt":"2023-10-23T20:29:33","guid":{"rendered":"https:\/\/elmundodelosnegocios.com.do\/v1\/?p=33545"},"modified":"2023-10-23T15:59:35","modified_gmt":"2023-10-23T20:29:35","slug":"alcanzo-indice-mensual-actividad-manufacturera-los-55-4-en-septiembre","status":"publish","type":"post","link":"https:\/\/elmundodelosnegocios.com.do\/v1\/alcanzo-indice-mensual-actividad-manufacturera-los-55-4-en-septiembre\/","title":{"rendered":"Alcanz\u00f3 \u00cdndice Mensual Actividad Manufacturera los 55.4 en septiembre"},"content":{"rendered":"\n<p><em>Los resultados indican actividad de la industria se incrementa&nbsp;<\/em><em>en relaci\u00f3n a agosto del presente a\u00f1o<\/em><\/p>\n\n\n\n<p><strong>Santo Domingo<\/strong>. El \u00cdndice Mensual de Actividad Manufacturera (IMAM) de la Asociaci\u00f3n de Industrias de la Rep\u00fablica Dominicana (AIRD) continu\u00f3 ascendiendo en septiembre al pasar de 47.5 en julio, a 49.0 en agosto y 55.4 en septiembre, coloc\u00e1ndose por encima de la barrera de los 50.<\/p>\n\n\n\n<figure class=\"wp-block-image size-full\"><img loading=\"lazy\" decoding=\"async\" width=\"900\" height=\"506\" src=\"https:\/\/elmundodelosnegocios.com.do\/v1\/wp-content\/uploads\/2023\/10\/Actividad-Manufacturera-rd.jpg\" alt=\"\" class=\"wp-image-33547\" srcset=\"https:\/\/elmundodelosnegocios.com.do\/v1\/wp-content\/uploads\/2023\/10\/Actividad-Manufacturera-rd.jpg 900w, https:\/\/elmundodelosnegocios.com.do\/v1\/wp-content\/uploads\/2023\/10\/Actividad-Manufacturera-rd-300x169.jpg 300w, https:\/\/elmundodelosnegocios.com.do\/v1\/wp-content\/uploads\/2023\/10\/Actividad-Manufacturera-rd-768x432.jpg 768w\" sizes=\"auto, (max-width: 900px) 100vw, 900px\" \/><\/figure>\n\n\n\n<p>Los resultados mayores a 50 corresponden a una mayor actividad con relaci\u00f3n al mes anterior.&nbsp;<\/p>\n\n\n\n<p>Para el mes de agosto, cuatro de las cinco variables ascendieron. Es decir, que las variables que impulsaron este incremento fueron: \u201cVolumen de Ventas\u201d al pasar de 44.78 a 56.8; \u201cVolumen de Producci\u00f3n\u201d que ascendi\u00f3 de 42.40 a 57.1; \u201cInventario de Materias Primas\u201d que ascendi\u00f3 de 51.27 en agosto a 59.8 en septiembre, y empleo que pas\u00f3 de 52.98 a 55.00 en ese per\u00edodo.<\/p>\n\n\n\n<p>En cambio, la variable \u201cPlazo de Entregas suplidores\u201d pas\u00f3 de 55.72 a 54.0, pero se mantuvo sobre la barrera de 50.0.<\/p>\n\n\n\n<p>El IMAM es una adecuaci\u00f3n del \u00cdndice de los Gerentes de Compras, (PMI por sus siglas en ingl\u00e9s) a la realidad del sector manufacturero dominicano, constituyendo un retrato de la actividad manufacturera de un mes con relaci\u00f3n al anterior, de modo r\u00e1pido y sencillo. Est\u00e1 est\u00e1 compuesto por cinco variables: ventas, producci\u00f3n, empleos, inventarios y tiempos de entrega.&nbsp;<\/p>\n\n\n\n<p><strong>Cuadro No. 1<\/strong><\/p>\n\n\n\n<p><strong>\u00cdndice Mensual de Actividad Manufacturera Ajustado por Factor Estacional<\/strong><strong>Septiembre 2022 \u2013 Septiembre 2023<\/strong><\/p>\n\n\n\n<figure class=\"wp-block-image size-full is-resized\"><img loading=\"lazy\" decoding=\"async\" src=\"https:\/\/elmundodelosnegocios.com.do\/v1\/wp-content\/uploads\/2023\/10\/11.jpeg\" alt=\"\" class=\"wp-image-33546\" width=\"841\" height=\"478\" srcset=\"https:\/\/elmundodelosnegocios.com.do\/v1\/wp-content\/uploads\/2023\/10\/11.jpeg 663w, https:\/\/elmundodelosnegocios.com.do\/v1\/wp-content\/uploads\/2023\/10\/11-300x171.jpeg 300w\" sizes=\"auto, (max-width: 841px) 100vw, 841px\" \/><\/figure>\n\n\n\n<p><strong>Perspectiva del resultado<\/strong><\/p>\n\n\n\n<p>El IMAM muestra una tendencia creciente en los \u00faltimos tres meses (julio-septiembre), a pesar de que en julio y agosto se coloc\u00f3 por debajo de la barrera de los 50.&nbsp;<\/p>\n\n\n\n<p><strong>Sobre el IMAM<\/strong><\/p>\n\n\n\n<p>Debido a la posibilidad de realizar las encuestas y recibir sus respuestas de forma r\u00e1pida,&nbsp;este indicador permite obtener informaciones de tendencias econ\u00f3micas previo a la publicaci\u00f3n de estad\u00edsticas oficiales y sirve de referencia para los propios economistas, hacedores de opini\u00f3n y tomadores de decisiones, prev\u00e9 las tendencias de la marcha econ\u00f3mica y posibilita tomar medidas en la direcci\u00f3n conveniente.<\/p>\n\n\n\n<p>El \u00edndice se construye a trav\u00e9s&nbsp;de encuestas mensuales realizadas a los directores generales y\/o gerentes de compras de las empresas asociadas a la AIRD. Los datos son recopilados los primeros 20 d\u00edas del mes siguiente a trav\u00e9s de encuestas online.<\/p>\n","protected":false},"excerpt":{"rendered":"<p>Los resultados indican actividad de la industria se incrementa&nbsp;en relaci\u00f3n a agosto del presente a\u00f1o Santo Domingo. El \u00cdndice Mensual de Actividad Manufacturera (IMAM) de la Asociaci\u00f3n de Industrias de&hellip; <\/p>\n","protected":false},"author":2,"featured_media":33547,"comment_status":"closed","ping_status":"closed","sticky":false,"template":"","format":"standard","meta":{"fifu_image_url":"","fifu_image_alt":"","footnotes":""},"categories":[154],"tags":[],"class_list":["post-33545","post","type-post","status-publish","format-standard","has-post-thumbnail","hentry","category-industria"],"_links":{"self":[{"href":"https:\/\/elmundodelosnegocios.com.do\/v1\/wp-json\/wp\/v2\/posts\/33545","targetHints":{"allow":["GET"]}}],"collection":[{"href":"https:\/\/elmundodelosnegocios.com.do\/v1\/wp-json\/wp\/v2\/posts"}],"about":[{"href":"https:\/\/elmundodelosnegocios.com.do\/v1\/wp-json\/wp\/v2\/types\/post"}],"author":[{"embeddable":true,"href":"https:\/\/elmundodelosnegocios.com.do\/v1\/wp-json\/wp\/v2\/users\/2"}],"replies":[{"embeddable":true,"href":"https:\/\/elmundodelosnegocios.com.do\/v1\/wp-json\/wp\/v2\/comments?post=33545"}],"version-history":[{"count":0,"href":"https:\/\/elmundodelosnegocios.com.do\/v1\/wp-json\/wp\/v2\/posts\/33545\/revisions"}],"wp:featuredmedia":[{"embeddable":true,"href":"https:\/\/elmundodelosnegocios.com.do\/v1\/wp-json\/wp\/v2\/media\/33547"}],"wp:attachment":[{"href":"https:\/\/elmundodelosnegocios.com.do\/v1\/wp-json\/wp\/v2\/media?parent=33545"}],"wp:term":[{"taxonomy":"category","embeddable":true,"href":"https:\/\/elmundodelosnegocios.com.do\/v1\/wp-json\/wp\/v2\/categories?post=33545"},{"taxonomy":"post_tag","embeddable":true,"href":"https:\/\/elmundodelosnegocios.com.do\/v1\/wp-json\/wp\/v2\/tags?post=33545"}],"curies":[{"name":"wp","href":"https:\/\/api.w.org\/{rel}","templated":true}]}}