{"id":33567,"date":"2023-10-24T09:53:02","date_gmt":"2023-10-24T14:23:02","guid":{"rendered":"https:\/\/elmundodelosnegocios.com.do\/v1\/?p=33567"},"modified":"2023-10-24T09:53:04","modified_gmt":"2023-10-24T14:23:04","slug":"energia-y-minas-inaugura-proyectos-de-paneles-solares-para-la-electrificacion-rural-y-bombas-sumergibles-en-beneficio-de-1000-comunitarios-en-higuey","status":"publish","type":"post","link":"https:\/\/elmundodelosnegocios.com.do\/v1\/energia-y-minas-inaugura-proyectos-de-paneles-solares-para-la-electrificacion-rural-y-bombas-sumergibles-en-beneficio-de-1000-comunitarios-en-higuey\/","title":{"rendered":"Energ\u00eda y Minas inaugura proyectos de paneles solares para la electrificaci\u00f3n rural y bombas sumergibles en beneficio de 1,000 comunitarios en Hig\u00fcey"},"content":{"rendered":"\n<p>Hig\u00fcey.- El pasado s\u00e1bado marc\u00f3 el inicio de&nbsp;<strong>una nueva era para varias comunidades en el municipio de Hig\u00fcey<\/strong>, provincia La Altagracia, con la&nbsp;<strong>&nbsp;electrificaci\u00f3n de viviendas y la implementaci\u00f3n de bombas sumergibles alimentadas por paneles solares<\/strong>, mediante proyectos que proporcionar\u00e1n&nbsp;<strong>energ\u00eda limpia<\/strong>&nbsp;para las actividades esenciales y productivas de los habitantes.&nbsp;<\/p>\n\n\n\n<figure class=\"wp-block-image size-large\"><img loading=\"lazy\" decoding=\"async\" width=\"1024\" height=\"576\" src=\"https:\/\/elmundodelosnegocios.com.do\/v1\/wp-content\/uploads\/2023\/10\/2.-Inauguracion-electrificacion-rural-1024x576.jpg\" alt=\"\" class=\"wp-image-33568\" srcset=\"https:\/\/elmundodelosnegocios.com.do\/v1\/wp-content\/uploads\/2023\/10\/2.-Inauguracion-electrificacion-rural-1024x576.jpg 1024w, https:\/\/elmundodelosnegocios.com.do\/v1\/wp-content\/uploads\/2023\/10\/2.-Inauguracion-electrificacion-rural-300x169.jpg 300w, https:\/\/elmundodelosnegocios.com.do\/v1\/wp-content\/uploads\/2023\/10\/2.-Inauguracion-electrificacion-rural-768x432.jpg 768w, https:\/\/elmundodelosnegocios.com.do\/v1\/wp-content\/uploads\/2023\/10\/2.-Inauguracion-electrificacion-rural.jpg 1300w\" sizes=\"auto, (max-width: 1024px) 100vw, 1024px\" \/><figcaption class=\"wp-element-caption\">Inauguraci\u00f3n electrificaci\u00f3n rural<\/figcaption><\/figure>\n\n\n\n<p><strong>El ministro de Energ\u00eda y Minas, Antonio Almonte<\/strong>, lider\u00f3 esta iniciativa que beneficiar\u00e1 a&nbsp;<strong>260 residentes en Ch\u00e1caro, El Aguacate y El Valle de los Algarrobos<\/strong>, cuyas viviendas fueron electrificadas con una inversi\u00f3n de&nbsp;<strong>RD 2.9 millones<\/strong>.&nbsp;<\/p>\n\n\n\n<p><em>\u00abLa lucha contra la pobreza, desigualdad e injusticia incluye dotar a las comunidades de servicios que ya hoy son vitales y constituyen casi un derecho humano y uno de esos es el servicio el\u00e9ctrico con el que ya cuentan estas comunidades\u00bb,<\/em>&nbsp;expres\u00f3 Almonte.&nbsp;<\/p>\n\n\n\n<p>Seg\u00fan la ficha t\u00e9cnica, se instalaron&nbsp;<strong>paneles fotovoltaicos&nbsp;<\/strong>con una potencia total de 10.395 KWp para&nbsp;<strong>27 viviendas<\/strong>&nbsp;<strong>en El Aguacate y El Valle de los Algarrobos<\/strong>, junto con sus correspondientes inversores, bater\u00edas, reguladores y l\u00e1mparas solares fotovoltaicas.&nbsp;<strong>En Ch\u00e1caro<\/strong>, se instal\u00f3 una potencia de 9.625 KWp para&nbsp;<strong>25 viviendas<\/strong>, con la misma cantidad de paneles solares, bater\u00edas, inversores, reguladores y l\u00e1mparas solares fotovoltaicas.&nbsp;<\/p>\n\n\n\n<figure class=\"wp-block-image\"><img decoding=\"async\" src=\"https:\/\/presidencia.gob.do\/sites\/default\/files\/inline-images\/Paneleres%20solares%20comunidades%20Higuey.jpg\" alt=\"\"\/><\/figure>\n\n\n\n<p>Adem\u00e1s,&nbsp;<strong>nueve pozos fueron electrificados con energ\u00eda verde<\/strong>, para una capacidad total de 29.26 KWp, en localidades como Jina Jaragua, Chinchin, Amacey I, Casa Sombra, La Cruz y El Aguacate, en beneficio de&nbsp;<strong>775 residentes<\/strong>. La obra represent\u00f3 una inversi\u00f3n de&nbsp;<strong>RD 3.8 millones.&nbsp;<\/strong><\/p>\n\n\n\n<p>Tambi\u00e9n se inaugur\u00f3 una&nbsp;<strong>extensi\u00f3n de redes el\u00e9ctricas en Andr\u00e9s, Boca Chica<\/strong>, incluyendo la rehabilitaci\u00f3n y extensi\u00f3n de redes en&nbsp;<strong>La Altagracia y Los Tanquecitos<\/strong>. Esta extensi\u00f3n consta de cinco postes de 1,500 metros de media tensi\u00f3n, con un transformador de 37.5 KVA. Se instalaron 52 acometidas y siete l\u00e1mparas LED de 250 W, con un costo total de&nbsp;<strong>RD 1.2 millones<\/strong>.&nbsp;<\/p>\n\n\n\n<p><strong>Severa Rodr\u00edguez<\/strong>, vecina de Jina Jaragua, agradeci\u00f3 la puesta en marcha del proyecto de electrificaci\u00f3n, pese a que&nbsp;<strong>lo ve\u00eda como un sue\u00f1o inalcanzable.&nbsp;<\/strong><\/p>\n\n\n\n<p>\u00ab<em>Antes, para beber agua fr\u00eda, ten\u00edamos que ir a Hig\u00fcey a comprar hielo. Ahora, podemos tener una nevera o encender un radio sin problema porque la luz del sol nos provee energ\u00eda y eso hay que agradecerlo\u00bb,<\/em>&nbsp;expres\u00f3 Rodr\u00edguez.&nbsp;<\/p>\n\n\n\n<p>Igualmente,&nbsp;<strong>Lucas Guerrero<\/strong>&nbsp;agradeci\u00f3 en nombre de la comunidad el apoyo brindado por las autoridades en esta iniciativa que abre un abanico de&nbsp;<strong>opciones para la implementaci\u00f3n de negocios<\/strong>, simplemente por el hecho de contar con un recurso neur\u00e1lgico para el avance de las comunidades, como lo es la energ\u00eda.&nbsp;<\/p>\n\n\n\n<p><em>\u00abPasamos de la oscuridad a la luz. La vida de nosotros cambi\u00f3 para bien y la de nuestras familias. Nosotros, los viejos que nacimos y nos criamos en un pueblo sin lo m\u00e1s m\u00ednimo, hoy somos testigos de algo que nunca pensamos que suceder\u00eda\u00bb,<\/em>&nbsp;dijo Guerrero.&nbsp;<\/p>\n\n\n\n<p>El ministro manifest\u00f3 que&nbsp;<strong>el presidente Luis Abinader y el equipo de gobierno<\/strong>, especialmente del sector energ\u00e9tico, tienen el&nbsp;<strong>compromiso de extender el suministro de electricidad a todas las comunidades rurales y suburbanas que carecen de este servicio.<\/strong>&nbsp;Asimismo, inform\u00f3 que este esfuerzo se dirige tambi\u00e9n a mejorar las condiciones precarias en las que algunas comunidades cuentan con electricidad, fortaleciendo y ampliando la capacidad de sus servicios a trav\u00e9s de proyectos como este.&nbsp;<\/p>\n\n\n\n<p>Entre las figuras presentes en este acto estuvieron&nbsp;<strong>Rafael G\u00f3mez<\/strong>, viceministro de Energ\u00eda;&nbsp;<strong>Francisco Cornelio<\/strong>, director de Electrificaci\u00f3n Rural y Suburbana (DERS);&nbsp;<strong>Santiago Zorrilla<\/strong>, senador de El Seibo;&nbsp;<strong>Beatriz Zorrilla<\/strong>, quien asisti\u00f3 en nombre del senador de La Altagracia,&nbsp;<strong>Virgilio Cedano, y<\/strong>&nbsp;<strong>M\u00e1ximo Aristy<\/strong>, coordinador de Hig\u00fcey y miembro del Sector Externo. Tambi\u00e9n participaron los alcaldes&nbsp;<strong>Bernardo Cedano,<\/strong>&nbsp;de Ch\u00e1caro; Pastor Castillo, de Jina Jaragua, y Danilo Antonio Cedano, de Los Algarrobos.<\/p>\n","protected":false},"excerpt":{"rendered":"<p>Hig\u00fcey.- El pasado s\u00e1bado marc\u00f3 el inicio de&nbsp;una nueva era para varias comunidades en el municipio de Hig\u00fcey, provincia La Altagracia, con la&nbsp;&nbsp;electrificaci\u00f3n de viviendas y la implementaci\u00f3n de bombas&hellip; <\/p>\n","protected":false},"author":2,"featured_media":33568,"comment_status":"closed","ping_status":"closed","sticky":false,"template":"","format":"standard","meta":{"fifu_image_url":"","fifu_image_alt":"","footnotes":""},"categories":[182],"tags":[],"class_list":["post-33567","post","type-post","status-publish","format-standard","has-post-thumbnail","hentry","category-energia"],"_links":{"self":[{"href":"https:\/\/elmundodelosnegocios.com.do\/v1\/wp-json\/wp\/v2\/posts\/33567","targetHints":{"allow":["GET"]}}],"collection":[{"href":"https:\/\/elmundodelosnegocios.com.do\/v1\/wp-json\/wp\/v2\/posts"}],"about":[{"href":"https:\/\/elmundodelosnegocios.com.do\/v1\/wp-json\/wp\/v2\/types\/post"}],"author":[{"embeddable":true,"href":"https:\/\/elmundodelosnegocios.com.do\/v1\/wp-json\/wp\/v2\/users\/2"}],"replies":[{"embeddable":true,"href":"https:\/\/elmundodelosnegocios.com.do\/v1\/wp-json\/wp\/v2\/comments?post=33567"}],"version-history":[{"count":0,"href":"https:\/\/elmundodelosnegocios.com.do\/v1\/wp-json\/wp\/v2\/posts\/33567\/revisions"}],"wp:featuredmedia":[{"embeddable":true,"href":"https:\/\/elmundodelosnegocios.com.do\/v1\/wp-json\/wp\/v2\/media\/33568"}],"wp:attachment":[{"href":"https:\/\/elmundodelosnegocios.com.do\/v1\/wp-json\/wp\/v2\/media?parent=33567"}],"wp:term":[{"taxonomy":"category","embeddable":true,"href":"https:\/\/elmundodelosnegocios.com.do\/v1\/wp-json\/wp\/v2\/categories?post=33567"},{"taxonomy":"post_tag","embeddable":true,"href":"https:\/\/elmundodelosnegocios.com.do\/v1\/wp-json\/wp\/v2\/tags?post=33567"}],"curies":[{"name":"wp","href":"https:\/\/api.w.org\/{rel}","templated":true}]}}