{"id":33617,"date":"2023-10-26T08:31:31","date_gmt":"2023-10-26T13:01:31","guid":{"rendered":"https:\/\/elmundodelosnegocios.com.do\/v1\/?p=33617"},"modified":"2023-10-26T08:31:33","modified_gmt":"2023-10-26T13:01:33","slug":"festival-de-huelva-en-espana-celebra-la-vitalidad-del-cine-dominicano-con-un-ciclo-de-producciones-recientes","status":"publish","type":"post","link":"https:\/\/elmundodelosnegocios.com.do\/v1\/festival-de-huelva-en-espana-celebra-la-vitalidad-del-cine-dominicano-con-un-ciclo-de-producciones-recientes\/","title":{"rendered":"Festival de Huelva en Espa\u00f1a celebra la vitalidad del cine dominicano con un ciclo de producciones recientes"},"content":{"rendered":"\n<p>Huelva, Espa\u00f1a.-&nbsp;<strong>El Festival de Huelva de Cine Iberoamericano<\/strong>&nbsp;rinde homenaje&nbsp;<strong>al cine de la Rep\u00fablica Dominicana<\/strong>&nbsp;con un ciclo que repasar\u00e1 las producciones realizadas en el pa\u00eds caribe\u00f1o&nbsp;<strong>que m\u00e1s han destacado<\/strong>&nbsp;en los \u00faltimos a\u00f1os. Un total de&nbsp;<strong>12 t\u00edtulos forman parte de esta selecci\u00f3n<\/strong>, que podr\u00e1n verse del&nbsp;<strong>3 al 19 de noviembre<\/strong>&nbsp;a trav\u00e9s de la plataforma Filmin.&nbsp;<\/p>\n\n\n\n<p>Este ciclo de cine dominicano viene a completar la programaci\u00f3n previa<strong>&nbsp;Festival de Huelva<\/strong>&nbsp;al inicio de la edici\u00f3n, el 10 de noviembre, como son&nbsp;<strong>Cine de Verano, Cine Club o Ventana Cin\u00e9fila<\/strong>&nbsp;(Profestivales 21).<\/p>\n\n\n\n<p>El ciclo dominicano&nbsp;<strong>se enmarca en el acuerdo<\/strong>&nbsp;firmado durante el pasado&nbsp;<strong>Festival de Cannes<\/strong>&nbsp;por la&nbsp;<strong>Direcci\u00f3n General de Cine<\/strong>&nbsp;(DGCINE) de Rep\u00fablica Dominicana y el&nbsp;<strong>Festival de Huelva<\/strong>. El objetivo es&nbsp;<strong>fomentar las alianzas entre la industria audiovisual de Espa\u00f1a y Rep\u00fablica Dominicana<\/strong>, y realizar actividades cinematogr\u00e1ficas durante las ediciones 49 (2023) y 50 (2024) del Festival de Huelva.<\/p>\n\n\n\n<p>Forman parte del ciclo las producciones: \u201cMiriam miente\u201d, dirigida por Natalia Cabral y Oriol Estrada (Espa\u00f1a, Rep\u00fablica Dominicana, 2018), y ganadora del Col\u00f3n de Oro en la edici\u00f3n n\u00famero 44 del Festival de Huelva; \u201cPerejil\u201d, de Jos\u00e9 Mar\u00eda Cabral (Rep\u00fablica Dominicana, 2022), que particip\u00f3 en la pasada edici\u00f3n del certamen onubense; \u201cBant\u00fa mama\u201d (Rep\u00fablica Dominicana, 2021), del director Iv\u00e1n Herrera, que concurs\u00f3 en 2021 en Huelva; \u201cCarpinteros\u201d, (Rep\u00fablica Dominicana, 2017), cinta de Jos\u00e9 Mar\u00eda Cabral, con la que gan\u00f3 el Premio al Mejor Director en el Festival de La Habana y que fue seleccionada en&nbsp;<em>Sundance<\/em>; \u201cJean Gentil\u201d, codirigida por Laura Amelia Guzm\u00e1n e Israel C\u00e1rdenas (Rep\u00fablica Dominicana, 2010), que fue distinguida con la Menci\u00f3n Especial del Jurado de la Mostra de Venecia; \u201cLa hembrita\u201d, tambi\u00e9n dirigida por Laura Amelia Guzm\u00e1n e Israel C\u00e1rdenas (Rep\u00fablica Dominicana, 2023); \u201cLiborio\u201d (Rep\u00fablica Dominicana, Puerto Rico, Qatar, 2021), del director Nino Mart\u00ednez Sosa; \u201cCarajita\u201d, codirigida por Ulises Porra y Silvina Schnicer (Rep\u00fablica Dominicana, Argentina, 2021), que recibi\u00f3 una Menci\u00f3n en el Festival de San Sebasti\u00e1n; \u201cUna pel\u00edcula sobre parejas\u201d, de Natalia Cabral y Oriol Estrada (Rep\u00fablica Dominicana, 2021); \u201cCocote\u201d, del realizador Nelson Carlo de los Santos Arias (Rep\u00fablica Dominicana, 2017), que consigui\u00f3 el Leopardo de Oro de la secci\u00f3n&nbsp;<em>Signs of Life<\/em>&nbsp;de la 70\u00aa edici\u00f3n del Festival de Locarno; \u201cFlor de az\u00facar\u201d, de Fernando B\u00e1ez Mella (Rep\u00fablica Dominicana, 2016); y el cortometraje \u201cMofle\u201d, dirigido por Fernando Henr\u00edquez (Rep\u00fablica Dominicana, 2021), seleccionado en el Festival Internacional de Cortos de Busan.<\/p>\n\n\n\n<p>Adem\u00e1s de este ciclo, y en virtud del acuerdo firmado entre el Festival de Huelva y DGCINE de Rep\u00fablica Dominicana para&nbsp;<strong>2023 y 2024,<\/strong>&nbsp;cuatro proyectos cinematogr\u00e1ficos de creadores dominicanos, en fase de desarrollo y financiaci\u00f3n, visitar\u00e1n la pr\u00f3xima&nbsp;<strong>49 edici\u00f3n del Festival de Huelva<\/strong>, en b\u00fasqueda de coproducci\u00f3n espa\u00f1ola. Se trata de las producciones \u201cEl sue\u00f1o\u201d, de V\u00edctor Pi\u00f1eyro; \u201cLa mansa\u201d, de Karlina Veras; \u201cMaguana racing\u201d, de Juliano Kunert; y \u201cPotspartum\u201d, de Yinna de la Cruz. Los cuatro proyectos ser\u00e1n presentados en un evento profesional, destinado a productores de cine, durante la celebraci\u00f3n de la presente edici\u00f3n, entre el&nbsp;<strong>10 y el 18 de noviembre.<\/strong><\/p>\n","protected":false},"excerpt":{"rendered":"<p>Huelva, Espa\u00f1a.-&nbsp;El Festival de Huelva de Cine Iberoamericano&nbsp;rinde homenaje&nbsp;al cine de la Rep\u00fablica Dominicana&nbsp;con un ciclo que repasar\u00e1 las producciones realizadas en el pa\u00eds caribe\u00f1o&nbsp;que m\u00e1s han destacado&nbsp;en los \u00faltimos&hellip; <\/p>\n","protected":false},"author":2,"featured_media":33618,"comment_status":"closed","ping_status":"closed","sticky":false,"template":"","format":"standard","meta":{"fifu_image_url":"","fifu_image_alt":"","footnotes":""},"categories":[148],"tags":[],"class_list":["post-33617","post","type-post","status-publish","format-standard","has-post-thumbnail","hentry","category-cultura"],"_links":{"self":[{"href":"https:\/\/elmundodelosnegocios.com.do\/v1\/wp-json\/wp\/v2\/posts\/33617","targetHints":{"allow":["GET"]}}],"collection":[{"href":"https:\/\/elmundodelosnegocios.com.do\/v1\/wp-json\/wp\/v2\/posts"}],"about":[{"href":"https:\/\/elmundodelosnegocios.com.do\/v1\/wp-json\/wp\/v2\/types\/post"}],"author":[{"embeddable":true,"href":"https:\/\/elmundodelosnegocios.com.do\/v1\/wp-json\/wp\/v2\/users\/2"}],"replies":[{"embeddable":true,"href":"https:\/\/elmundodelosnegocios.com.do\/v1\/wp-json\/wp\/v2\/comments?post=33617"}],"version-history":[{"count":0,"href":"https:\/\/elmundodelosnegocios.com.do\/v1\/wp-json\/wp\/v2\/posts\/33617\/revisions"}],"wp:featuredmedia":[{"embeddable":true,"href":"https:\/\/elmundodelosnegocios.com.do\/v1\/wp-json\/wp\/v2\/media\/33618"}],"wp:attachment":[{"href":"https:\/\/elmundodelosnegocios.com.do\/v1\/wp-json\/wp\/v2\/media?parent=33617"}],"wp:term":[{"taxonomy":"category","embeddable":true,"href":"https:\/\/elmundodelosnegocios.com.do\/v1\/wp-json\/wp\/v2\/categories?post=33617"},{"taxonomy":"post_tag","embeddable":true,"href":"https:\/\/elmundodelosnegocios.com.do\/v1\/wp-json\/wp\/v2\/tags?post=33617"}],"curies":[{"name":"wp","href":"https:\/\/api.w.org\/{rel}","templated":true}]}}