{"id":33623,"date":"2023-10-26T09:51:18","date_gmt":"2023-10-26T14:21:18","guid":{"rendered":"https:\/\/elmundodelosnegocios.com.do\/v1\/?p=33623"},"modified":"2023-10-26T09:51:19","modified_gmt":"2023-10-26T14:21:19","slug":"fundacion-popular-infotep-y-campesinos-de-blanco-firman-acuerdo","status":"publish","type":"post","link":"https:\/\/elmundodelosnegocios.com.do\/v1\/fundacion-popular-infotep-y-campesinos-de-blanco-firman-acuerdo\/","title":{"rendered":"Fundaci\u00f3n Popular, INFOTEP y campesinos de Blanco firman acuerdo"},"content":{"rendered":"\n<p><strong>Ofrecer\u00e1n formaci\u00f3n t\u00e9cnica profesional a poblaci\u00f3n rural<\/strong><\/p>\n\n\n\n<p>Santo Domingo, DN.- La Fundaci\u00f3n Popular, el Instituto Nacional de Formaci\u00f3n T\u00e9cnico Profesional (INFOTEP) y la Federaci\u00f3n de Campesinos hacia el Progreso firmaron un acuerdo de colaboraci\u00f3n para ofrecer formaci\u00f3n t\u00e9cnica profesional a la poblaci\u00f3n rural residente en la comunidad de Loma de Blanco, Bonao, provincia Monse\u00f1or Nouel, donde se desarrolla un proyecto de comunidad sostenible.<\/p>\n\n\n\n<figure class=\"wp-block-image size-large\"><img loading=\"lazy\" decoding=\"async\" width=\"1024\" height=\"683\" src=\"https:\/\/elmundodelosnegocios.com.do\/v1\/wp-content\/uploads\/2023\/10\/4-IMG_0117-bpd-2-1024x683.jpg\" alt=\"\" class=\"wp-image-33624\" srcset=\"https:\/\/elmundodelosnegocios.com.do\/v1\/wp-content\/uploads\/2023\/10\/4-IMG_0117-bpd-2-1024x683.jpg 1024w, https:\/\/elmundodelosnegocios.com.do\/v1\/wp-content\/uploads\/2023\/10\/4-IMG_0117-bpd-2-300x200.jpg 300w, https:\/\/elmundodelosnegocios.com.do\/v1\/wp-content\/uploads\/2023\/10\/4-IMG_0117-bpd-2-768x512.jpg 768w, https:\/\/elmundodelosnegocios.com.do\/v1\/wp-content\/uploads\/2023\/10\/4-IMG_0117-bpd-2-1536x1024.jpg 1536w, https:\/\/elmundodelosnegocios.com.do\/v1\/wp-content\/uploads\/2023\/10\/4-IMG_0117-bpd-2-2048x1365.jpg 2048w\" sizes=\"auto, (max-width: 1024px) 100vw, 1024px\" \/><\/figure>\n\n\n\n<p>Inicialmente, se implementar\u00e1 un programa formativo, compuesto por siete cursos prioritarios, orientados a que j\u00f3venes y adultos adquieran las destrezas y conocimientos necesarios para insertarse en las iniciativas productivas impulsadas a trav\u00e9s del Programa Desarrollo Integral Inclusivo en Blanco.<\/p>\n\n\n\n<figure class=\"wp-block-image size-large\"><img loading=\"lazy\" decoding=\"async\" width=\"1024\" height=\"683\" src=\"https:\/\/elmundodelosnegocios.com.do\/v1\/wp-content\/uploads\/2023\/10\/2-DSC01158-bpd-2-1024x683.jpg\" alt=\"\" class=\"wp-image-33625\" srcset=\"https:\/\/elmundodelosnegocios.com.do\/v1\/wp-content\/uploads\/2023\/10\/2-DSC01158-bpd-2-1024x683.jpg 1024w, https:\/\/elmundodelosnegocios.com.do\/v1\/wp-content\/uploads\/2023\/10\/2-DSC01158-bpd-2-300x200.jpg 300w, https:\/\/elmundodelosnegocios.com.do\/v1\/wp-content\/uploads\/2023\/10\/2-DSC01158-bpd-2-768x512.jpg 768w, https:\/\/elmundodelosnegocios.com.do\/v1\/wp-content\/uploads\/2023\/10\/2-DSC01158-bpd-2-1536x1024.jpg 1536w, https:\/\/elmundodelosnegocios.com.do\/v1\/wp-content\/uploads\/2023\/10\/2-DSC01158-bpd-2-2048x1365.jpg 2048w\" sizes=\"auto, (max-width: 1024px) 100vw, 1024px\" \/><\/figure>\n\n\n\n<p>El acuerdo contempla, adem\u00e1s, la mejora de las competencias del personal a cargo de la atenci\u00f3n del Complejo Ecotur\u00edstico R\u00edo Blanco (COETURB), un conjunto de alojamientos gestionados por la comunidad de Blanco, desde donde se promueve el turismo rural, cultural y de aventura.<\/p>\n\n\n\n<figure class=\"wp-block-image size-large\"><img loading=\"lazy\" decoding=\"async\" width=\"1024\" height=\"683\" src=\"https:\/\/elmundodelosnegocios.com.do\/v1\/wp-content\/uploads\/2023\/10\/3-DSC01372-bpd-2-1024x683.jpg\" alt=\"\" class=\"wp-image-33626\" srcset=\"https:\/\/elmundodelosnegocios.com.do\/v1\/wp-content\/uploads\/2023\/10\/3-DSC01372-bpd-2-1024x683.jpg 1024w, https:\/\/elmundodelosnegocios.com.do\/v1\/wp-content\/uploads\/2023\/10\/3-DSC01372-bpd-2-300x200.jpg 300w, https:\/\/elmundodelosnegocios.com.do\/v1\/wp-content\/uploads\/2023\/10\/3-DSC01372-bpd-2-768x512.jpg 768w, https:\/\/elmundodelosnegocios.com.do\/v1\/wp-content\/uploads\/2023\/10\/3-DSC01372-bpd-2-1536x1024.jpg 1536w, https:\/\/elmundodelosnegocios.com.do\/v1\/wp-content\/uploads\/2023\/10\/3-DSC01372-bpd-2-2048x1365.jpg 2048w\" sizes=\"auto, (max-width: 1024px) 100vw, 1024px\" \/><\/figure>\n\n\n\n<p>Asimismo, se ofrecer\u00e1 formaci\u00f3n para el fortalecimiento institucional del COETURB, y su aval para convertirlo en un espacio formativo autorizado por el INFOTEP, lo que dar\u00e1 sostenibilidad al proyecto.<\/p>\n\n\n\n<p><strong>Desarrollo inclusivo y sostenible<\/strong><\/p>\n\n\n\n<p>Con sus m\u00e1s de 29,400 hect\u00e1reas, que equivalen al 30% de la provincia Monse\u00f1or Nouel, la localidad de Blanco, ubicada en el Alto Yuna, tiene una marcada importancia h\u00eddrica, ya que alberga 177 kil\u00f3metros de r\u00edos y arroyos, y cuenta con una cobertura boscosa del 60% de su superficie. En t\u00e9rminos demogr\u00e1ficos, est\u00e1 compuesta por 19 comunidades rurales con aproximadamente 700 familias.<\/p>\n\n\n\n<figure class=\"wp-block-image size-large\"><img loading=\"lazy\" decoding=\"async\" width=\"1024\" height=\"683\" src=\"https:\/\/elmundodelosnegocios.com.do\/v1\/wp-content\/uploads\/2023\/10\/5-IMG_01285-bpd-2-1024x683.jpg\" alt=\"\" class=\"wp-image-33627\" srcset=\"https:\/\/elmundodelosnegocios.com.do\/v1\/wp-content\/uploads\/2023\/10\/5-IMG_01285-bpd-2-1024x683.jpg 1024w, https:\/\/elmundodelosnegocios.com.do\/v1\/wp-content\/uploads\/2023\/10\/5-IMG_01285-bpd-2-300x200.jpg 300w, https:\/\/elmundodelosnegocios.com.do\/v1\/wp-content\/uploads\/2023\/10\/5-IMG_01285-bpd-2-768x512.jpg 768w, https:\/\/elmundodelosnegocios.com.do\/v1\/wp-content\/uploads\/2023\/10\/5-IMG_01285-bpd-2-1536x1024.jpg 1536w, https:\/\/elmundodelosnegocios.com.do\/v1\/wp-content\/uploads\/2023\/10\/5-IMG_01285-bpd-2-2048x1365.jpg 2048w\" sizes=\"auto, (max-width: 1024px) 100vw, 1024px\" \/><\/figure>\n\n\n\n<p>La Fundaci\u00f3n Popular acompa\u00f1a el desarrollo del Programa Desarrollo Integral Inclusivo en Blanco desde hace aproximadamente dos a\u00f1os, una contribuci\u00f3n que ha permitido a la comunidad mejorar sus niveles de educaci\u00f3n y capacitaci\u00f3n.<\/p>\n\n\n\n<p>Este aumento educativo ha impulsado a su vez iniciativas productivas como el complejo ecotur\u00edstico, una marca de caf\u00e9 de alta calidad, la producci\u00f3n de abono org\u00e1nico y su respectiva infraestructura, y el establecimiento de huertos familiares para diversificar la producci\u00f3n agropecuaria.<\/p>\n\n\n\n<p><strong>Valoraciones de la iniciativa<\/strong><\/p>\n\n\n\n<p>El acto de firma se realiz\u00f3 en la sede del INFOTEP con la participaci\u00f3n de ejecutivos del Grupo Popular, directivos de esa entidad tripartita y representantes de la comunidad de Blanco.<\/p>\n\n\n\n<p>El se\u00f1or Jos\u00e9 M\u00e1rmol, vicepresidente ejecutivo de Comunicaciones Corporativas, Reputaci\u00f3n y Banca Responsable de Grupo Popular y vicepresidente de la Junta Directiva de la Fundaci\u00f3n Popular, destac\u00f3 la importancia de Blanco como ejemplo de proyecto inclusivo.<\/p>\n\n\n\n<p>\u201cEl objetivo es que Blanco sirva de ejemplo sobre c\u00f3mo es posible hacer convivir en armon\u00eda el alt\u00edsimo valor medioambiental de esta demarcaci\u00f3n, con el progreso econ\u00f3mico y social, que permita una vida digna a los habitantes y sus descendientes\u00bb, indic\u00f3 el ejecutivo de Grupo Popular.<\/p>\n\n\n\n<p>El profesor Rafael Santos Bad\u00eda, director general del INFOTEP, explic\u00f3 que la instituci\u00f3n dise\u00f1ar\u00e1 y actualizar\u00e1 capacitaciones que cumplan con las necesidades de la Federaci\u00f3n con especial inter\u00e9s, adem\u00e1s del turismo, en agricultura, artesan\u00eda, habilidades transversales y el programa Formador de Formadores.<strong><\/strong><\/p>\n\n\n\n<p>\u201cINFOTEP impartir\u00e1 dentro de este proyecto, programas orientados a los j\u00f3venes y adultos en edades entre los 15 y 30 a\u00f1os, con especial \u00e9nfasis en la inclusi\u00f3n de la mujer, por lo que, al suscribir este acuerdo, reafirmamos nuestra misi\u00f3n de servir efectivamente en la formaci\u00f3n y capacitaci\u00f3n de todos los dominicanos para un mejor y m\u00e1s productivo futuro\u00bb, resalt\u00f3 Santos Bad\u00eda.<\/p>\n\n\n\n<p>En tanto, el se\u00f1or Esteban Polanco, presidente de la Federaci\u00f3n de Campesinos hacia el Progreso, valor\u00f3 positivamente la firma del acuerdo, rese\u00f1ando que \u201ceste convenio marcar\u00e1 un antes y un despu\u00e9s para las familias campesinas que nos ha tocado vivir en la regi\u00f3n Madre de las Aguas\u00bb.<\/p>\n\n\n\n<p>En adici\u00f3n, por parte del INFOTEP, estuvieron presentes en la firma del acuerdo las se\u00f1oras Maira Morla, subdirectora general; Rosanna Hernando, encargada de Acuerdos Interinstitucionales; as\u00ed como otros miembros del equipo directivo de la instituci\u00f3n.<\/p>\n","protected":false},"excerpt":{"rendered":"<p>Ofrecer\u00e1n formaci\u00f3n t\u00e9cnica profesional a poblaci\u00f3n rural Santo Domingo, DN.- La Fundaci\u00f3n Popular, el Instituto Nacional de Formaci\u00f3n T\u00e9cnico Profesional (INFOTEP) y la Federaci\u00f3n de Campesinos hacia el Progreso firmaron&hellip; <\/p>\n","protected":false},"author":2,"featured_media":33624,"comment_status":"closed","ping_status":"closed","sticky":false,"template":"","format":"standard","meta":{"fifu_image_url":"","fifu_image_alt":"","footnotes":""},"categories":[78],"tags":[],"class_list":["post-33623","post","type-post","status-publish","format-standard","has-post-thumbnail","hentry","category-con-responsabilidad"],"_links":{"self":[{"href":"https:\/\/elmundodelosnegocios.com.do\/v1\/wp-json\/wp\/v2\/posts\/33623","targetHints":{"allow":["GET"]}}],"collection":[{"href":"https:\/\/elmundodelosnegocios.com.do\/v1\/wp-json\/wp\/v2\/posts"}],"about":[{"href":"https:\/\/elmundodelosnegocios.com.do\/v1\/wp-json\/wp\/v2\/types\/post"}],"author":[{"embeddable":true,"href":"https:\/\/elmundodelosnegocios.com.do\/v1\/wp-json\/wp\/v2\/users\/2"}],"replies":[{"embeddable":true,"href":"https:\/\/elmundodelosnegocios.com.do\/v1\/wp-json\/wp\/v2\/comments?post=33623"}],"version-history":[{"count":0,"href":"https:\/\/elmundodelosnegocios.com.do\/v1\/wp-json\/wp\/v2\/posts\/33623\/revisions"}],"wp:featuredmedia":[{"embeddable":true,"href":"https:\/\/elmundodelosnegocios.com.do\/v1\/wp-json\/wp\/v2\/media\/33624"}],"wp:attachment":[{"href":"https:\/\/elmundodelosnegocios.com.do\/v1\/wp-json\/wp\/v2\/media?parent=33623"}],"wp:term":[{"taxonomy":"category","embeddable":true,"href":"https:\/\/elmundodelosnegocios.com.do\/v1\/wp-json\/wp\/v2\/categories?post=33623"},{"taxonomy":"post_tag","embeddable":true,"href":"https:\/\/elmundodelosnegocios.com.do\/v1\/wp-json\/wp\/v2\/tags?post=33623"}],"curies":[{"name":"wp","href":"https:\/\/api.w.org\/{rel}","templated":true}]}}