{"id":33655,"date":"2023-10-26T14:22:17","date_gmt":"2023-10-26T18:52:17","guid":{"rendered":"https:\/\/elmundodelosnegocios.com.do\/v1\/?p=33655"},"modified":"2023-10-26T14:22:19","modified_gmt":"2023-10-26T18:52:19","slug":"republica-dominicana-participa-en-el-8vo-foro-mundial-de-inversiones-de-la-unctad","status":"publish","type":"post","link":"https:\/\/elmundodelosnegocios.com.do\/v1\/republica-dominicana-participa-en-el-8vo-foro-mundial-de-inversiones-de-la-unctad\/","title":{"rendered":"Rep\u00fablica Dominicana participa en el 8vo. Foro Mundial de Inversiones de la UNCTAD"},"content":{"rendered":"\n<p>Santo Domingo. Con el objetivo de continuar promocionando el clima favorable y sostenible de inversi\u00f3n de la Rep\u00fablica Dominicana, el director de Inversi\u00f3n del Centro de Exportaci\u00f3n e Inversi\u00f3n de la Rep\u00fablica Dominicana (ProDomincana), Marcial Smester, particip\u00f3 en el 8vo. Foro Mundial de Inversiones 2023 de la Conferencia de las Naciones Unidas sobre Comercio y Desarrollo (UNCTAD) celebrado en Abu Dhabi, Emiratos \u00c1rabes Unidos.<\/p>\n\n\n<div class=\"wp-block-image\">\n<figure class=\"aligncenter size-large\"><img loading=\"lazy\" decoding=\"async\" width=\"1024\" height=\"576\" src=\"https:\/\/elmundodelosnegocios.com.do\/v1\/wp-content\/uploads\/2023\/10\/Foro-Mundial-1024x576.jpeg\" alt=\"\" class=\"wp-image-33656\" srcset=\"https:\/\/elmundodelosnegocios.com.do\/v1\/wp-content\/uploads\/2023\/10\/Foro-Mundial-1024x576.jpeg 1024w, https:\/\/elmundodelosnegocios.com.do\/v1\/wp-content\/uploads\/2023\/10\/Foro-Mundial-300x169.jpeg 300w, https:\/\/elmundodelosnegocios.com.do\/v1\/wp-content\/uploads\/2023\/10\/Foro-Mundial-768x432.jpeg 768w, https:\/\/elmundodelosnegocios.com.do\/v1\/wp-content\/uploads\/2023\/10\/Foro-Mundial-1536x864.jpeg 1536w, https:\/\/elmundodelosnegocios.com.do\/v1\/wp-content\/uploads\/2023\/10\/Foro-Mundial.jpeg 1600w\" sizes=\"auto, (max-width: 1024px) 100vw, 1024px\" \/><\/figure>\n<\/div>\n\n\n<p>A trav\u00e9s del tema \u00abInvertir en el desarrollo sostenible\u00bb, el foro se alinea estrat\u00e9gicamente con las pr\u00f3ximas conversaciones sobre el cambio clim\u00e1tico global en la COP28. El evento realizado en Abu Dhabi, Emiratos \u00c1rabes Unidos, y se centr\u00f3 en los desaf\u00edos de inversi\u00f3n que enfrentan los pa\u00edses en desarrollo del mundo en medio de las crisis globales actuales.<\/p>\n\n\n<div class=\"wp-block-image\">\n<figure class=\"aligncenter size-large\"><img loading=\"lazy\" decoding=\"async\" width=\"1024\" height=\"576\" src=\"https:\/\/elmundodelosnegocios.com.do\/v1\/wp-content\/uploads\/2023\/10\/Marcial-Smester-1024x576.jpeg\" alt=\"\" class=\"wp-image-33657\" srcset=\"https:\/\/elmundodelosnegocios.com.do\/v1\/wp-content\/uploads\/2023\/10\/Marcial-Smester-1024x576.jpeg 1024w, https:\/\/elmundodelosnegocios.com.do\/v1\/wp-content\/uploads\/2023\/10\/Marcial-Smester-300x169.jpeg 300w, https:\/\/elmundodelosnegocios.com.do\/v1\/wp-content\/uploads\/2023\/10\/Marcial-Smester-768x432.jpeg 768w, https:\/\/elmundodelosnegocios.com.do\/v1\/wp-content\/uploads\/2023\/10\/Marcial-Smester.jpeg 1516w\" sizes=\"auto, (max-width: 1024px) 100vw, 1024px\" \/><\/figure>\n<\/div>\n\n\n<p>En ese sentido, Smester particip\u00f3 en diferentes paneles como el foro denominado:&nbsp; \u00abSME&#8217;s internationalization\u00bb, que reuni\u00f3 a responsables pol\u00edticos, l\u00edderes empresariales y representantes de organizaciones internacionales para explorar los desaf\u00edos y oportunidades asociados con la internacionalizaci\u00f3n de las PYMES y en la sesi\u00f3n titulada \u00abInternational business policy for sustainable growth\u00bb, en la que se analizaron las tendencias en las pol\u00edticas globales que han contribuido al crecimiento sostenible, as\u00ed como las amenazas para el continuo desarrollo de pol\u00edticas de sostenibilidad a nivel global, as\u00ed como en la mesa redonda ministerial de alto nivel para \u00abSmall Island Developing States and Investment Guarantees\u00bb.<\/p>\n\n\n\n<p>Durante sus disertaciones, el director de inversi\u00f3n de ProDominicana, explic\u00f3 los atributos que ofrece la Rep\u00fablica Dominicana para la inversi\u00f3n extranjera, destacando la estrat\u00e9gica ubicaci\u00f3n geogr\u00e1fica, estabilidad macroecon\u00f3mica y pol\u00edtica, avanzada infraestructura, una creciente inserci\u00f3n en los mercados internacionales.<\/p>\n\n\n\n<p>Asimismo, el desarrollo en la diversificaci\u00f3n de los sectores econ\u00f3micos y pol\u00edticas para el fomento de la inversi\u00f3n, as\u00ed como la variedad de recursos naturales y el talento humano competitivo que posee la Rep\u00fablica Dominicana.<\/p>\n\n\n\n<p>Adem\u00e1s, las garant\u00edas jur\u00eddicas que protegen y estimulan la inversi\u00f3n, las reformas regulatorias, las pol\u00edticas p\u00fablicas impulsadas por el Gobierno para ejecutar un proyecto de inversi\u00f3n sea m\u00e1s simple, m\u00e1s \u00e1gil y estrat\u00e9gico, como es la Ventanilla \u00danica de Inversi\u00f3n dentro del Programa Burocracia Cero.<\/p>\n\n\n\n<p>\u201cDentro de nuestras participaciones en los foros destacamos tambi\u00e9n las oportunidades de inversi\u00f3n que brinda el pa\u00eds en cuanto a desarrollo sostenible y amigable con el medio ambiente\u201d, puntualiz\u00f3.<\/p>\n\n\n\n<p>Se destaca que el Foro Mundial de Inversiones de la (UNCTAD) es la plataforma mundial por excelencia para la inversi\u00f3n y el desarrollo.<\/p>\n","protected":false},"excerpt":{"rendered":"<p>Santo Domingo. Con el objetivo de continuar promocionando el clima favorable y sostenible de inversi\u00f3n de la Rep\u00fablica Dominicana, el director de Inversi\u00f3n del Centro de Exportaci\u00f3n e Inversi\u00f3n de&hellip; <\/p>\n","protected":false},"author":2,"featured_media":33656,"comment_status":"closed","ping_status":"closed","sticky":false,"template":"","format":"standard","meta":{"fifu_image_url":"","fifu_image_alt":"","footnotes":""},"categories":[74],"tags":[],"class_list":["post-33655","post","type-post","status-publish","format-standard","has-post-thumbnail","hentry","category-comercio-internacional"],"_links":{"self":[{"href":"https:\/\/elmundodelosnegocios.com.do\/v1\/wp-json\/wp\/v2\/posts\/33655","targetHints":{"allow":["GET"]}}],"collection":[{"href":"https:\/\/elmundodelosnegocios.com.do\/v1\/wp-json\/wp\/v2\/posts"}],"about":[{"href":"https:\/\/elmundodelosnegocios.com.do\/v1\/wp-json\/wp\/v2\/types\/post"}],"author":[{"embeddable":true,"href":"https:\/\/elmundodelosnegocios.com.do\/v1\/wp-json\/wp\/v2\/users\/2"}],"replies":[{"embeddable":true,"href":"https:\/\/elmundodelosnegocios.com.do\/v1\/wp-json\/wp\/v2\/comments?post=33655"}],"version-history":[{"count":0,"href":"https:\/\/elmundodelosnegocios.com.do\/v1\/wp-json\/wp\/v2\/posts\/33655\/revisions"}],"wp:featuredmedia":[{"embeddable":true,"href":"https:\/\/elmundodelosnegocios.com.do\/v1\/wp-json\/wp\/v2\/media\/33656"}],"wp:attachment":[{"href":"https:\/\/elmundodelosnegocios.com.do\/v1\/wp-json\/wp\/v2\/media?parent=33655"}],"wp:term":[{"taxonomy":"category","embeddable":true,"href":"https:\/\/elmundodelosnegocios.com.do\/v1\/wp-json\/wp\/v2\/categories?post=33655"},{"taxonomy":"post_tag","embeddable":true,"href":"https:\/\/elmundodelosnegocios.com.do\/v1\/wp-json\/wp\/v2\/tags?post=33655"}],"curies":[{"name":"wp","href":"https:\/\/api.w.org\/{rel}","templated":true}]}}