{"id":33665,"date":"2023-10-27T15:27:52","date_gmt":"2023-10-27T19:57:52","guid":{"rendered":"https:\/\/elmundodelosnegocios.com.do\/v1\/?p=33665"},"modified":"2023-10-27T15:27:54","modified_gmt":"2023-10-27T19:57:54","slug":"anuncian-ix-encuentro-anual-para-el-desarrollo-turistico-de-samana","status":"publish","type":"post","link":"https:\/\/elmundodelosnegocios.com.do\/v1\/anuncian-ix-encuentro-anual-para-el-desarrollo-turistico-de-samana\/","title":{"rendered":"Anuncian IX Encuentro Anual para el Desarrollo Tur\u00edstico de Saman\u00e1"},"content":{"rendered":"\n<h2 class=\"wp-block-heading\">El Cl\u00faster Tur\u00edstico de Saman\u00e1 y la Asociaci\u00f3n de Hoteles y Empresas Tur\u00edsticas de Saman\u00e1 se preparan para un evento crucial en la provincia.<\/h2>\n\n\n\n<p>Saman\u00e1, Rep\u00fablica Dominicana \u2013 El Cl\u00faster Tur\u00edstico de Saman\u00e1 (CTS) y la Asociaci\u00f3n de Hoteles y Empresas Tur\u00edsticas de Saman\u00e1 (AHETSA) han anunciado con entusiasmo la realizaci\u00f3n de su IX Encuentro Anual para el Desarrollo Tur\u00edstico de Saman\u00e1. Este evento, que se llevar\u00e1 a cabo el pr\u00f3ximo lunes 20 de noviembre a las 10:00 a.m. en el Sal\u00f3n Santa Barbar\u00e1 de Puerto Bah\u00eda, Saman\u00e1, tiene como lema \u201cSaman\u00e1, educaci\u00f3n y competitividad en un destino\u201d.<\/p>\n\n\n<div class=\"wp-block-image\">\n<figure class=\"aligncenter size-large\"><img loading=\"lazy\" decoding=\"async\" width=\"1024\" height=\"683\" src=\"https:\/\/elmundodelosnegocios.com.do\/v1\/wp-content\/uploads\/2023\/10\/IMG_9459-scaled-1-1024x683.jpeg\" alt=\"\" class=\"wp-image-33666\" srcset=\"https:\/\/elmundodelosnegocios.com.do\/v1\/wp-content\/uploads\/2023\/10\/IMG_9459-scaled-1-1024x683.jpeg 1024w, https:\/\/elmundodelosnegocios.com.do\/v1\/wp-content\/uploads\/2023\/10\/IMG_9459-scaled-1-300x200.jpeg 300w, https:\/\/elmundodelosnegocios.com.do\/v1\/wp-content\/uploads\/2023\/10\/IMG_9459-scaled-1-768x512.jpeg 768w, https:\/\/elmundodelosnegocios.com.do\/v1\/wp-content\/uploads\/2023\/10\/IMG_9459-scaled-1-1536x1024.jpeg 1536w, https:\/\/elmundodelosnegocios.com.do\/v1\/wp-content\/uploads\/2023\/10\/IMG_9459-scaled-1-2048x1366.jpeg 2048w\" sizes=\"auto, (max-width: 1024px) 100vw, 1024px\" \/><\/figure>\n<\/div>\n\n\n<p>Uno de los puntos clave de este encuentro es poner en contexto la importancia de la educaci\u00f3n en el progreso de un destino tur\u00edstico. La provincia de Saman\u00e1 se enfrenta al desaf\u00edo de formar colaboradores altamente calificados para impulsar el desarrollo local. Actualmente, muchas empresas tur\u00edsticas se ven obligadas a contratar personal de fuera de la provincia debido a la falta de profesionales locales capacitados.<\/p>\n\n\n\n<figure class=\"wp-block-image\"><img decoding=\"async\" src=\"https:\/\/i0.wp.com\/www.diariodigital.com.do\/wp-content\/uploads\/2023\/10\/IMG_9460-1024x678.jpeg?resize=1024%2C678&amp;ssl=1\" alt=\"\" class=\"wp-image-584298\"\/><\/figure>\n\n\n\n<p>Jes\u00fas Dur\u00e1n, presidente del Cl\u00faster Tur\u00edstico de Saman\u00e1 (CTS), destac\u00f3 la colaboraci\u00f3n continua con el INFOTEP, a trav\u00e9s de un convenio que permite la formaci\u00f3n de acuerdo a las necesidades del sector. Esta asociaci\u00f3n busca abordar este desaf\u00edo de manera efectiva.<\/p>\n\n\n\n<blockquote class=\"wp-block-quote is-layout-flow wp-block-quote-is-layout-flow\">\n<p>Por su parte, Juan Bancalari, presidente de la Asociaci\u00f3n de Hoteles y Empresas Tur\u00edsticas de Saman\u00e1 (AHETSA), celebr\u00f3 el crecimiento de la ocupaci\u00f3n hotelera en la regi\u00f3n gracias al turismo. Destac\u00f3 el apoyo constante del Ministerio de Turismo y el Gobierno central en el desarrollo tur\u00edstico de Saman\u00e1.<\/p>\n<\/blockquote>\n\n\n\n<blockquote class=\"wp-block-quote is-layout-flow wp-block-quote-is-layout-flow\">\n<blockquote class=\"wp-block-quote is-layout-flow wp-block-quote-is-layout-flow\">\n<ul class=\"wp-block-list\"><\/ul>\n<\/blockquote>\n<\/blockquote>\n\n\n\n<p>Un atractivo adicional de este encuentro ser\u00e1 la presencia de figuras destacadas en el \u00e1mbito tur\u00edstico y educativo. El cantautor Ricardo Montaner, conocido por su inversi\u00f3n en el sector tur\u00edstico de Saman\u00e1 a trav\u00e9s de su fundaci\u00f3n, ser\u00e1 el ponente principal. Tambi\u00e9n se contar\u00e1 con la participaci\u00f3n del Ministro de la Presidencia, Joel Santos Echavarr\u00eda, y otros expertos como Carolina Plata, Gerente de Proyecto The House Project\/ Fundaci\u00f3n Atrapando Nubes, y Enrique Darwin Caraballo, director ejecutivo de EDUCA.<\/p>\n\n\n\n<p>El evento reunir\u00e1 a diversas personalidades, incluyendo a Leonor Elm\u00fadesi de Bancalari, directora general en comunidad educativa Lux Mundi, Alejandro Matas, director de la Fundaci\u00f3n Ecol\u00f3gica ECO-Bah\u00eda de Bah\u00eda Pr\u00edncipe, y Jovanny Rodr\u00edguez, vicerrector acad\u00e9mico de la Universidad Abierta para Adultos (UAPA).<\/p>\n\n\n\n<p><strong>Una parte especial de la ceremonia ser\u00e1 la entrega del reconocimiento al alcalde y director de Distrito Municipal del a\u00f1o 2023, en reconocimiento a sus contribuciones al desarrollo de Saman\u00e1.<\/strong><\/p>\n\n\n\n<p>En colaboraci\u00f3n con proyectos de la Cooperaci\u00f3n Alemana para el Desarrollo, GIZ, se otorgar\u00e1 el premio de Sostenibilidad Tur\u00edstica Empresarial por primera vez. Este premio reconoce la excelencia en sostenibilidad ambiental, social y econ\u00f3mica de las empresas miembros del CTS &amp; AHETSA que implementan iniciativas y pr\u00e1cticas sostenibles.<\/p>\n\n\n\n<p>El IX Encuentro Anual para el desarrollo tur\u00edstico de Saman\u00e1 cuenta con el patrocinio de importantes entidades como el Ministerio de Turismo, Banco Popular Dominicano, Cayo Levantado Resort, Montval Ingenier\u00eda, Banreservas, Instituto de Formaci\u00f3n T\u00e9cnico Profesional (INFOTEP), Bancalari Corredores de Seguros, Bonita Group, Indusnig, Arpels Constructora, Hospitality Management Solutions, The Bannister Hotel, Xeliter, AERODOM, Hacienda Saman\u00e1 Bay, Saman\u00e1 Bayport, Universidad Abierta para Adultos (UAPA), Wendy Marte Abogados y Bigentik Group.<\/p>\n\n\n\n<p>Este evento promete ser una plataforma clave para discutir el futuro del turismo en Saman\u00e1 y c\u00f3mo la educaci\u00f3n y la competitividad son fundamentales para asegurar su desarrollo sostenible.<\/p>\n","protected":false},"excerpt":{"rendered":"<p>El Cl\u00faster Tur\u00edstico de Saman\u00e1 y la Asociaci\u00f3n de Hoteles y Empresas Tur\u00edsticas de Saman\u00e1 se preparan para un evento crucial en la provincia. Saman\u00e1, Rep\u00fablica Dominicana \u2013 El Cl\u00faster&hellip; <\/p>\n","protected":false},"author":2,"featured_media":33666,"comment_status":"closed","ping_status":"closed","sticky":false,"template":"","format":"standard","meta":{"fifu_image_url":"","fifu_image_alt":"","footnotes":""},"categories":[172],"tags":[],"class_list":["post-33665","post","type-post","status-publish","format-standard","has-post-thumbnail","hentry","category-turismo"],"_links":{"self":[{"href":"https:\/\/elmundodelosnegocios.com.do\/v1\/wp-json\/wp\/v2\/posts\/33665","targetHints":{"allow":["GET"]}}],"collection":[{"href":"https:\/\/elmundodelosnegocios.com.do\/v1\/wp-json\/wp\/v2\/posts"}],"about":[{"href":"https:\/\/elmundodelosnegocios.com.do\/v1\/wp-json\/wp\/v2\/types\/post"}],"author":[{"embeddable":true,"href":"https:\/\/elmundodelosnegocios.com.do\/v1\/wp-json\/wp\/v2\/users\/2"}],"replies":[{"embeddable":true,"href":"https:\/\/elmundodelosnegocios.com.do\/v1\/wp-json\/wp\/v2\/comments?post=33665"}],"version-history":[{"count":0,"href":"https:\/\/elmundodelosnegocios.com.do\/v1\/wp-json\/wp\/v2\/posts\/33665\/revisions"}],"wp:featuredmedia":[{"embeddable":true,"href":"https:\/\/elmundodelosnegocios.com.do\/v1\/wp-json\/wp\/v2\/media\/33666"}],"wp:attachment":[{"href":"https:\/\/elmundodelosnegocios.com.do\/v1\/wp-json\/wp\/v2\/media?parent=33665"}],"wp:term":[{"taxonomy":"category","embeddable":true,"href":"https:\/\/elmundodelosnegocios.com.do\/v1\/wp-json\/wp\/v2\/categories?post=33665"},{"taxonomy":"post_tag","embeddable":true,"href":"https:\/\/elmundodelosnegocios.com.do\/v1\/wp-json\/wp\/v2\/tags?post=33665"}],"curies":[{"name":"wp","href":"https:\/\/api.w.org\/{rel}","templated":true}]}}