{"id":33690,"date":"2023-10-29T18:47:33","date_gmt":"2023-10-29T23:17:33","guid":{"rendered":"https:\/\/elmundodelosnegocios.com.do\/v1\/?p=33690"},"modified":"2023-10-30T07:42:25","modified_gmt":"2023-10-30T12:12:25","slug":"voluntarios-del-banco-popular-realizan-reforestacion-en-la-sierra","status":"publish","type":"post","link":"https:\/\/elmundodelosnegocios.com.do\/v1\/voluntarios-del-banco-popular-realizan-reforestacion-en-la-sierra\/","title":{"rendered":"Realizan Voluntarios del Popular reforestaci\u00f3n en La Sierra"},"content":{"rendered":"\n<p><strong>80 colaboradores sembraron 2,500 \u00e1rboles en 67 tareas<\/strong><\/p>\n\n\n\n<p>El Batey del Ceb\u00fa, San Jos\u00e9 de las Matas. \u2013 Colaboradores voluntarios del Banco Popular Dominicano realizaron el pasado viernes 27 de octubre la tercera jornada de reforestaci\u00f3n del a\u00f1o, con el objetivo de seguir contribuyendo con el aumento y recuperaci\u00f3n de la cobertura forestal, la retenci\u00f3n de suelo, la protecci\u00f3n de las cuencas hidrogr\u00e1ficas y la capacidad de captura de di\u00f3xido de carbono de la Rep\u00fablica Dominicana.<\/p>\n\n\n<div class=\"wp-block-image\">\n<figure class=\"aligncenter size-large\"><img loading=\"lazy\" decoding=\"async\" width=\"1024\" height=\"683\" src=\"https:\/\/elmundodelosnegocios.com.do\/v1\/wp-content\/uploads\/2023\/10\/1-16-1024x683.jpg\" alt=\"\" class=\"wp-image-33691\" srcset=\"https:\/\/elmundodelosnegocios.com.do\/v1\/wp-content\/uploads\/2023\/10\/1-16-1024x683.jpg 1024w, https:\/\/elmundodelosnegocios.com.do\/v1\/wp-content\/uploads\/2023\/10\/1-16-300x200.jpg 300w, https:\/\/elmundodelosnegocios.com.do\/v1\/wp-content\/uploads\/2023\/10\/1-16-768x512.jpg 768w, https:\/\/elmundodelosnegocios.com.do\/v1\/wp-content\/uploads\/2023\/10\/1-16.jpg 1068w\" sizes=\"auto, (max-width: 1024px) 100vw, 1024px\" \/><\/figure>\n<\/div>\n\n\n<p>La jornada se realiz\u00f3 en la comunidad El Batey del Ceb\u00fa, municipio de San Jos\u00e9 de las Matas, provincia Santiago, dentro del \u00e1rea de actuaci\u00f3n del Plan Sierra y cont\u00f3 con la participaci\u00f3n de 80 colaboradores del Voluntariado Popular, quienes plantaron 2,500 \u00e1rboles en 67 tareas.<\/p>\n\n\n<div class=\"wp-block-image\">\n<figure class=\"aligncenter size-large\"><img loading=\"lazy\" decoding=\"async\" width=\"1024\" height=\"683\" src=\"https:\/\/elmundodelosnegocios.com.do\/v1\/wp-content\/uploads\/2023\/10\/2-8-1024x683.jpg\" alt=\"\" class=\"wp-image-33692\" srcset=\"https:\/\/elmundodelosnegocios.com.do\/v1\/wp-content\/uploads\/2023\/10\/2-8-1024x683.jpg 1024w, https:\/\/elmundodelosnegocios.com.do\/v1\/wp-content\/uploads\/2023\/10\/2-8-300x200.jpg 300w, https:\/\/elmundodelosnegocios.com.do\/v1\/wp-content\/uploads\/2023\/10\/2-8-768x512.jpg 768w, https:\/\/elmundodelosnegocios.com.do\/v1\/wp-content\/uploads\/2023\/10\/2-8.jpg 1168w\" sizes=\"auto, (max-width: 1024px) 100vw, 1024px\" \/><\/figure>\n<\/div>\n\n\n<p>Tras la siembra por parte de los voluntarios del Banco Popular, el equipo de t\u00e9cnicos del Plan Sierra se asegura de que las plantas sembradas arraiguen y se conviertan en \u00e1rboles.<\/p>\n\n\n\n<p>Una vez alcancen la edad adulta, contribuir\u00e1n al aumento de la cobertura forestal de la regi\u00f3n de La Sierra, podr\u00e1n capturar 800 toneladas de di\u00f3xido de carbono; tendr\u00e1n la capacidad de retener 300,000 kilogramos de suelo y almacenar 7.5 millones de litros de agua, anualmente.<\/p>\n\n\n\n<p>En sus palabras de motivaci\u00f3n previas al inicio de la siembra, la se\u00f1ora Dinorah Grull\u00f3n, gerente de la Divisi\u00f3n de Proyectos y l\u00edder del Voluntariado Popular, remarc\u00f3 el aporte que miles de colaboradores voluntarios del Popular han realizado a lo largo de m\u00e1s de 20 a\u00f1os, superando el hito de haber sembrado m\u00e1s de un mill\u00f3n de \u00e1rboles en varias regiones del pa\u00eds.<\/p>\n\n\n\n<p>\u00abGracias a esfuerzos como el que hoy realizaremos, La Sierra es un pulm\u00f3n verde fundamental para la sostenibilidad del territorio. Provee agua para consumo humano y uso industrial de casi el 20% de la poblaci\u00f3n del pa\u00eds, as\u00ed como el 60% de la demanda energ\u00e9tica nacional\u00bb, indic\u00f3 la ejecutiva.<\/p>\n\n\n\n<p>Junto a la se\u00f1ora Grull\u00f3n, encabezaron tambi\u00e9n la actividad los se\u00f1ores Inmaculada Adames, vicepresidenta ejecutiva de Plan Sierra; Mariel Bera, vicepresidenta del \u00c1rea de Relaciones Corporativas y Banca Responsable del Popular; El\u00edas Dinzey, gerente general de la Fundaci\u00f3n Popular; y Roque Antonio Ure\u00f1a, propietario de los terrenos.<\/p>\n\n\n\n<p>Las jornadas de reforestaci\u00f3n se enmarcan en el compromiso de la entidad bancaria con el desarrollo sostenible del pa\u00eds, alineado a los Objetivos de Desarrollo Sostenible y los Principios de Banca Responsable de las Naciones Unidas, catalizando con ello el desarrollo social y medioambiental de la naci\u00f3n.<\/p>\n","protected":false},"excerpt":{"rendered":"<p>80 colaboradores sembraron 2,500 \u00e1rboles en 67 tareas El Batey del Ceb\u00fa, San Jos\u00e9 de las Matas. \u2013 Colaboradores voluntarios del Banco Popular Dominicano realizaron el pasado viernes 27 de&hellip; <\/p>\n","protected":false},"author":2,"featured_media":33691,"comment_status":"closed","ping_status":"closed","sticky":false,"template":"","format":"standard","meta":{"fifu_image_url":"","fifu_image_alt":"","footnotes":""},"categories":[78],"tags":[],"class_list":["post-33690","post","type-post","status-publish","format-standard","has-post-thumbnail","hentry","category-con-responsabilidad"],"_links":{"self":[{"href":"https:\/\/elmundodelosnegocios.com.do\/v1\/wp-json\/wp\/v2\/posts\/33690","targetHints":{"allow":["GET"]}}],"collection":[{"href":"https:\/\/elmundodelosnegocios.com.do\/v1\/wp-json\/wp\/v2\/posts"}],"about":[{"href":"https:\/\/elmundodelosnegocios.com.do\/v1\/wp-json\/wp\/v2\/types\/post"}],"author":[{"embeddable":true,"href":"https:\/\/elmundodelosnegocios.com.do\/v1\/wp-json\/wp\/v2\/users\/2"}],"replies":[{"embeddable":true,"href":"https:\/\/elmundodelosnegocios.com.do\/v1\/wp-json\/wp\/v2\/comments?post=33690"}],"version-history":[{"count":0,"href":"https:\/\/elmundodelosnegocios.com.do\/v1\/wp-json\/wp\/v2\/posts\/33690\/revisions"}],"wp:featuredmedia":[{"embeddable":true,"href":"https:\/\/elmundodelosnegocios.com.do\/v1\/wp-json\/wp\/v2\/media\/33691"}],"wp:attachment":[{"href":"https:\/\/elmundodelosnegocios.com.do\/v1\/wp-json\/wp\/v2\/media?parent=33690"}],"wp:term":[{"taxonomy":"category","embeddable":true,"href":"https:\/\/elmundodelosnegocios.com.do\/v1\/wp-json\/wp\/v2\/categories?post=33690"},{"taxonomy":"post_tag","embeddable":true,"href":"https:\/\/elmundodelosnegocios.com.do\/v1\/wp-json\/wp\/v2\/tags?post=33690"}],"curies":[{"name":"wp","href":"https:\/\/api.w.org\/{rel}","templated":true}]}}