{"id":33710,"date":"2023-10-29T19:35:54","date_gmt":"2023-10-30T00:05:54","guid":{"rendered":"https:\/\/elmundodelosnegocios.com.do\/v1\/?p=33710"},"modified":"2023-10-29T19:35:56","modified_gmt":"2023-10-30T00:05:56","slug":"transformaccion-llega-a-rd-con-revelaciones-clave-sobre-comportamiento-del-consumidor-y-la-evolucion-del-mercado","status":"publish","type":"post","link":"https:\/\/elmundodelosnegocios.com.do\/v1\/transformaccion-llega-a-rd-con-revelaciones-clave-sobre-comportamiento-del-consumidor-y-la-evolucion-del-mercado\/","title":{"rendered":"TransformACCI\u00d3N llega a RD con revelaciones clave sobre comportamiento del consumidor y la evoluci\u00f3n del mercado"},"content":{"rendered":"\n<ul class=\"wp-block-list\">\n<li><em>El an\u00e1lisis de Kantar destaca aspectos significativos de la vida de los hogares y consumidores dominicanos. Entre los hallazgos m\u00e1s notables, se revela que el 44% de los hogares identifica la presi\u00f3n econ\u00f3mica como su principal preocupaci\u00f3n, donde el deterioro econ\u00f3mico y el aumento de los precios emergen como las principales razones de esta inquietud.<\/em><\/li>\n<\/ul>\n\n\n\n<p><strong>Santo Domingo, 29 de octubre de 2023:<\/strong>\u00a0En un esfuerzo por explorar la evoluci\u00f3n del comportamiento de los consumidores en la Rep\u00fablica Dominicana y las tendencias que est\u00e1n dando forma al mundo que nos rodea,\u00a0<a rel=\"noreferrer noopener\" href=\"https:\/\/www.kantar.com\/latin-america\" target=\"_blank\">Kantar<\/a>, la empresa l\u00edder en investigaci\u00f3n de mercado y an\u00e1lisis de datos a nivel global, llev\u00f3 a cabo su evento\u00a0<em>\u00abKantar Talks: La TransformACCI\u00d3N\u00bb<\/em>, por segunda vez en el pa\u00eds, donde reuni\u00f3 este mi\u00e9rcoles a m\u00e1s de 150 asistentes interesados en conocer los factores clave que afectan las preferencias de consumo y las formas c\u00f3mo viven, se relacionan y priorizan los dominicanos, as\u00ed como las tendencias que est\u00e1n moldeando el mundo que nos rodea.<\/p>\n\n\n<div class=\"wp-block-image\">\n<figure class=\"aligncenter size-large\"><img loading=\"lazy\" decoding=\"async\" width=\"1024\" height=\"683\" src=\"https:\/\/elmundodelosnegocios.com.do\/v1\/wp-content\/uploads\/2023\/10\/vivian-1024x683.jpg\" alt=\"\" class=\"wp-image-33714\" srcset=\"https:\/\/elmundodelosnegocios.com.do\/v1\/wp-content\/uploads\/2023\/10\/vivian-1024x683.jpg 1024w, https:\/\/elmundodelosnegocios.com.do\/v1\/wp-content\/uploads\/2023\/10\/vivian-300x200.jpg 300w, https:\/\/elmundodelosnegocios.com.do\/v1\/wp-content\/uploads\/2023\/10\/vivian-768x512.jpg 768w, https:\/\/elmundodelosnegocios.com.do\/v1\/wp-content\/uploads\/2023\/10\/vivian.jpg 1302w\" sizes=\"auto, (max-width: 1024px) 100vw, 1024px\" \/><figcaption class=\"wp-element-caption\">Vivian G\u00e1lvez, Country Manager de Kantar Worldpanel Divisi\u00f3n<\/figcaption><\/figure>\n<\/div>\n\n\n<p>Vivian G\u00e1lvez, Country Manager de Kantar Worldpanel Divisi\u00f3n, present\u00f3 un an\u00e1lisis exhaustivo sobre la \u00abtransformaci\u00f3n del&nbsp;<em>Shopper<\/em>\u00ab, explorando los cambios en los h\u00e1bitos de consumo y las expectativas de los consumidores en la Rep\u00fablica Dominicana. Seg\u00fan G\u00e1lvez,&nbsp;<em>\u00abCada dato revela una historia \u00fanica sobre el comportamiento del consumidor en la Rep\u00fablica Dominicana. Nuestra misi\u00f3n en Kantar es traducir esos datos en conocimientos que impulsen a las marcas hacia un futuro m\u00e1s informado y exitoso<\/em>\u00ab, se\u00f1alando la importancia de comprender la evoluci\u00f3n del mercado local.<\/p>\n\n\n\n<p><strong>Transformaci\u00f3n del Shopper: entendiendo al consumidor dominicano<\/strong><\/p>\n\n\n<div class=\"wp-block-image\">\n<figure class=\"alignleft size-full\"><img loading=\"lazy\" decoding=\"async\" width=\"487\" height=\"425\" src=\"https:\/\/elmundodelosnegocios.com.do\/v1\/wp-content\/uploads\/2023\/10\/image2.png\" alt=\"\" class=\"wp-image-33711\" srcset=\"https:\/\/elmundodelosnegocios.com.do\/v1\/wp-content\/uploads\/2023\/10\/image2.png 487w, https:\/\/elmundodelosnegocios.com.do\/v1\/wp-content\/uploads\/2023\/10\/image2-300x262.png 300w\" sizes=\"auto, (max-width: 487px) 100vw, 487px\" \/><\/figure>\n<\/div>\n\n\n<p>El estudio realizado por Kantar revel\u00f3 que la principal preocupaci\u00f3n de los hogares dominicanos es la presi\u00f3n econ\u00f3mica, con un 44% de respuestas destacando la crisis econ\u00f3mica (26%) y el aumento de los precios (18%) como las principales razones de esta inquietud.&nbsp;<\/p>\n\n\n\n<p>La inseguridad y la violencia ocupan el tercer lugar. A pesar de estas preocupaciones, la econom\u00eda del pa\u00eds permite que un mayor porcentaje de hogares ahorre en comparaci\u00f3n con otros pa\u00edses de la regi\u00f3n. En este contexto, un 13% de los dominicanos afirma estar logrando ahorrar, y 9 de cada 10 tienen la intenci\u00f3n de destinar esos ahorros a la educaci\u00f3n y la adquisici\u00f3n de viviendas.<\/p>\n\n\n\n<p>El evento tambi\u00e9n abord\u00f3 un cambio notable en los roles tradicionales de g\u00e9nero en las compras. Los hombres dominicanos se han vuelto m\u00e1s activos en las compras para el hogar, 36% de los jefes de familia asumen esta responsabilidad. Adem\u00e1s, los d\u00edas preferidos para realizar compras son los s\u00e1bados, mientras que aquellos que ahorran prefieren comprar entre semana.<\/p>\n\n\n\n<p><strong>Descubriendo las \u00abmacrofuerzas\u00bb que moldear\u00e1n el futuro&nbsp;<\/strong><\/p>\n\n\n<div class=\"wp-block-image\">\n<figure class=\"alignright size-full\"><img loading=\"lazy\" decoding=\"async\" width=\"419\" height=\"343\" src=\"https:\/\/elmundodelosnegocios.com.do\/v1\/wp-content\/uploads\/2023\/10\/image1.png\" alt=\"\" class=\"wp-image-33712\" srcset=\"https:\/\/elmundodelosnegocios.com.do\/v1\/wp-content\/uploads\/2023\/10\/image1.png 419w, https:\/\/elmundodelosnegocios.com.do\/v1\/wp-content\/uploads\/2023\/10\/image1-300x246.png 300w\" sizes=\"auto, (max-width: 419px) 100vw, 419px\" \/><\/figure>\n<\/div>\n\n\n<p>En el evento tambi\u00e9n fueron presentados los \u00faltimos hallazgos sobre las principales tendencias en Latinoam\u00e9rica y las \u00abmacrofuerzas\u00bb que est\u00e1n dando forma al mundo que nos rodea. El Managing Director de Kantar Mercaplan &#8211; Insights, Jorge Mart\u00edn Frech, profundiz\u00f3 en la necesidad de entender y anticipar las din\u00e1micas que est\u00e1n transformando nuestras sociedades y la forma en que vivimos, pensamos, nos relacionamos y consumimos.&nbsp;<\/p>\n\n\n\n<p>Frech se\u00f1al\u00f3 que el mundo actual atraviesa cambios significativos a nivel geopol\u00edtico, tecnol\u00f3gico, ambiental y econ\u00f3mico, y que estos factores desatan macrofuerzas globales que se traducen en nuevos deseos y necesidades que influir\u00e1n en la sociedad dominicana y del mundo entero.<em>&nbsp;\u00abNuestro mayor reto es anticiparnos a las macrofuerzas que est\u00e1n moldeando el mundo, para entender los deseos y necesidades emergentes de las personas para capitalizarlos a trav\u00e9s de una oferta altamente relevante, oportuna y diferencial\u00bb,<\/em>&nbsp;coment\u00f3.<\/p>\n\n\n\n<p><strong>\u00bfCu\u00e1les son las \u00abmacrofuerzas\u00bb globales en LATAM y la Rep\u00fablica Dominicana?<\/strong><\/p>\n\n\n\n<p>Durante la presentaci\u00f3n, los expertos mencionaron 15 de estas \u00abmacrofuerzas\u00bb globales, traducidas en m\u00e1s de 50 tendencias que actualmente est\u00e1n impulsando cambios en el mundo. Entre ellas, la sostenibilidad ocupa el primer lugar, seguida de cerca por curadur\u00eda, preservaci\u00f3n, acciones experienciales, vida saludable, inclusi\u00f3n y empoderamiento.<\/p>\n\n\n<div class=\"wp-block-image\">\n<figure class=\"aligncenter size-full is-resized\"><img loading=\"lazy\" decoding=\"async\" src=\"https:\/\/elmundodelosnegocios.com.do\/v1\/wp-content\/uploads\/2023\/10\/image4.png\" alt=\"\" class=\"wp-image-33713\" width=\"853\" height=\"467\" srcset=\"https:\/\/elmundodelosnegocios.com.do\/v1\/wp-content\/uploads\/2023\/10\/image4.png 792w, https:\/\/elmundodelosnegocios.com.do\/v1\/wp-content\/uploads\/2023\/10\/image4-300x164.png 300w, https:\/\/elmundodelosnegocios.com.do\/v1\/wp-content\/uploads\/2023\/10\/image4-768x421.png 768w\" sizes=\"auto, (max-width: 853px) 100vw, 853px\" \/><\/figure>\n<\/div>\n\n\n<p><strong>Hacia el futuro: conectar con las \u00abtendencias\u00bb para permanecer relevante<\/strong><\/p>\n\n\n\n<p>Kantar destaca que las marcas que se nutren de las tendencias logran una mayor relevancia en el mercado. Entender y monitorear constantemente lo que interesa a los consumidores es fundamental para conectar con la cultura y ofrecer propuestas de valor significativas. La comprensi\u00f3n y la conexi\u00f3n con estas \u00abmacrofuerzas\u00bb globales ser\u00e1n esenciales para abrazar un futuro m\u00e1s prometedor y sostenible.<\/p>\n","protected":false},"excerpt":{"rendered":"<p>Santo Domingo, 29 de octubre de 2023:\u00a0En un esfuerzo por explorar la evoluci\u00f3n del comportamiento de los consumidores en la Rep\u00fablica Dominicana y las tendencias que est\u00e1n dando forma al&hellip; <\/p>\n","protected":false},"author":2,"featured_media":33714,"comment_status":"closed","ping_status":"closed","sticky":false,"template":"","format":"standard","meta":{"fifu_image_url":"","fifu_image_alt":"","footnotes":""},"categories":[157],"tags":[],"class_list":["post-33710","post","type-post","status-publish","format-standard","has-post-thumbnail","hentry","category-marketing"],"_links":{"self":[{"href":"https:\/\/elmundodelosnegocios.com.do\/v1\/wp-json\/wp\/v2\/posts\/33710","targetHints":{"allow":["GET"]}}],"collection":[{"href":"https:\/\/elmundodelosnegocios.com.do\/v1\/wp-json\/wp\/v2\/posts"}],"about":[{"href":"https:\/\/elmundodelosnegocios.com.do\/v1\/wp-json\/wp\/v2\/types\/post"}],"author":[{"embeddable":true,"href":"https:\/\/elmundodelosnegocios.com.do\/v1\/wp-json\/wp\/v2\/users\/2"}],"replies":[{"embeddable":true,"href":"https:\/\/elmundodelosnegocios.com.do\/v1\/wp-json\/wp\/v2\/comments?post=33710"}],"version-history":[{"count":0,"href":"https:\/\/elmundodelosnegocios.com.do\/v1\/wp-json\/wp\/v2\/posts\/33710\/revisions"}],"wp:featuredmedia":[{"embeddable":true,"href":"https:\/\/elmundodelosnegocios.com.do\/v1\/wp-json\/wp\/v2\/media\/33714"}],"wp:attachment":[{"href":"https:\/\/elmundodelosnegocios.com.do\/v1\/wp-json\/wp\/v2\/media?parent=33710"}],"wp:term":[{"taxonomy":"category","embeddable":true,"href":"https:\/\/elmundodelosnegocios.com.do\/v1\/wp-json\/wp\/v2\/categories?post=33710"},{"taxonomy":"post_tag","embeddable":true,"href":"https:\/\/elmundodelosnegocios.com.do\/v1\/wp-json\/wp\/v2\/tags?post=33710"}],"curies":[{"name":"wp","href":"https:\/\/api.w.org\/{rel}","templated":true}]}}