{"id":33738,"date":"2023-10-30T08:03:20","date_gmt":"2023-10-30T12:33:20","guid":{"rendered":"https:\/\/elmundodelosnegocios.com.do\/v1\/?p=33738"},"modified":"2023-10-30T08:03:22","modified_gmt":"2023-10-30T12:33:22","slug":"comite-celebra-creacion-gabinete-logistico-y-redobla-esfuerzos-incrementar-comercio","status":"publish","type":"post","link":"https:\/\/elmundodelosnegocios.com.do\/v1\/comite-celebra-creacion-gabinete-logistico-y-redobla-esfuerzos-incrementar-comercio\/","title":{"rendered":"Comite celebra creaci\u00f3n Gabinete Log\u00edstico y redobla esfuerzos\u00a0 incrementar comercio"},"content":{"rendered":"\n<p><strong>Santo Domingo<\/strong>, R.D. Octubre 2023.-&nbsp;El director general de Aduanas, y presidente del Comit\u00e9 Nacional de Facilitaci\u00f3n de Comercio (CNFC), Eduardo Sanz Lovat\u00f3n, celebr\u00f3 la creaci\u00f3n del Gabinete de Desarrollo Log\u00edstico, mediante el Decreto presidencial n\u00famero 263-23.<\/p>\n\n\n<div class=\"wp-block-image\">\n<figure class=\"aligncenter size-large\"><img loading=\"lazy\" decoding=\"async\" width=\"1024\" height=\"683\" src=\"https:\/\/elmundodelosnegocios.com.do\/v1\/wp-content\/uploads\/2023\/10\/Foto-1-Eduardo-Sanz-Lovaton-1024x683.jpg\" alt=\"\" class=\"wp-image-33739\" srcset=\"https:\/\/elmundodelosnegocios.com.do\/v1\/wp-content\/uploads\/2023\/10\/Foto-1-Eduardo-Sanz-Lovaton-1024x683.jpg 1024w, https:\/\/elmundodelosnegocios.com.do\/v1\/wp-content\/uploads\/2023\/10\/Foto-1-Eduardo-Sanz-Lovaton-300x200.jpg 300w, https:\/\/elmundodelosnegocios.com.do\/v1\/wp-content\/uploads\/2023\/10\/Foto-1-Eduardo-Sanz-Lovaton-768x512.jpg 768w, https:\/\/elmundodelosnegocios.com.do\/v1\/wp-content\/uploads\/2023\/10\/Foto-1-Eduardo-Sanz-Lovaton.jpg 1500w\" sizes=\"auto, (max-width: 1024px) 100vw, 1024px\" \/><\/figure>\n<\/div>\n\n\n<p>\u201cDespu\u00e9s de mucho trabajar, y de mucho coordinar, la log\u00edstica, que es un brazo esencial del comercio exterior de cualquier pa\u00eds, ya tiene rango de uno de los gabinetes presidenciales\u201d, manifest\u00f3 Sanz Lovat\u00f3n.<\/p>\n\n\n\n<p>Durante la vig\u00e9sima primera plenaria del CNFC, celebrada este jueves, el funcionario consider\u00f3 que dicho decreto, obliga a redoblar los esfuerzos que ya se vienen haciendo desde la DGA y el CNFC junto a todos sus integrantes, para posicionar al pa\u00eds como un&nbsp;<em>hub<\/em>&nbsp;log\u00edstico de categor\u00eda mundial, y con ello hacer de la log\u00edstica un gran rengl\u00f3n econ\u00f3mico.<\/p>\n\n\n\n<p>\u201cEl Gobierno dominicano sabe que este es uno de los ejes estrat\u00e9gicos que nos pueden convertir en una econom\u00eda de primer mundo\u201d, a\u00f1adi\u00f3 el director de Aduanas en referencia a la log\u00edstica.<\/p>\n\n\n\n<p>En tanto que Perla de la Rosa, de la C\u00e1mara Americana de Comercio de la Rep\u00fablica Dominicana (AMCHAMDR), en su calidad de secretaria del CNFC, anunci\u00f3 que la Euroc\u00e1mara de Comercio de la Rep\u00fablica Dominicana y C\u00e1mara Oficial de Comercio de Espa\u00f1a en Rep\u00fablica Dominicana, son los nuevos miembros del comit\u00e9.<\/p>\n\n\n\n<p>Asimismo, anunci\u00f3 cambios en la estructura organizacional del CNFC, como la designaci\u00f3n de un \u201cfacilitador de comercio\u201d, que deber\u00e1 ser un ente neutral en el sector p\u00fablico y privado, y que tenga presencia en los puertos y aeropuertos del pa\u00eds para velar por el cumplimiento de los acuerdos suscritos con la Organizaci\u00f3n Mundial de Comercio (OMC).<\/p>\n\n\n\n<p>Durante esta plenaria del CNFC, las mesas de trabajo que lo componen rindieron cuentas de ellos y exhibieron sus avances.<\/p>\n\n\n\n<p>De la Rosa destac\u00f3, adem\u00e1s, que los trabajos del CNFC seguir\u00e1n enfocados en la mejora continua de la facilitaci\u00f3n, de la Unidad Canina, de la Ventanilla \u00danica de Comercio Exterior (VUCE), del manejo de los productos perecederos y del transporte terrestre de mercanc\u00eda, este \u00faltimo, en coordinaci\u00f3n con el Instituto Nacional de Tr\u00e1nsito y Transporte Terrestre (Intrant).<\/p>\n\n\n\n<p>Se recuerda que, en la plenaria anterior del CNFC, se inform\u00f3 la notificaci\u00f3n ante la OMC, del cumplimiento del 100 % de las metas que el pa\u00eds se comprometi\u00f3 durante la Conferencia Ministerial de Bali, en 2013.<\/p>\n\n\n\n<p><strong>Sobre el CNFC<\/strong><\/p>\n\n\n\n<p>El objetivo del CNFC es facilitar la coordinaci\u00f3n interna y la aplicaci\u00f3n de las disposiciones del Acuerdo de Facilitaci\u00f3n del Comercio de la Organizaci\u00f3n Mundial del Comercio (OMC), adem\u00e1s de fungir como mesa permanente de di\u00e1logo para abordar los temas vinculados a la facilitaci\u00f3n comercial y a la log\u00edstica.<\/p>\n\n\n\n<p>El Comit\u00e9 de Facilitaci\u00f3n de Comercio lo integran los principales ministerios del Gobierno (Agricultura, Industria y Comercio, Relaciones Exteriores, Defensa, Salud P\u00fablica, Centro de Exportaci\u00f3n e Inversi\u00f3n de Rep\u00fablica Dominicana (CEI-RD), Consejo Nacional de Competitividad (CNC) y el Consejo Nacional de Zonas Francas (CNZF), as\u00ed como las principales agrupaciones del sector empresarial, entre \u00e9stas las AIRD, el CONEP y la AMCHARD), en una alianza p\u00fablico-privada.<\/p>\n","protected":false},"excerpt":{"rendered":"<p>Santo Domingo, R.D. Octubre 2023.-&nbsp;El director general de Aduanas, y presidente del Comit\u00e9 Nacional de Facilitaci\u00f3n de Comercio (CNFC), Eduardo Sanz Lovat\u00f3n, celebr\u00f3 la creaci\u00f3n del Gabinete de Desarrollo Log\u00edstico,&hellip; <\/p>\n","protected":false},"author":2,"featured_media":33739,"comment_status":"closed","ping_status":"closed","sticky":false,"template":"","format":"standard","meta":{"fifu_image_url":"","fifu_image_alt":"","footnotes":""},"categories":[181],"tags":[],"class_list":["post-33738","post","type-post","status-publish","format-standard","has-post-thumbnail","hentry","category-carga-logistica"],"_links":{"self":[{"href":"https:\/\/elmundodelosnegocios.com.do\/v1\/wp-json\/wp\/v2\/posts\/33738","targetHints":{"allow":["GET"]}}],"collection":[{"href":"https:\/\/elmundodelosnegocios.com.do\/v1\/wp-json\/wp\/v2\/posts"}],"about":[{"href":"https:\/\/elmundodelosnegocios.com.do\/v1\/wp-json\/wp\/v2\/types\/post"}],"author":[{"embeddable":true,"href":"https:\/\/elmundodelosnegocios.com.do\/v1\/wp-json\/wp\/v2\/users\/2"}],"replies":[{"embeddable":true,"href":"https:\/\/elmundodelosnegocios.com.do\/v1\/wp-json\/wp\/v2\/comments?post=33738"}],"version-history":[{"count":0,"href":"https:\/\/elmundodelosnegocios.com.do\/v1\/wp-json\/wp\/v2\/posts\/33738\/revisions"}],"wp:featuredmedia":[{"embeddable":true,"href":"https:\/\/elmundodelosnegocios.com.do\/v1\/wp-json\/wp\/v2\/media\/33739"}],"wp:attachment":[{"href":"https:\/\/elmundodelosnegocios.com.do\/v1\/wp-json\/wp\/v2\/media?parent=33738"}],"wp:term":[{"taxonomy":"category","embeddable":true,"href":"https:\/\/elmundodelosnegocios.com.do\/v1\/wp-json\/wp\/v2\/categories?post=33738"},{"taxonomy":"post_tag","embeddable":true,"href":"https:\/\/elmundodelosnegocios.com.do\/v1\/wp-json\/wp\/v2\/tags?post=33738"}],"curies":[{"name":"wp","href":"https:\/\/api.w.org\/{rel}","templated":true}]}}