{"id":33744,"date":"2023-10-30T08:25:30","date_gmt":"2023-10-30T12:55:30","guid":{"rendered":"https:\/\/elmundodelosnegocios.com.do\/v1\/?p=33744"},"modified":"2023-10-30T08:25:32","modified_gmt":"2023-10-30T12:55:32","slug":"inauguran-carrefour-city-cervantes","status":"publish","type":"post","link":"https:\/\/elmundodelosnegocios.com.do\/v1\/inauguran-carrefour-city-cervantes\/","title":{"rendered":"Inauguran Carrefour City Cervantes"},"content":{"rendered":"\n<p><em>Este supermercado abre sus puertas para que cada cliente realice una compra c\u00f3moda y agradable en horario de servicio de 7:00 a.m. a 10:00 p.m.<\/em><\/p>\n\n\n\n<p>Fiel a la estrategia de expansi\u00f3n que inici\u00f3 el a\u00f1o pasado con City Quisqueya, este martes 10 de octubre fue inaugurada la nueva sucursal de la marca Carrefour ubicada en la calle Cervantes No. 6, en Gazcue.<\/p>\n\n\n<div class=\"wp-block-image\">\n<figure class=\"alignleft size-full\"><img loading=\"lazy\" decoding=\"async\" width=\"465\" height=\"262\" src=\"https:\/\/elmundodelosnegocios.com.do\/v1\/wp-content\/uploads\/2023\/10\/Principal-1-Olivier-Pellin-Francis-Merino-y-Gerardo-Garcia.-Copy.jpg\" alt=\"\" class=\"wp-image-33745\" srcset=\"https:\/\/elmundodelosnegocios.com.do\/v1\/wp-content\/uploads\/2023\/10\/Principal-1-Olivier-Pellin-Francis-Merino-y-Gerardo-Garcia.-Copy.jpg 465w, https:\/\/elmundodelosnegocios.com.do\/v1\/wp-content\/uploads\/2023\/10\/Principal-1-Olivier-Pellin-Francis-Merino-y-Gerardo-Garcia.-Copy-300x169.jpg 300w\" sizes=\"auto, (max-width: 465px) 100vw, 465px\" \/><\/figure>\n<\/div>\n\n\n<p>Luego de darle la bienvenida a los presentes,<strong> <\/strong>los representantes de la marca expresaron que Carrefour City Cervantes se une a la familia Carrefour para ofrecer el mejor surtido de una extensa variedad de marcas l\u00edderes locales y propias.<\/p>\n\n\n\n<p>El comunicado de prensa, destaca que este supermercado abre sus puertas sobre la base de un modelo de gesti\u00f3n basado en la demanda del consumidor y seguimiento continuo por parte de un extraordinario equipo de profesionales.&nbsp;<\/p>\n\n\n\n<p>\u201cEn estos establecimientos de conveniencia se combinan, por tanto, las grandes ventajas de la marca Carrefour para tener una tienda con una log\u00edstica de productos frescos diarios; moderna infraestructura con un excelente sistema de gesti\u00f3n, atenci\u00f3n y servicio, cercan\u00eda y productos de calidad garantizada\u201d, afirma la nota.<\/p>\n\n\n<div class=\"wp-block-image\">\n<figure class=\"alignright size-full\"><img loading=\"lazy\" decoding=\"async\" width=\"465\" height=\"262\" src=\"https:\/\/elmundodelosnegocios.com.do\/v1\/wp-content\/uploads\/2023\/10\/3.Karla-Fatule-y-Zeny-Leyba.-edited.jpg\" alt=\"\" class=\"wp-image-33747\" srcset=\"https:\/\/elmundodelosnegocios.com.do\/v1\/wp-content\/uploads\/2023\/10\/3.Karla-Fatule-y-Zeny-Leyba.-edited.jpg 465w, https:\/\/elmundodelosnegocios.com.do\/v1\/wp-content\/uploads\/2023\/10\/3.Karla-Fatule-y-Zeny-Leyba.-edited-300x169.jpg 300w\" sizes=\"auto, (max-width: 465px) 100vw, 465px\" \/><\/figure>\n<\/div>\n\n\n<p>En ese orden, indica que Carrefour City Cervantes est\u00e1 dise\u00f1ado para que cada cliente realice una compra c\u00f3moda y agradable en un horario de servicio que inicia a las 7:00 a.m., y finaliza a 10:00 p.m.<\/p>\n\n\n\n<p>\u201cTambi\u00e9n, ofrecemos servicios de \u2018delivery\u2019 con las ventajas de las aplicaciones de Pedidos Ya y Uber Eats que facilitan la compra desde la comodidad de los hogares de nuestros clientes\u201d.<\/p>\n\n\n\n<p>El comunicado finaliza expresando que \u201ceste supermercado fue cuidadosamente dise\u00f1ado para facilitar la compra bajo el lema \u2018Tu vecino favorito\u2019\u201d; y que pr\u00f3ximamente abrir\u00e1n Carrefour City Correa y Cidr\u00f3n, sum\u00e1ndose al primer supermercado ubicado en la calle Paseo de los Locutores No. 76, Ensanche Quisqueya.<\/p>\n","protected":false},"excerpt":{"rendered":"<p>Este supermercado abre sus puertas para que cada cliente realice una compra c\u00f3moda y agradable en horario de servicio de 7:00 a.m. a 10:00 p.m. Fiel a la estrategia de&hellip; <\/p>\n","protected":false},"author":2,"featured_media":33745,"comment_status":"closed","ping_status":"closed","sticky":false,"template":"","format":"standard","meta":{"fifu_image_url":"","fifu_image_alt":"","footnotes":""},"categories":[157],"tags":[],"class_list":["post-33744","post","type-post","status-publish","format-standard","has-post-thumbnail","hentry","category-marketing"],"_links":{"self":[{"href":"https:\/\/elmundodelosnegocios.com.do\/v1\/wp-json\/wp\/v2\/posts\/33744","targetHints":{"allow":["GET"]}}],"collection":[{"href":"https:\/\/elmundodelosnegocios.com.do\/v1\/wp-json\/wp\/v2\/posts"}],"about":[{"href":"https:\/\/elmundodelosnegocios.com.do\/v1\/wp-json\/wp\/v2\/types\/post"}],"author":[{"embeddable":true,"href":"https:\/\/elmundodelosnegocios.com.do\/v1\/wp-json\/wp\/v2\/users\/2"}],"replies":[{"embeddable":true,"href":"https:\/\/elmundodelosnegocios.com.do\/v1\/wp-json\/wp\/v2\/comments?post=33744"}],"version-history":[{"count":0,"href":"https:\/\/elmundodelosnegocios.com.do\/v1\/wp-json\/wp\/v2\/posts\/33744\/revisions"}],"wp:featuredmedia":[{"embeddable":true,"href":"https:\/\/elmundodelosnegocios.com.do\/v1\/wp-json\/wp\/v2\/media\/33745"}],"wp:attachment":[{"href":"https:\/\/elmundodelosnegocios.com.do\/v1\/wp-json\/wp\/v2\/media?parent=33744"}],"wp:term":[{"taxonomy":"category","embeddable":true,"href":"https:\/\/elmundodelosnegocios.com.do\/v1\/wp-json\/wp\/v2\/categories?post=33744"},{"taxonomy":"post_tag","embeddable":true,"href":"https:\/\/elmundodelosnegocios.com.do\/v1\/wp-json\/wp\/v2\/tags?post=33744"}],"curies":[{"name":"wp","href":"https:\/\/api.w.org\/{rel}","templated":true}]}}