{"id":33749,"date":"2023-10-30T08:29:40","date_gmt":"2023-10-30T12:59:40","guid":{"rendered":"https:\/\/elmundodelosnegocios.com.do\/v1\/?p=33749"},"modified":"2023-10-30T08:29:42","modified_gmt":"2023-10-30T12:59:42","slug":"invertiran-mas-140-millones-pesos-construccion-y-equipamiento-siete-panaderias-reposterias-y-tres-textileras","status":"publish","type":"post","link":"https:\/\/elmundodelosnegocios.com.do\/v1\/invertiran-mas-140-millones-pesos-construccion-y-equipamiento-siete-panaderias-reposterias-y-tres-textileras\/","title":{"rendered":"Invertir\u00e1n m\u00e1s 140 millones pesos construcci\u00f3n y equipamiento siete panader\u00edas, reposter\u00edas, y tres textileras"},"content":{"rendered":"\n<p>El Instituto Nacional de Formaci\u00f3n T\u00e9cnico Profesional (INFOTEP) y el Fondo Patrimonial de las Empresas Reformadas (FONPER), aunar\u00e1n esfuerzos con la finalidad de ejecutar un plan de capacitaci\u00f3n y asistencia t\u00e9cnica, a trav\u00e9s de talleres de Panader\u00eda y Reposter\u00eda, y de Confecci\u00f3n de Prendas de Vestir, construidos y habilitados por FONPER, con una inversi\u00f3n 144 millones 683 mil 652 pesos.<\/p>\n\n\n\n<p>El acuerdo, firmado por el director general del INFOTEP, Rafael Santos Bad\u00eda, y el&nbsp;presidente del Fonper,&nbsp;Jos\u00e9 E. Florentino,&nbsp;busca contribuir con la integraci\u00f3n comunitaria y dinamizar la econom\u00eda de las zonas beneficiadas.<\/p>\n\n\n\n<figure class=\"wp-block-image size-large\"><img loading=\"lazy\" decoding=\"async\" width=\"1024\" height=\"683\" src=\"https:\/\/elmundodelosnegocios.com.do\/v1\/wp-content\/uploads\/2023\/10\/DSC0883-1024x683.jpg\" alt=\"\" class=\"wp-image-33750\" srcset=\"https:\/\/elmundodelosnegocios.com.do\/v1\/wp-content\/uploads\/2023\/10\/DSC0883-1024x683.jpg 1024w, https:\/\/elmundodelosnegocios.com.do\/v1\/wp-content\/uploads\/2023\/10\/DSC0883-300x200.jpg 300w, https:\/\/elmundodelosnegocios.com.do\/v1\/wp-content\/uploads\/2023\/10\/DSC0883-768x512.jpg 768w, https:\/\/elmundodelosnegocios.com.do\/v1\/wp-content\/uploads\/2023\/10\/DSC0883-1536x1024.jpg 1536w, https:\/\/elmundodelosnegocios.com.do\/v1\/wp-content\/uploads\/2023\/10\/DSC0883-2048x1365.jpg 2048w\" sizes=\"auto, (max-width: 1024px) 100vw, 1024px\" \/><\/figure>\n\n\n\n<p>Rafael Santos Bad\u00eda, director general del \u00f3rgano rector de la formaci\u00f3n t\u00e9cnico profesional en el pa\u00eds, explic\u00f3 que estos centros beneficiar\u00e1n a hombres y mujeres de todo el pa\u00eds.<\/p>\n\n\n\n<figure class=\"wp-block-image size-large\"><img loading=\"lazy\" decoding=\"async\" width=\"1024\" height=\"683\" src=\"https:\/\/elmundodelosnegocios.com.do\/v1\/wp-content\/uploads\/2023\/10\/Rafael-Santos-Badia-director-general-del-INFOTEP-y-Jose-Florentino-presidente-del-FONPER-1024x683.jpg\" alt=\"\" class=\"wp-image-33751\" srcset=\"https:\/\/elmundodelosnegocios.com.do\/v1\/wp-content\/uploads\/2023\/10\/Rafael-Santos-Badia-director-general-del-INFOTEP-y-Jose-Florentino-presidente-del-FONPER-1024x683.jpg 1024w, https:\/\/elmundodelosnegocios.com.do\/v1\/wp-content\/uploads\/2023\/10\/Rafael-Santos-Badia-director-general-del-INFOTEP-y-Jose-Florentino-presidente-del-FONPER-300x200.jpg 300w, https:\/\/elmundodelosnegocios.com.do\/v1\/wp-content\/uploads\/2023\/10\/Rafael-Santos-Badia-director-general-del-INFOTEP-y-Jose-Florentino-presidente-del-FONPER-768x512.jpg 768w, https:\/\/elmundodelosnegocios.com.do\/v1\/wp-content\/uploads\/2023\/10\/Rafael-Santos-Badia-director-general-del-INFOTEP-y-Jose-Florentino-presidente-del-FONPER-1536x1024.jpg 1536w, https:\/\/elmundodelosnegocios.com.do\/v1\/wp-content\/uploads\/2023\/10\/Rafael-Santos-Badia-director-general-del-INFOTEP-y-Jose-Florentino-presidente-del-FONPER-2048x1365.jpg 2048w\" sizes=\"auto, (max-width: 1024px) 100vw, 1024px\" \/><\/figure>\n\n\n\n<p>\u201cEste acuerdo, cuya ejecuci\u00f3n y supervisi\u00f3n por parte del INFOTEP estar\u00e1 a cargo de la Direcci\u00f3n de Formaci\u00f3n Profesional y de las Direcciones Regionales Sur y Cibao Norte, sin dudas constituir\u00e1 un valioso y productivo aporte al desarrollo de las Cooperativas y Asociaciones y los moradores de sus respectivas las comunidades\u201d, explic\u00f3 Santos Bad\u00eda.<\/p>\n\n\n\n<p>De su lado, Jos\u00e9 Florentino, presidente del Fonper afirm\u00f3 que esa instituci\u00f3n y el Infotep, unidas, pueden garantizar que cada una de las comunidades beneficiadas con estos proyectos de inter\u00e9s social cumplan con los objetivos propuestos de brindarles bienestar y seguridad econ\u00f3mica a sus habitantes.<\/p>\n\n\n\n<p>\u201cDebemos se\u00f1alar que, en este proceso de buscar asistencia para el arranque y autosuficiencia de los proyectos, hemos quedado altamente impresionados con la organizaci\u00f3n y la calidad t\u00e9cnica del Infotep, lo cual nos lleva a afirmar que es una instituci\u00f3n modelo que debe ser motivo de orgullo para el pa\u00eds\u201d, expres\u00f3 Florentino&nbsp;<\/p>\n\n\n\n<p>Mediante este acuerdo el Fonper se compromete a entregar a las comunidades las obras completamente terminadas y equipadas y el Infotep se encargar\u00e1 a ofrecerles todo el apoyo gerencial y t\u00e9cnico que sea necesario para que puedan poner el proyecto en marcha y puedan ser autosuficientes en su operaci\u00f3n.<\/p>\n\n\n\n<p>El acuerdo, que tendr\u00e1 vigencia por tres a\u00f1os, abarca, por parte de FONPER, la construcci\u00f3n y equipamiento de siete panader\u00edas y reposter\u00edas, y tres textileras. En esos espacios el INFOTEP capacitar\u00e1 a los integrantes de las cooperativas y asociaciones comunitarias vinculadas, as\u00ed como a los moradores de las zonas aleda\u00f1as, a fin de impactar la econom\u00eda local.<\/p>\n\n\n\n<p>Adem\u00e1s, el INFOTEP proporcionar\u00e1 la asistencia t\u00e9cnica a las cooperativas y asociaciones comunitarias, con el objetivo de fortalecer su gesti\u00f3n en el manejo de cooperativas, emprendimiento, pero tambi\u00e9n en la habilitaci\u00f3n y puesta en marcha del plan de capacitaci\u00f3n.<\/p>\n\n\n\n<p>FONPER, por su parte, gestionar\u00e1, v\u00eda las cooperativas y asociaciones comunitarias beneficiadas, los materiales e insumos para el desarrollo de los planes de formaci\u00f3n, acorde al programa de capacitaci\u00f3n y financiar\u00e1 por un per\u00edodo de seis meses, a partir de la entrega formal de cada una de las instalaciones, los gastos operativos.<\/p>\n\n\n\n<p>Las acciones formativas ser\u00e1n ofrecidas a trav\u00e9s de la Cooperativa de Ahorro, Cr\u00e9ditos y Servicios M\u00faltiples T\u00e1bara Arriba, en Azua; as\u00ed como la Cooperativa\/Asociaci\u00f3n Grupo de Mujeres la Uni\u00f3n Hace la Fuerza de Villa Carmen (GRUMUVICA) y el Centro de Madre Mar\u00eda del Perpetuo Socorro, Carrera de Yegua, ambas en Las Matas de Farf\u00e1n.<\/p>\n\n\n\n<p>Tambi\u00e9n ser\u00e1n beneficiadas las personas aleda\u00f1as al Centro de Madres las Mercedes, (CEMAMER), el Club de Madre Luz y Esperanza, la Cooperativa\/ Asociaci\u00f3n de Mujeres Unidad por el Desarrollo de Rancho Quemado y la Cooperativa la Cumbre, (COOP- CUMBRE), todas con talleres de panader\u00eda y reposter\u00eda.<\/p>\n\n\n\n<p>El \u00e1rea textil ser\u00e1 impartida a trav\u00e9s de la Cooperativa la Cumbre, (COOP- CUMBRE), la Asociaci\u00f3n Club de Madres y Patronato la Milagrosa y la Asociaci\u00f3n Para el Desarrollo de Pedro Garc\u00eda (ADPG).&nbsp; &nbsp;<\/p>\n","protected":false},"excerpt":{"rendered":"<p>El Instituto Nacional de Formaci\u00f3n T\u00e9cnico Profesional (INFOTEP) y el Fondo Patrimonial de las Empresas Reformadas (FONPER), aunar\u00e1n esfuerzos con la finalidad de ejecutar un plan de capacitaci\u00f3n y asistencia&hellip; <\/p>\n","protected":false},"author":2,"featured_media":33750,"comment_status":"closed","ping_status":"closed","sticky":false,"template":"","format":"standard","meta":{"fifu_image_url":"","fifu_image_alt":"","footnotes":""},"categories":[69],"tags":[],"class_list":["post-33749","post","type-post","status-publish","format-standard","has-post-thumbnail","hentry","category-construccion"],"_links":{"self":[{"href":"https:\/\/elmundodelosnegocios.com.do\/v1\/wp-json\/wp\/v2\/posts\/33749","targetHints":{"allow":["GET"]}}],"collection":[{"href":"https:\/\/elmundodelosnegocios.com.do\/v1\/wp-json\/wp\/v2\/posts"}],"about":[{"href":"https:\/\/elmundodelosnegocios.com.do\/v1\/wp-json\/wp\/v2\/types\/post"}],"author":[{"embeddable":true,"href":"https:\/\/elmundodelosnegocios.com.do\/v1\/wp-json\/wp\/v2\/users\/2"}],"replies":[{"embeddable":true,"href":"https:\/\/elmundodelosnegocios.com.do\/v1\/wp-json\/wp\/v2\/comments?post=33749"}],"version-history":[{"count":0,"href":"https:\/\/elmundodelosnegocios.com.do\/v1\/wp-json\/wp\/v2\/posts\/33749\/revisions"}],"wp:featuredmedia":[{"embeddable":true,"href":"https:\/\/elmundodelosnegocios.com.do\/v1\/wp-json\/wp\/v2\/media\/33750"}],"wp:attachment":[{"href":"https:\/\/elmundodelosnegocios.com.do\/v1\/wp-json\/wp\/v2\/media?parent=33749"}],"wp:term":[{"taxonomy":"category","embeddable":true,"href":"https:\/\/elmundodelosnegocios.com.do\/v1\/wp-json\/wp\/v2\/categories?post=33749"},{"taxonomy":"post_tag","embeddable":true,"href":"https:\/\/elmundodelosnegocios.com.do\/v1\/wp-json\/wp\/v2\/tags?post=33749"}],"curies":[{"name":"wp","href":"https:\/\/api.w.org\/{rel}","templated":true}]}}