{"id":33761,"date":"2023-10-30T08:46:19","date_gmt":"2023-10-30T13:16:19","guid":{"rendered":"https:\/\/elmundodelosnegocios.com.do\/v1\/?p=33761"},"modified":"2023-10-30T08:46:20","modified_gmt":"2023-10-30T13:16:20","slug":"celebra-colgate-palmolive-dia-nacional-del-cepillado-con-educacion-salud-bucal","status":"publish","type":"post","link":"https:\/\/elmundodelosnegocios.com.do\/v1\/celebra-colgate-palmolive-dia-nacional-del-cepillado-con-educacion-salud-bucal\/","title":{"rendered":"Celebra Colgate-Palmolive D\u00eda Nacional del Cepillado con educaci\u00f3n salud bucal"},"content":{"rendered":"\n<p>SANTO DOMINGO, R.D. Octubre 2023.- En un esfuerzo por combatir la creciente prevalencia de las afecciones bucodentales en Rep\u00fablica Dominicana, Colgate- Palmolive celebr\u00f3 el D\u00eda Nacional del Cepillado con renovado vigor el 26 de octubre. Sus esfuerzos por educar a los ni\u00f1os y a sus familias confirman su compromiso por reimaginar un futuro m\u00e1s saludable para todos.<\/p>\n\n\n\n<figure class=\"wp-block-image size-full\"><img loading=\"lazy\" decoding=\"async\" width=\"1000\" height=\"666\" src=\"http:\/\/elmundodelosnegocios.com.do\/v1\/wp-content\/uploads\/2023\/10\/Principal-izq-a-derecha-Claudia-Hernandez-Virginia-Laureano-Salvador-Campillo-e-Irma-Mauriz.jpg\" alt=\"Claudia Hernandez, Virginia Laureano, Salvador Campillo e Irma Mauriz\" class=\"wp-image-33762\" srcset=\"https:\/\/elmundodelosnegocios.com.do\/v1\/wp-content\/uploads\/2023\/10\/Principal-izq-a-derecha-Claudia-Hernandez-Virginia-Laureano-Salvador-Campillo-e-Irma-Mauriz.jpg 1000w, https:\/\/elmundodelosnegocios.com.do\/v1\/wp-content\/uploads\/2023\/10\/Principal-izq-a-derecha-Claudia-Hernandez-Virginia-Laureano-Salvador-Campillo-e-Irma-Mauriz-300x200.jpg 300w, https:\/\/elmundodelosnegocios.com.do\/v1\/wp-content\/uploads\/2023\/10\/Principal-izq-a-derecha-Claudia-Hernandez-Virginia-Laureano-Salvador-Campillo-e-Irma-Mauriz-768x511.jpg 768w\" sizes=\"auto, (max-width: 1000px) 100vw, 1000px\" \/><figcaption class=\"wp-element-caption\">Claudia Hernandez, Virginia Laureano, Salvador Campillo e Irma Mauriz<\/figcaption><\/figure>\n\n\n\n<p>La celebraci\u00f3n de este a\u00f1o cont\u00f3 con el apoyo de la Direcci\u00f3n de Odontolog\u00eda del Servicio Nacional de Salud (SNS) y el Instituto Nacional de Atenci\u00f3n Integral a la Primera Infancia (INAIPI), una colaboraci\u00f3n estrat\u00e9gica que refuerza el compromiso mutuo de promover la salud bucal en la Rep\u00fablica Dominicana.<\/p>\n\n\n\n<p>El evento, que form\u00f3 parte de las acciones implementadas por la compa\u00f1\u00eda en el Mes de la Salud Bucal, cont\u00f3 con la presencia de ni\u00f1as y ni\u00f1os de distintos centros educativos y organizaciones a nivel nacional, con el objetivo de concienciar sobre la importancia de prevenir la caries dental y cultivar h\u00e1bitos de cuidado oral desde temprana edad.<\/p>\n\n\n\n<p><a><\/a>M\u00e1s de 600 millones de personas en el mundo se ven afectadas por enfermedades bucodentales, siendo la caries dental una de las afecciones m\u00e1s comunes. Dentro del estudio&nbsp;<a href=\"https:\/\/goo.su\/muBj\" target=\"_blank\" rel=\"noreferrer noopener\">Indicadores de Riesgo Cariog\u00e9nico en Adolescentes de Santo Domingo<\/a>, se encuentra que, en Rep\u00fablica Dominicana, el \u00edndice de caries dental en adolescentes entre 12 y 14 a\u00f1os es del 7.8%, con una prevalencia del 90% en los adolescentes evaluados.<\/p>\n\n\n\n<p>Estas cifras resaltan la urgente necesidad de educar sobre la salud bucal desde la infancia. Colgate-Palmolive, l\u00edder en salud bucal a nivel mundial, ha sido un firme defensor de la prevenci\u00f3n y la educaci\u00f3n en la poblaci\u00f3n dominicana. Su programa \u00abSonrisas Brillantes, Futuros Brillantes\u00bb impact\u00f3 a m\u00e1s de 2,000,000 de ni\u00f1os en el pa\u00eds en el a\u00f1o 2021.&nbsp; Y en 2022, lleg\u00f3 a m\u00e1s de tres millones de ni\u00f1os y a sus familias en Rep\u00fablica Dominicana.<\/p>\n\n\n\n<p>Irma Mauriz, gerente regional de Cuidado Oral Profesional de Colgate-Palmolive, dijo<\/p>\n\n\n\n<p><em>\u201cEl compromiso que asumimos en Colgate con la educaci\u00f3n en las comunidades sobre afecciones orales se enmarca en nuestra visi\u00f3n puntual de que, la creaci\u00f3n de h\u00e1bitos saludables a temprana edad es un medio mucho m\u00e1s efectivo para evitar enfermedades no transmisibles, tanto orales como las que pueden llegar a desprenderse de estas\u201d<\/em>,<\/p>\n\n\n\n<p>&nbsp;Agreg\u00f3:&nbsp;<em>\u201cNos emocion\u00f3 mucho volver a celebrar el D\u00eda Nacional del Cepillado porque fue un evento en el que lo l\u00fadico y lo did\u00e1ctico se unieron para crear una experiencia inolvidable y transformadora entre los participantes, a la vez que se cre\u00f3 conciencia sobre el correcto cuidado de los dientes y la higiene bucal\u201d.<\/em><\/p>\n\n\n\n<p>El director de Odontolog\u00eda del Servicio Nacional de Salud, doctor Mario Bournigal, destac\u00f3 que los estudios han demostrado que las rutinas de cepillado infantil antes de la hora de acostarse est\u00e1n relacionadas no solo con la calidad del sue\u00f1o, sino tambi\u00e9n con la salud dental, el rendimiento y la preparaci\u00f3n escolar.<\/p>\n\n\n\n<p>Entre los factores que fomentan una vida bucal saludable, Bournigal destac\u00f3 la adecuada higiene dental desde que aparecen los primeros dientes en los ni\u00f1os, fomentando un h\u00e1bito de cepillado para prevenir la acumulaci\u00f3n de placa bacteriana, que puede causar caries.<\/p>\n\n\n\n<p>Tambi\u00e9n se\u00f1al\u00f3 la importancia de tener una alimentaci\u00f3n saludable, y las visitas regulares al dentista desde una edad temprana para ayudar a evitar problemas dentales en el futuro.<\/p>\n\n\n\n<p>De su lado, la directora ejecutiva de INAIPI, Besaida Santana, comparti\u00f3 la importancia de una buena salud bucal en los ni\u00f1os, ya que sienta las bases para una vida de dientes y enc\u00edas saludables.<\/p>\n\n\n\n<p>Afirm\u00f3 la funcionaria, que el D\u00eda Nacional del Cepillado provee una herramienta valiosa para educar a los ni\u00f1os sobre la importancia de cuidar la salud bucal desde temprana edad, al considerar que este tipo de eventos organizados por Colgate-Palmolive tiene un gran impacto en la orientaci\u00f3n de los menores de edad respecto al cuidado oral.<\/p>\n\n\n\n<p><em>\u00abPara m\u00e1s informaci\u00f3n sobre Colgate Palmolive, sus productos y su compromiso con el programa de Sonrisas Brillantes Futuros brillantes puede acceder a&nbsp;<\/em><a href=\"https:\/\/www.colgate.com\/es-do\/oral-health-education\" target=\"_blank\" rel=\"noreferrer noopener\"><em>https:\/\/www.colgate.com\/es-do\/oral-health-education<\/em><\/a><em>\u00ab<\/em><\/p>\n","protected":false},"excerpt":{"rendered":"<p>SANTO DOMINGO, R.D. Octubre 2023.- En un esfuerzo por combatir la creciente prevalencia de las afecciones bucodentales en Rep\u00fablica Dominicana, Colgate- Palmolive celebr\u00f3 el D\u00eda Nacional del Cepillado con renovado&hellip; <\/p>\n","protected":false},"author":2,"featured_media":33762,"comment_status":"closed","ping_status":"closed","sticky":false,"template":"","format":"standard","meta":{"fifu_image_url":"","fifu_image_alt":"","footnotes":""},"categories":[80],"tags":[],"class_list":["post-33761","post","type-post","status-publish","format-standard","has-post-thumbnail","hentry","category-salud"],"_links":{"self":[{"href":"https:\/\/elmundodelosnegocios.com.do\/v1\/wp-json\/wp\/v2\/posts\/33761","targetHints":{"allow":["GET"]}}],"collection":[{"href":"https:\/\/elmundodelosnegocios.com.do\/v1\/wp-json\/wp\/v2\/posts"}],"about":[{"href":"https:\/\/elmundodelosnegocios.com.do\/v1\/wp-json\/wp\/v2\/types\/post"}],"author":[{"embeddable":true,"href":"https:\/\/elmundodelosnegocios.com.do\/v1\/wp-json\/wp\/v2\/users\/2"}],"replies":[{"embeddable":true,"href":"https:\/\/elmundodelosnegocios.com.do\/v1\/wp-json\/wp\/v2\/comments?post=33761"}],"version-history":[{"count":0,"href":"https:\/\/elmundodelosnegocios.com.do\/v1\/wp-json\/wp\/v2\/posts\/33761\/revisions"}],"wp:featuredmedia":[{"embeddable":true,"href":"https:\/\/elmundodelosnegocios.com.do\/v1\/wp-json\/wp\/v2\/media\/33762"}],"wp:attachment":[{"href":"https:\/\/elmundodelosnegocios.com.do\/v1\/wp-json\/wp\/v2\/media?parent=33761"}],"wp:term":[{"taxonomy":"category","embeddable":true,"href":"https:\/\/elmundodelosnegocios.com.do\/v1\/wp-json\/wp\/v2\/categories?post=33761"},{"taxonomy":"post_tag","embeddable":true,"href":"https:\/\/elmundodelosnegocios.com.do\/v1\/wp-json\/wp\/v2\/tags?post=33761"}],"curies":[{"name":"wp","href":"https:\/\/api.w.org\/{rel}","templated":true}]}}