{"id":33764,"date":"2023-10-30T08:49:23","date_gmt":"2023-10-30T13:19:23","guid":{"rendered":"https:\/\/elmundodelosnegocios.com.do\/v1\/?p=33764"},"modified":"2023-10-30T08:49:25","modified_gmt":"2023-10-30T13:19:25","slug":"unas-80-comunidades-vulnerables-superaran-brecha-digital-en-innovadora-asociacion-publico-privada","status":"publish","type":"post","link":"https:\/\/elmundodelosnegocios.com.do\/v1\/unas-80-comunidades-vulnerables-superaran-brecha-digital-en-innovadora-asociacion-publico-privada\/","title":{"rendered":"Unas 80 comunidades vulnerables superar\u00e1n brecha digital en innovadora\u00a0 asociaci\u00f3n p\u00fablico-privada\u00a0"},"content":{"rendered":"\n<p>SANTO DOMINGO, R.D. Octubre 2023.- La formaci\u00f3n tecnol\u00f3gica llegar\u00e1 a 80 comunidades vulnerables, repartidas en distintos puntos de la geograf\u00eda dominicana. Esta labor educativa est\u00e1 impulsada por la ONG Food for the Hungry Dominicana y su programa EduLabs, que comenz\u00f3 a operar este 26 de octubre.<\/p>\n\n\n\n<figure class=\"wp-block-image size-large\"><img loading=\"lazy\" decoding=\"async\" width=\"1024\" height=\"683\" src=\"http:\/\/elmundodelosnegocios.com.do\/v1\/wp-content\/uploads\/2023\/10\/FOTO-PRINCIPAL-Fernando-Sanz-Luis-Marin-Maria-Cristina-Garcia-Roger-Clark-Rocio-Cruz-Scott-Gostisha-Dennis-Mahoney-David-Hartshorne-1024x683.jpeg\" alt=\"FOTO PRINCIPAL - Fernando Sanz, Luis Mar\u00edn, Mar\u00eda Cristina Garcia, Roger Clark, Roc\u00edo Cruz, Scott Gostisha, Dennis Mahoney David Hartshorne\" class=\"wp-image-33765\" srcset=\"https:\/\/elmundodelosnegocios.com.do\/v1\/wp-content\/uploads\/2023\/10\/FOTO-PRINCIPAL-Fernando-Sanz-Luis-Marin-Maria-Cristina-Garcia-Roger-Clark-Rocio-Cruz-Scott-Gostisha-Dennis-Mahoney-David-Hartshorne-1024x683.jpeg 1024w, https:\/\/elmundodelosnegocios.com.do\/v1\/wp-content\/uploads\/2023\/10\/FOTO-PRINCIPAL-Fernando-Sanz-Luis-Marin-Maria-Cristina-Garcia-Roger-Clark-Rocio-Cruz-Scott-Gostisha-Dennis-Mahoney-David-Hartshorne-300x200.jpeg 300w, https:\/\/elmundodelosnegocios.com.do\/v1\/wp-content\/uploads\/2023\/10\/FOTO-PRINCIPAL-Fernando-Sanz-Luis-Marin-Maria-Cristina-Garcia-Roger-Clark-Rocio-Cruz-Scott-Gostisha-Dennis-Mahoney-David-Hartshorne-768x512.jpeg 768w, https:\/\/elmundodelosnegocios.com.do\/v1\/wp-content\/uploads\/2023\/10\/FOTO-PRINCIPAL-Fernando-Sanz-Luis-Marin-Maria-Cristina-Garcia-Roger-Clark-Rocio-Cruz-Scott-Gostisha-Dennis-Mahoney-David-Hartshorne-1536x1024.jpeg 1536w, https:\/\/elmundodelosnegocios.com.do\/v1\/wp-content\/uploads\/2023\/10\/FOTO-PRINCIPAL-Fernando-Sanz-Luis-Marin-Maria-Cristina-Garcia-Roger-Clark-Rocio-Cruz-Scott-Gostisha-Dennis-Mahoney-David-Hartshorne.jpeg 2048w\" sizes=\"auto, (max-width: 1024px) 100vw, 1024px\" \/><figcaption class=\"wp-element-caption\">FOTO PRINCIPAL &#8211; Fernando Sanz, Luis Mar\u00edn, Mar\u00eda Cristina Garcia, Roger Clark, Roc\u00edo Cruz, Scott Gostisha, Dennis Mahoney David Hartshorne<\/figcaption><\/figure>\n\n\n\n<p>La iniciativa tiene como meta impactar a m\u00e1s de 23 mil familias dominicanas. Para lograrlo instalar\u00e1 modernos laboratorios tecnol\u00f3gicos, con una robusta conexi\u00f3n a internet en 80 escuelas p\u00fablicas del Gran Santo Domingo, Monte Plata, El\u00edas Pi\u00f1a y San Juan de La Maguana.<\/p>\n\n\n\n<p>M\u00e1s de 90 mil ni\u00f1os, j\u00f3venes y adultos ser\u00e1n capacitados en alfabetizaci\u00f3n digital (navegaci\u00f3n en l\u00ednea, herramientas de productividad y seguridad en l\u00ednea); habilidades tecnol\u00f3gicas para el empleo; aprovechamiento de herramientas digitales para la educaci\u00f3n; e innovaci\u00f3n.<\/p>\n\n\n\n<p>En el caso de los ni\u00f1os y j\u00f3venes se implementar\u00e1, adicionalmente, un reforzamiento educativo de lectoescritura y matem\u00e1ticas, artes y ciencias.<\/p>\n\n\n\n<h2 class=\"wp-block-heading\"><strong>Un compromiso con los m\u00e1s vulnerables<\/strong><\/h2>\n\n\n\n<p>El acto inaugural de EduLabs se efectu\u00f3 en la escuela John F. Kennedy, en Santo Domingo Este, espacio que congreg\u00f3 a la directora ejecutiva de FH Dominicana, Roc\u00edo Cruz; la directora del distrito 03 del Ministerio de Educaci\u00f3n, Eduvigen Rosario; Luis Mar\u00edn, Director Global de Ecosistema y Alianzas en Educaci\u00f3n de Intel; David Hartshorn y Scott Gostisha, de Geeks Without Frontiers; Fernando Sanz, de Smart Technologies; Roger Clark, de Appliansys; la directora de la escuela, Mar\u00eda Cristina Garc\u00eda, y la estudiante Yeimi Lisset Castro.<\/p>\n\n\n\n<p>\u00abPara nosotros en FH Dominicana, que tenemos m\u00e1s de 40 a\u00f1os de trabajo en el pa\u00eds, este es un paso muy importante. EduLabs representa un compromiso mayor con las comunidades en las que hemos tenido incidencia en este tiempo. Un estrecho compromiso con su superaci\u00f3n, con su educaci\u00f3n y con sus anhelos de un futuro mejor\u00bb, expres\u00f3 la dirigente de la ONG.<\/p>\n\n\n\n<p>Cruz manifest\u00f3, asimismo, su gratitud con todas las organizaciones que se han sumado a esta alianza p\u00fablico-privada como lo son el Ministerio de Educaci\u00f3n, Intel, Geeks Without Frontiers, SMART Technologies, Appliansys y el Proyecto N50.<\/p>\n\n\n\n<p><br>\u201cNuestro compromiso es liderar este camino, empoderando a las nuevas generaciones con las habilidades y el conocimiento necesarios para triunfar en esta nueva era. Juntos, forjaremos un futuro donde la educaci\u00f3n sea accesible para todos\u201d, manifest\u00f3 Luis Mar\u00edn, representante de Intel.<\/p>\n\n\n\n<h2 class=\"wp-block-heading\"><strong>Metas de EduLabs<\/strong><\/h2>\n\n\n\n<p>Adem\u00e1s de la escuela en Santo Domingo Este, en esta fase piloto tambi\u00e9n se instal\u00f3 un laboratorio en la escuela Buenos Aires de Monte Plata.<\/p>\n\n\n\n<p>Cruz inform\u00f3 que el programa tiene un fuerte componente de medici\u00f3n de resultados y concreci\u00f3n de metas, con miras a delimitar la efectividad y el impacto de la iniciativa.<\/p>\n\n\n\n<p>Entre las metas contempladas durante el primer a\u00f1o de implementaci\u00f3n de EduLabs est\u00e1n: el aumento significativo del promedio de calificaciones de los estudiantes desde primaria a bachillerato, mejorar en un 30% las habilidades t\u00e9cnicas para el empleo entre los adultos y j\u00f3venes participantes del programa.<\/p>\n\n\n\n<p>Mientras que para el segundo a\u00f1o de implementaci\u00f3n se prev\u00e9 lograr el incremento de un 40% en las competencias tecnol\u00f3gicas de los grupos meta y el aumento en 20% la adopci\u00f3n y el uso de tecnolog\u00eda en las comunidades ayudadas.<\/p>\n\n\n\n<p><strong>FH Dominicana<\/strong><\/p>\n\n\n\n<p>Organizaci\u00f3n cristiana sin fines de lucro que trabaja en Rep\u00fablica Dominicana desde 1979, a prop\u00f3sito de la emergencia generada por el paso del hurac\u00e1n David. Se focaliza en programas de desarrollo y respuesta a emergencias con el objeto de fomentar la esperanza y la resiliencia con las poblaciones m\u00e1s vulnerables del pa\u00eds. Hasta la fecha ha impactado positivamente a m\u00e1s de 400 mil dominicanos en localidades que incluyen a Monte Plata (Programa \u00c1rea Zona Norte), El\u00edas Pi\u00f1a y El Cercado (Programa \u00c1rea Zona Fronteriza), y Santo Domingo Este y La Victoria (Programa \u00c1rea Zona Urbana). Pr\u00f3ximamente su labor se ampliar\u00e1 a San Luis (en Santo Domingo Este); Dajab\u00f3n, Independencia y Pedernales (en la zona fronteriza); y Hato Mayor y El Seibo (en la zona norte).<\/p>\n","protected":false},"excerpt":{"rendered":"<p>SANTO DOMINGO, R.D. Octubre 2023.- La formaci\u00f3n tecnol\u00f3gica llegar\u00e1 a 80 comunidades vulnerables, repartidas en distintos puntos de la geograf\u00eda dominicana. Esta labor educativa est\u00e1 impulsada por la ONG Food&hellip; <\/p>\n","protected":false},"author":2,"featured_media":33765,"comment_status":"closed","ping_status":"closed","sticky":false,"template":"","format":"standard","meta":{"fifu_image_url":"","fifu_image_alt":"","footnotes":""},"categories":[78],"tags":[],"class_list":["post-33764","post","type-post","status-publish","format-standard","has-post-thumbnail","hentry","category-con-responsabilidad"],"_links":{"self":[{"href":"https:\/\/elmundodelosnegocios.com.do\/v1\/wp-json\/wp\/v2\/posts\/33764","targetHints":{"allow":["GET"]}}],"collection":[{"href":"https:\/\/elmundodelosnegocios.com.do\/v1\/wp-json\/wp\/v2\/posts"}],"about":[{"href":"https:\/\/elmundodelosnegocios.com.do\/v1\/wp-json\/wp\/v2\/types\/post"}],"author":[{"embeddable":true,"href":"https:\/\/elmundodelosnegocios.com.do\/v1\/wp-json\/wp\/v2\/users\/2"}],"replies":[{"embeddable":true,"href":"https:\/\/elmundodelosnegocios.com.do\/v1\/wp-json\/wp\/v2\/comments?post=33764"}],"version-history":[{"count":0,"href":"https:\/\/elmundodelosnegocios.com.do\/v1\/wp-json\/wp\/v2\/posts\/33764\/revisions"}],"wp:featuredmedia":[{"embeddable":true,"href":"https:\/\/elmundodelosnegocios.com.do\/v1\/wp-json\/wp\/v2\/media\/33765"}],"wp:attachment":[{"href":"https:\/\/elmundodelosnegocios.com.do\/v1\/wp-json\/wp\/v2\/media?parent=33764"}],"wp:term":[{"taxonomy":"category","embeddable":true,"href":"https:\/\/elmundodelosnegocios.com.do\/v1\/wp-json\/wp\/v2\/categories?post=33764"},{"taxonomy":"post_tag","embeddable":true,"href":"https:\/\/elmundodelosnegocios.com.do\/v1\/wp-json\/wp\/v2\/tags?post=33764"}],"curies":[{"name":"wp","href":"https:\/\/api.w.org\/{rel}","templated":true}]}}