{"id":33810,"date":"2023-10-31T18:45:21","date_gmt":"2023-10-31T23:15:21","guid":{"rendered":"https:\/\/elmundodelosnegocios.com.do\/v1\/?p=33810"},"modified":"2023-11-01T10:39:45","modified_gmt":"2023-11-01T15:09:45","slug":"celebra-camara-comercio-espanola-almuerzo-con-empresarios-sector-turistico-zona-este","status":"publish","type":"post","link":"https:\/\/elmundodelosnegocios.com.do\/v1\/celebra-camara-comercio-espanola-almuerzo-con-empresarios-sector-turistico-zona-este\/","title":{"rendered":"Celebra C\u00e1mara Espa\u00f1ola almuerzo con empresarios sector tur\u00edstico zona este"},"content":{"rendered":"\n<p><strong>Punta Cana<\/strong>, La Altagracia, R.D. Octubre 31, 2023.-&nbsp;La C\u00e1mara Oficial de Comercio de Espa\u00f1a en la Rep\u00fablica Dominicana realiz\u00f3 una&nbsp;Charla-Conferencia en el Paradisus Palma Real sobre&nbsp;la Ley 32-23, que implementa el uso de la facturaci\u00f3n electr\u00f3nica, denominada \u201c<strong>Facturaci\u00f3n Electr\u00f3nica en la Rep\u00fablica Dominicana: Retos, Oportunidades y Soluciones\u201d,&nbsp;<\/strong>en el marco de un almuerzo&nbsp;donde asistieron los principales empresarios del sector turismo de la zona este del pa\u00eds.<\/p>\n\n\n<div class=\"wp-block-image\">\n<figure class=\"aligncenter size-large\"><img loading=\"lazy\" decoding=\"async\" width=\"1024\" height=\"768\" src=\"https:\/\/elmundodelosnegocios.com.do\/v1\/wp-content\/uploads\/2023\/10\/1080x1080-4-1024x768.jpg\" alt=\"\" class=\"wp-image-33811\" srcset=\"https:\/\/elmundodelosnegocios.com.do\/v1\/wp-content\/uploads\/2023\/10\/1080x1080-4-1024x768.jpg 1024w, https:\/\/elmundodelosnegocios.com.do\/v1\/wp-content\/uploads\/2023\/10\/1080x1080-4-300x225.jpg 300w, https:\/\/elmundodelosnegocios.com.do\/v1\/wp-content\/uploads\/2023\/10\/1080x1080-4-768x576.jpg 768w, https:\/\/elmundodelosnegocios.com.do\/v1\/wp-content\/uploads\/2023\/10\/1080x1080-4.jpg 1032w\" sizes=\"auto, (max-width: 1024px) 100vw, 1024px\" \/><\/figure>\n<\/div>\n\n\n<p>Paco P\u00e9rez, presidente de la C\u00e1mara de Comercio Espa\u00f1ola, al momento de presentar la conferencia resalt\u00f3 la&nbsp;importancia de la zona este de la geograf\u00eda dominicana, donde la inversi\u00f3n espa\u00f1ola es alta, la cual lleva d\u00e9cadas impactando en el bienestar social y econ\u00f3mico de la zona, del pa\u00eds, pero, sobre todo, de los miles de familias que viven en estos alrededores y que est\u00e1n vinculadas a la cadena de valor del turismo, principalmente.}\u201cComo C\u00e1mara estamos viviendo un momento de fortalecimiento institucional con la idea de contribuir con el desarrollo de nuestra membres\u00eda en los \u00e1mbitos de mejorar su potencial de comerciar y hacer negocios e inversiones, poniendo a Espa\u00f1a como referente con el cu\u00e1l lograr un mayor intercambio de beneficio mutuo\u201d, se\u00f1al\u00f3.<\/p>\n\n\n\n<p>De igual manera, sostuvo que Espa\u00f1a ha sido, es y seguir\u00e1 siendo uno de los principales socios comerciales y de inversi\u00f3n de la Rep\u00fablica Dominicana y el primero en \u00e1mbitos como el turismo.<\/p>\n\n\n\n<p>\u201cEl 2024 ser\u00e1 un a\u00f1o muy especial por la celebraci\u00f3n del centenario de la C\u00e1mara. Estamos trabajando en la definici\u00f3n de un plan de trabajo que incluir\u00e1 eventos de celebraci\u00f3n y la puesta en circulaci\u00f3n de un informe econ\u00f3mico y una revista especial que reflejen lo que ser\u00e1n esos 100 a\u00f1os y el momento actual en el que nos encontramos\u201d, puntualiz\u00f3 P\u00e9rez.<\/p>\n\n\n\n<p>Es importante resaltar que este encuentro sirvi\u00f3 para que los invitados&nbsp;compartieran sus conocimientos y experiencias sobre los retos, oportunidades y soluciones para las empresas con motivo de la implementaci\u00f3n de la facturaci\u00f3n electr\u00f3nica.<\/p>\n\n\n\n<p>Adem\u00e1s, los socios de la C\u00e1mara Oficial de Comercio de Espa\u00f1a en la Rep\u00fablica Dominicana&nbsp;celebraron la incorporaci\u00f3n de la nueva Junta Directiva.<\/p>\n\n\n\n<p>\u201c<strong>Facturaci\u00f3n Electr\u00f3nica en la Rep\u00fablica Dominicana: Retos, Oportunidades y Soluciones\u201d&nbsp;<\/strong>cont\u00f3 con la participaci\u00f3n de socios de la C\u00e1mara Oficial de Comercio de Espa\u00f1a en la Rep\u00fablica Dominicana, el presidente de la C\u00e1mara, Consejera Econ\u00f3mica y Comercial de la Embajada de Espa\u00f1a en Santo Domingo, Miembros de la Junta Directiva, Directores, administradores, financieros y tomadores de decisiones de las empresas socias de la C\u00e1mara.<\/p>\n\n\n\n<p><strong>Sobre la C\u00e1mara Espa\u00f1ola<\/strong><\/p>\n\n\n\n<p>La C\u00e1mara Espa\u00f1ola de Comercio en Rep\u00fablica Dominicana es una asociaci\u00f3n privada sin fines de lucro reconocida oficialmente por el Reino de Espa\u00f1a. Colaboramos con el fortalecimiento, el desarrollo de las relaciones econ\u00f3micas y empresariales entre Espa\u00f1a y Rep\u00fablica Dominicana, fomentando las inversiones y el intercambio comercial entre ambos pa\u00edses.<\/p>\n\n\n\n<p>Casi 100 a\u00f1os despu\u00e9s, contamos con alrededor de 400 empresas asociadas y una red de contactos que abarca todos los sectores econ\u00f3micos en Rep\u00fablica Dominicana, actuamos como una plataforma de encuentro, generando espacios propicios para el intercambio comercial y econ\u00f3mico.<\/p>\n","protected":false},"excerpt":{"rendered":"<p>Punta Cana, La Altagracia, R.D. Octubre 31, 2023.-&nbsp;La C\u00e1mara Oficial de Comercio de Espa\u00f1a en la Rep\u00fablica Dominicana realiz\u00f3 una&nbsp;Charla-Conferencia en el Paradisus Palma Real sobre&nbsp;la Ley 32-23, que implementa&hellip; <\/p>\n","protected":false},"author":2,"featured_media":33811,"comment_status":"closed","ping_status":"closed","sticky":false,"template":"","format":"standard","meta":{"fifu_image_url":"","fifu_image_alt":"","footnotes":""},"categories":[172],"tags":[],"class_list":["post-33810","post","type-post","status-publish","format-standard","has-post-thumbnail","hentry","category-turismo"],"_links":{"self":[{"href":"https:\/\/elmundodelosnegocios.com.do\/v1\/wp-json\/wp\/v2\/posts\/33810","targetHints":{"allow":["GET"]}}],"collection":[{"href":"https:\/\/elmundodelosnegocios.com.do\/v1\/wp-json\/wp\/v2\/posts"}],"about":[{"href":"https:\/\/elmundodelosnegocios.com.do\/v1\/wp-json\/wp\/v2\/types\/post"}],"author":[{"embeddable":true,"href":"https:\/\/elmundodelosnegocios.com.do\/v1\/wp-json\/wp\/v2\/users\/2"}],"replies":[{"embeddable":true,"href":"https:\/\/elmundodelosnegocios.com.do\/v1\/wp-json\/wp\/v2\/comments?post=33810"}],"version-history":[{"count":0,"href":"https:\/\/elmundodelosnegocios.com.do\/v1\/wp-json\/wp\/v2\/posts\/33810\/revisions"}],"wp:featuredmedia":[{"embeddable":true,"href":"https:\/\/elmundodelosnegocios.com.do\/v1\/wp-json\/wp\/v2\/media\/33811"}],"wp:attachment":[{"href":"https:\/\/elmundodelosnegocios.com.do\/v1\/wp-json\/wp\/v2\/media?parent=33810"}],"wp:term":[{"taxonomy":"category","embeddable":true,"href":"https:\/\/elmundodelosnegocios.com.do\/v1\/wp-json\/wp\/v2\/categories?post=33810"},{"taxonomy":"post_tag","embeddable":true,"href":"https:\/\/elmundodelosnegocios.com.do\/v1\/wp-json\/wp\/v2\/tags?post=33810"}],"curies":[{"name":"wp","href":"https:\/\/api.w.org\/{rel}","templated":true}]}}