{"id":33877,"date":"2023-11-02T03:08:01","date_gmt":"2023-11-02T07:38:01","guid":{"rendered":"https:\/\/elmundodelosnegocios.com.do\/v1\/index.php\/2023\/11\/02\/el-fondo-saudita-para-el-desarrollo-firma-un-acuerdo-de-prestamo-por-100-millones-de-dolares-para-financiar-un-proyecto-hidrico-en-argentina\/"},"modified":"2023-11-02T03:08:01","modified_gmt":"2023-11-02T07:38:01","slug":"el-fondo-saudita-para-el-desarrollo-firma-un-acuerdo-de-prestamo-por-100-millones-de-dolares-para-financiar-un-proyecto-hidrico-en-argentina","status":"publish","type":"post","link":"https:\/\/elmundodelosnegocios.com.do\/v1\/el-fondo-saudita-para-el-desarrollo-firma-un-acuerdo-de-prestamo-por-100-millones-de-dolares-para-financiar-un-proyecto-hidrico-en-argentina\/","title":{"rendered":"El Fondo Saudita para el Desarrollo firma un acuerdo de pr\u00e9stamo por 100 millones de d\u00f3lares para financiar un proyecto h\u00eddrico en Argentina"},"content":{"rendered":"<p>RIAD, Arabia Saudita&#8211;(BUSINESS WIRE)&#8211;El Director Ejecutivo del Fondo Saudita para el Desarrollo (Saudi Fund for Development, SFD), su excelencia el Sult\u00e1n Al-Marshad, firm\u00f3 un nuevo acuerdo de pr\u00e9stamo para el desarrollo por 100 millones de d\u00f3lares y marca la primera operaci\u00f3n del Fondo en el pa\u00eds. El acuerdo se firm\u00f3 con el actual Gobernador de la Provincia de C\u00f3rdoba, Juan Schiaretti y el Gobernador de la Provincia de Santa Fe, Omar Perotti, el cual ayudar\u00e1 a financiar el Proyecto del Acueducto Interprovincial Santa Fe &#8211; C\u00f3rdoba (Etapa 1, Bloque B-C) en Argentina, a trav\u00e9s del SFD. La ceremonia de firma tuvo lugar en la sede del SFD en Riad, Arabia Saudita.<br \/>\nEl Ministro de Obras P\u00fablicas de la Provincia de C\u00f3rdoba, Ricardo Sosa; el Ministro de Servicios P\u00fablicos de la Provincia de C\u00f3rdoba, Fabi\u00e1n L\u00f3pez; el Ministro de Econom\u00eda de la Provincia de Santa Fe, Walter August; y representantes oficiales de ambas partes tambi\u00e9n estuvieron presentes en el evento.<br \/>\nEste acuerdo impulsar\u00e1 la econom\u00eda argentina apoyando el desarrollo del agua potable en las provincias de Santa Fe y C\u00f3rdoba, creando puestos de trabajo y fomentando el desarrollo socioecon\u00f3mico.<br \/>\nEs importante destacar que este proyecto tambi\u00e9n apoya la realizaci\u00f3n de los Objetivos de Desarrollo Sostenible (ODS) de las Naciones Unidas, espec\u00edficamente el ODS 3, Salud y bienestar y el ODS 6, Agua limpia y saneamiento.<br \/>\nLa Etapa 1 del proyecto se desarrollar\u00e1 desde Coronda hasta San Francisco y proporcionar\u00e1 acceso al agua potable beneficiando a m\u00e1s de 410.000 habitantes y fomentar\u00e1 el desarrollo de Santa Fe y C\u00f3rdoba.<br \/>\nEn esta oportunidad, el Gobernador de la Provincia de C\u00f3rdoba, Juan Schiaretti, expres\u00f3: \u00abEs un gran honor firmar este acuerdo por 100 millones de d\u00f3lares para el acueducto, que beneficia a Santa Fe y C\u00f3rdoba, y forja la primera sociedad de desarrollo econ\u00f3mico entre el SFD y Argentina.\u201d<br \/>\nEl Gobernador de la Provincia de Santa Fe, Omar Perotti, declar\u00f3: \u00abHoy, Argentina y el SFD colaboran para construir un acueducto que mejorar\u00e1 vidas y marcar\u00e1 un paso hist\u00f3rico hacia un desarrollo duradero.\u201d<br \/>\nPor su parte, el Director Ejecutivo de SFD, su excelencia el Sult\u00e1n Al-Marshad, declar\u00f3: \u00abEl agua potable, el saneamiento y la higiene son esenciales para la salud y el bienestar. Estamos orgullosos de apoyar proyectos que mejoran el acceso al agua potable en los pa\u00edses en desarrollo y tienen un impacto positivo en la vida de muchas personas.\u201d<br \/>\nArgentina se convierte en el beneficiario n\u00famero 93\u00b0 de SFD, lo que demuestra su compromiso con el desarrollo sostenible de Am\u00e9rica Latina.<br \/>\nEn l\u00ednea con su misi\u00f3n de promover el desarrollo sostenible global desde 1975, SFD ha financiado m\u00e1s de 750 proyectos de desarrollo por 20.000 millones de d\u00f3lares en m\u00e1s de 90 pa\u00edses de todo el mundo.<br \/>\n*Fuente: AETOSWire<br \/>\nEl texto original en el idioma fuente de este comunicado es la versi\u00f3n oficial autorizada. Las traducciones solo se suministran como adaptaci\u00f3n y deben cotejarse con el texto en el idioma fuente, que es la \u00fanica versi\u00f3n del texto que tendr\u00e1 un efecto legal. Contacts<br \/>\nNawaf Alojrush<br \/>\nEmail: alojrush@sep.gov.sa<\/p>\n","protected":false},"excerpt":{"rendered":"<p>RIAD, Arabia Saudita&#8211;(BUSINESS WIRE)&#8211;El Director Ejecutivo del Fondo Saudita para el Desarrollo (Saudi Fund for Development, SFD), su excelencia el Sult\u00e1n Al-Marshad, firm\u00f3 un nuevo acuerdo de pr\u00e9stamo para el&hellip; <\/p>\n","protected":false},"author":2,"featured_media":33878,"comment_status":"closed","ping_status":"closed","sticky":false,"template":"","format":"standard","meta":{"fifu_image_url":"","fifu_image_alt":"","footnotes":""},"categories":[252],"tags":[253],"class_list":["post-33877","post","type-post","status-publish","format-standard","has-post-thumbnail","hentry","category-business-wire","tag-business-wire"],"_links":{"self":[{"href":"https:\/\/elmundodelosnegocios.com.do\/v1\/wp-json\/wp\/v2\/posts\/33877","targetHints":{"allow":["GET"]}}],"collection":[{"href":"https:\/\/elmundodelosnegocios.com.do\/v1\/wp-json\/wp\/v2\/posts"}],"about":[{"href":"https:\/\/elmundodelosnegocios.com.do\/v1\/wp-json\/wp\/v2\/types\/post"}],"author":[{"embeddable":true,"href":"https:\/\/elmundodelosnegocios.com.do\/v1\/wp-json\/wp\/v2\/users\/2"}],"replies":[{"embeddable":true,"href":"https:\/\/elmundodelosnegocios.com.do\/v1\/wp-json\/wp\/v2\/comments?post=33877"}],"version-history":[{"count":0,"href":"https:\/\/elmundodelosnegocios.com.do\/v1\/wp-json\/wp\/v2\/posts\/33877\/revisions"}],"wp:featuredmedia":[{"embeddable":true,"href":"https:\/\/elmundodelosnegocios.com.do\/v1\/wp-json\/wp\/v2\/media\/33878"}],"wp:attachment":[{"href":"https:\/\/elmundodelosnegocios.com.do\/v1\/wp-json\/wp\/v2\/media?parent=33877"}],"wp:term":[{"taxonomy":"category","embeddable":true,"href":"https:\/\/elmundodelosnegocios.com.do\/v1\/wp-json\/wp\/v2\/categories?post=33877"},{"taxonomy":"post_tag","embeddable":true,"href":"https:\/\/elmundodelosnegocios.com.do\/v1\/wp-json\/wp\/v2\/tags?post=33877"}],"curies":[{"name":"wp","href":"https:\/\/api.w.org\/{rel}","templated":true}]}}