{"id":33897,"date":"2023-11-02T10:41:49","date_gmt":"2023-11-02T15:11:49","guid":{"rendered":"https:\/\/elmundodelosnegocios.com.do\/v1\/?p=33897"},"modified":"2023-11-02T10:42:03","modified_gmt":"2023-11-02T15:12:03","slug":"nueva-ley-de-aviacion-generara-mas-de-50-mil-empleos-en-la-industria-a-2028","status":"publish","type":"post","link":"https:\/\/elmundodelosnegocios.com.do\/v1\/nueva-ley-de-aviacion-generara-mas-de-50-mil-empleos-en-la-industria-a-2028\/","title":{"rendered":"Nueva ley de aviaci\u00f3n generar\u00e1 m\u00e1s de 50 mil empleos en la industria a 2028"},"content":{"rendered":"\n<p>Santo Domingo. \u2013 El director general del\u00a0Instituto Dominicano de Aviaci\u00f3n Civil, Idac\u00a0H\u00e9ctor Porcella, asegur\u00f3 que la\u00a0Ley 57-23 convertir\u00e1 a la Rep\u00fablica Dominicana en Hub a\u00e9reo continental y en\u00a0uno de los destinos m\u00e1s atractivos para la inversi\u00f3n internacional con un impacto trascendental en la generaci\u00f3n de empleo y de riqueza para el pa\u00eds.<\/p>\n\n\n<div class=\"wp-block-image\">\n<figure class=\"aligncenter size-full\"><img loading=\"lazy\" decoding=\"async\" width=\"1024\" height=\"682\" src=\"https:\/\/elmundodelosnegocios.com.do\/v1\/wp-content\/uploads\/2023\/11\/ley-aviacion.jpeg\" alt=\"\" class=\"wp-image-33899\" srcset=\"https:\/\/elmundodelosnegocios.com.do\/v1\/wp-content\/uploads\/2023\/11\/ley-aviacion.jpeg 1024w, https:\/\/elmundodelosnegocios.com.do\/v1\/wp-content\/uploads\/2023\/11\/ley-aviacion-300x200.jpeg 300w, https:\/\/elmundodelosnegocios.com.do\/v1\/wp-content\/uploads\/2023\/11\/ley-aviacion-768x512.jpeg 768w\" sizes=\"auto, (max-width: 1024px) 100vw, 1024px\" \/><figcaption class=\"wp-element-caption\">Acompa\u00f1an a Director General del IDAC, H\u00e9ctor Porcella, el ex-presidente de Asonahores, Enrique de Marchena, Enrique de Marchena, la Sub Directora de Gesti\u00f3n de Cumplimiento de la Direcci\u00f3n General de Impuestos Internos, Ricela Sprauss y el presidente de Arajet, V\u00edctor Pacheco.<\/figcaption><\/figure>\n<\/div>\n\n\n<p>Porcella hizo el se\u00f1alamiento al participar en el panel \u201cImpacto en la Econom\u00eda de la nueva Ley de Aviaci\u00f3n de Rep\u00fablica Dominicana\u201d, organizado por la C\u00e1mara de Comercio de Santo Domingo, en el que participaron la presidenta de dicha instituci\u00f3n, Lucile Houellemont; el director del Instituto Nacional de Aviaci\u00f3n Civil, H\u00e9ctor Porcella; el presidente de Arajet; V\u00edctor Pacheco; el ex-presidente de Asonahores, Enrique de Marchena; y la Sub Directora de Gesti\u00f3n de Cumplimiento de la Direcci\u00f3n General de Impuestos Internos, Ricela Sprauss.<\/p>\n\n\n\n<p>La nueva Ley 57-23 sobre fomento a la aviaci\u00f3n civil en la Rep\u00fablica Dominicana podr\u00e1 tener gran impacto en la econom\u00eda y el comercio del pa\u00eds, generando m\u00e1s de 50 mil empleos directos e indirectos en los pr\u00f3ximos 5 a\u00f1os y representando un crecimiento del Producto Interno Bruto de casi un 3%.<\/p>\n\n\n\n<p>Los exponentes coincidieron en que esta nueva Ley dota al pa\u00eds de un marco legal que le permite tener unos criterios de competitividad frente a la industria aeron\u00e1utica internacional para que as\u00ed las aerol\u00edneas nacionales puedan competir en igualdad de condiciones y de esta manera tener un impacto positivo al crecimiento econ\u00f3mico dominicano.<\/p>\n\n\n\n<p>Pacheco realiz\u00f3 una presentaci\u00f3n en la que compar\u00f3 el marco legal fiscal en el que queda a partir de ahora Rep\u00fablica Dominicana frente a otros pa\u00edses de la regi\u00f3n como Panam\u00e1, Colombia o M\u00e9xico y concluy\u00f3 que este nueva Ley es vital para que pueda existir una aviaci\u00f3n comercial exitosa en el pa\u00eds. \u201cHay que aplaudir la iniciativa del Estado pues sin esta ley era imposible que se pudiera crear una aerol\u00ednea nacional en el pa\u00eds y que esta pudiera ser competitiva; a partir de ahora veremos como gracias a este marco legal el tr\u00e1fico de pasajeros se duplicar\u00e1 en el pa\u00eds a 2028\u201d afirm\u00f3 el empresario.<\/p>\n\n\n\n<p>En sus palabras de apertura, la presidenta de la C\u00e1mara de Comercio afirm\u00f3 que desde esa instituci\u00f3n respaldar\u00e1n cada una de las iniciativas que impacten el crecimiento del comercio y la conectividad con los dem\u00e1s pa\u00edses del continente para as\u00ed seguir facilitando el hacer negocios en Rep\u00fablica Dominicana.<\/p>\n\n\n\n<p>De igual manera desde ASONAHORES respaldaron la iniciativa por el impacto que tendr\u00e1 en el turismo dominicano, y la subdirectora de la DGII explic\u00f3 c\u00f3mo funcionar\u00e1 la nueva ley, para que las aerol\u00edneas dominicanas puedan beneficiarse de los incentivos y as\u00ed poder generar el impacto econ\u00f3mico esperado.<\/p>\n\n\n<div class=\"wp-block-image\">\n<figure class=\"aligncenter size-full\"><img loading=\"lazy\" decoding=\"async\" width=\"1024\" height=\"682\" src=\"https:\/\/elmundodelosnegocios.com.do\/v1\/wp-content\/uploads\/2023\/11\/WhatsApp-Image-2023-11-01-at-3.02.19-PM-1-1024x682-1.jpeg\" alt=\"\" class=\"wp-image-33898\" srcset=\"https:\/\/elmundodelosnegocios.com.do\/v1\/wp-content\/uploads\/2023\/11\/WhatsApp-Image-2023-11-01-at-3.02.19-PM-1-1024x682-1.jpeg 1024w, https:\/\/elmundodelosnegocios.com.do\/v1\/wp-content\/uploads\/2023\/11\/WhatsApp-Image-2023-11-01-at-3.02.19-PM-1-1024x682-1-300x200.jpeg 300w, https:\/\/elmundodelosnegocios.com.do\/v1\/wp-content\/uploads\/2023\/11\/WhatsApp-Image-2023-11-01-at-3.02.19-PM-1-1024x682-1-768x512.jpeg 768w\" sizes=\"auto, (max-width: 1024px) 100vw, 1024px\" \/><figcaption class=\"wp-element-caption\"><strong><em>H\u00e9ctor Porcella, durante disertaci\u00f3n<\/em><\/strong><\/figcaption><\/figure>\n<\/div>\n\n\n<p>La referida normativa contempla en favor de las empresas operadoras de transporte a\u00e9reo comercial nacional que cumplan con los requisitos previstos en la ley los&nbsp;siguientes incentivos fiscales:<\/p>\n\n\n\n<ol class=\"wp-block-list\" type=\"1\">\n<li>Exenci\u00f3n total de la retenci\u00f3n del impuesto por concepto de&nbsp;pagos de rentas al exterior por arrendamiento&nbsp;de aeronaves o motores de aeronaves y los servicios de mantenimiento y reparaci\u00f3n de aeronaves; las partes del motor y otras piezas de aeronaves;&nbsp;<\/li>\n\n\n\n<li>Exenci\u00f3n del pago del Impuesto sobre los&nbsp;Activos declarados en la Direcci\u00f3n General de Impuestos Internos (DGII).<\/li>\n\n\n\n<li>Retenci\u00f3n de car\u00e1cter \u00fanico y definitivo de&nbsp;solo el cinco por ciento (5%)&nbsp;del impuesto por concepto de pagos al exterior por entrenamientos y capacitaciones al personal de tripulaci\u00f3n, por parte de no residentes; uso y mantenimiento de programas inform\u00e1ticos y software relacionados a la operaci\u00f3n de la aeronave y por el seguro de la aeronave.<\/li>\n\n\n\n<li>Exenci\u00f3n del pago del&nbsp;Impuesto sobre la Transferencia de Bienes Industrializados y Servicios (ITBIS)&nbsp;en la venta de vuelos completos por parte de empresas operadoras dominicanas a empresas en el exterior (fletamento), siempre y cuando se trate de vuelos originados en el extranjero con destino a Rep\u00fablica Dominicana.<\/li>\n\n\n\n<li>Exenci\u00f3n del pago de&nbsp;Arancel y del ITBIS sobre la importaci\u00f3n de naves y aeronaves&nbsp;de las subpartidas 8802.30.00 correspondientes a aviones y dem\u00e1s aeronaves, de peso en vac\u00edo superior a 2.000 kg, pero inferior o igual a 15.000 kg y la subpartida 8802.40.00 correspondiente a Aviones y dem\u00e1s aeronaves, de peso en vac\u00edo superior a 15.000 kg.<\/li>\n<\/ol>\n","protected":false},"excerpt":{"rendered":"<p>Santo Domingo. \u2013 El director general del\u00a0Instituto Dominicano de Aviaci\u00f3n Civil, Idac\u00a0H\u00e9ctor Porcella, asegur\u00f3 que la\u00a0Ley 57-23 convertir\u00e1 a la Rep\u00fablica Dominicana en Hub a\u00e9reo continental y en\u00a0uno de los&hellip; <\/p>\n","protected":false},"author":2,"featured_media":33899,"comment_status":"closed","ping_status":"closed","sticky":false,"template":"","format":"standard","meta":{"fifu_image_url":"","fifu_image_alt":"","footnotes":""},"categories":[168],"tags":[],"class_list":["post-33897","post","type-post","status-publish","format-standard","has-post-thumbnail","hentry","category-transporte-aereo"],"_links":{"self":[{"href":"https:\/\/elmundodelosnegocios.com.do\/v1\/wp-json\/wp\/v2\/posts\/33897","targetHints":{"allow":["GET"]}}],"collection":[{"href":"https:\/\/elmundodelosnegocios.com.do\/v1\/wp-json\/wp\/v2\/posts"}],"about":[{"href":"https:\/\/elmundodelosnegocios.com.do\/v1\/wp-json\/wp\/v2\/types\/post"}],"author":[{"embeddable":true,"href":"https:\/\/elmundodelosnegocios.com.do\/v1\/wp-json\/wp\/v2\/users\/2"}],"replies":[{"embeddable":true,"href":"https:\/\/elmundodelosnegocios.com.do\/v1\/wp-json\/wp\/v2\/comments?post=33897"}],"version-history":[{"count":0,"href":"https:\/\/elmundodelosnegocios.com.do\/v1\/wp-json\/wp\/v2\/posts\/33897\/revisions"}],"wp:featuredmedia":[{"embeddable":true,"href":"https:\/\/elmundodelosnegocios.com.do\/v1\/wp-json\/wp\/v2\/media\/33899"}],"wp:attachment":[{"href":"https:\/\/elmundodelosnegocios.com.do\/v1\/wp-json\/wp\/v2\/media?parent=33897"}],"wp:term":[{"taxonomy":"category","embeddable":true,"href":"https:\/\/elmundodelosnegocios.com.do\/v1\/wp-json\/wp\/v2\/categories?post=33897"},{"taxonomy":"post_tag","embeddable":true,"href":"https:\/\/elmundodelosnegocios.com.do\/v1\/wp-json\/wp\/v2\/tags?post=33897"}],"curies":[{"name":"wp","href":"https:\/\/api.w.org\/{rel}","templated":true}]}}