{"id":33913,"date":"2023-11-02T16:08:28","date_gmt":"2023-11-02T20:38:28","guid":{"rendered":"https:\/\/elmundodelosnegocios.com.do\/v1\/?p=33913"},"modified":"2023-11-02T16:08:30","modified_gmt":"2023-11-02T20:38:30","slug":"lideres-de-la-region-exponen-vision-para-mejorar-la-calidad-de-la-politica-en-la-cumbre-capp-2023","status":"publish","type":"post","link":"https:\/\/elmundodelosnegocios.com.do\/v1\/lideres-de-la-region-exponen-vision-para-mejorar-la-calidad-de-la-politica-en-la-cumbre-capp-2023\/","title":{"rendered":"L\u00edderes de la regi\u00f3n exponen visi\u00f3n para mejorar la calidad de la pol\u00edtica en la cumbre CAPP 2023"},"content":{"rendered":"\n<p>Santo Domingo.-&nbsp;<strong>El Centro de An\u00e1lisis para Pol\u00edticas P\u00fablicas<\/strong>&nbsp;(CAPP) celebr\u00f3 su&nbsp;<strong>Sexto Encuentro Regional 2023: Desaf\u00edos para el Desarrollo y el Progreso en Am\u00e9rica Latina y El Caribe<\/strong>, donde varios expresidentes de la regi\u00f3n expusieron su visi\u00f3n para&nbsp;<strong>mejorar la calidad de la pol\u00edtica y de las instituciones democr\u00e1ticas&nbsp;<\/strong>de los pa\u00edses de&nbsp;<strong>Am\u00e9rica Latina.&nbsp;&nbsp;<\/strong><\/p>\n\n\n<div class=\"wp-block-image\">\n<figure class=\"aligncenter size-large\"><img loading=\"lazy\" decoding=\"async\" width=\"1024\" height=\"576\" src=\"https:\/\/elmundodelosnegocios.com.do\/v1\/wp-content\/uploads\/2023\/11\/01-1-1024x576.jpeg\" alt=\"\" class=\"wp-image-33914\" srcset=\"https:\/\/elmundodelosnegocios.com.do\/v1\/wp-content\/uploads\/2023\/11\/01-1-1024x576.jpeg 1024w, https:\/\/elmundodelosnegocios.com.do\/v1\/wp-content\/uploads\/2023\/11\/01-1-300x169.jpeg 300w, https:\/\/elmundodelosnegocios.com.do\/v1\/wp-content\/uploads\/2023\/11\/01-1-768x432.jpeg 768w, https:\/\/elmundodelosnegocios.com.do\/v1\/wp-content\/uploads\/2023\/11\/01-1.jpeg 1300w\" sizes=\"auto, (max-width: 1024px) 100vw, 1024px\" \/><\/figure>\n<\/div>\n\n\n<p>El encuentro, organizado por la CAPP y la Fundaci\u00f3n Internacional para la Libertad (FIL), cont\u00f3 con la participaci\u00f3n de la&nbsp;<strong>vicepresidenta de la Rep\u00fablica, Raquel Pe\u00f1a<\/strong>; de los expresidentes, Sebasti\u00e1n Pi\u00f1era, de Chile; Jos\u00e9 Figueres, de Costa Rica; Andr\u00e9s Pastrana, de Colombia y Felipe Calder\u00f3n, de M\u00e9xico, as\u00ed como el ex gobernador de Puerto Rico, Luis Fortu\u00f1o y la ex canciller de Panam\u00e1, Erika Mouynes, entre otros.<\/p>\n\n\n\n<p>El expresidente de Chile, Sebasti\u00e1n Pi\u00f1eira, destac\u00f3 que desde la d\u00e9cada de los 80\u00b4s,&nbsp;<strong>Am\u00e9rica Latina empez\u00f3 a recobrar la democracia<\/strong>, la cual, ha sido impactada desde el 2010 por una serie de fen\u00f3menos, como crisis econ\u00f3micas mundiales, estancamiento econ\u00f3mico, desigualdad, redes sociales e inmediatez, crisis democr\u00e1tica representativa, pandemia del coronavirus, populismo, narcotr\u00e1fico y crimen organizado.<\/p>\n\n\n\n<figure class=\"wp-block-image\"><img decoding=\"async\" src=\"https:\/\/presidencia.gob.do\/sites\/default\/files\/inline-images\/20798e9c-e277-46fc-a4a7-0dbd3b6056a9.jpeg\" alt=\"\"\/><\/figure>\n\n\n\n<p>Pi\u00f1eira indic\u00f3 que entre los&nbsp;<strong>desaf\u00edos hacia el futuro<\/strong>&nbsp;se encuentran, mejorar la calidad de la pol\u00edtica; mejorar la calidad de la educaci\u00f3n; invertir m\u00e1s en ciencia y tecnolog\u00eda; promover la innovaci\u00f3n y el emprendimiento; modernizar el estado y desatar las fuerzas de la libertad.&nbsp;&nbsp;<\/p>\n\n\n\n<p>De su lado, la vicepresidenta dominicana, Raquel Pe\u00f1a, manifest\u00f3 que Am\u00e9rica Latina y el Caribe son escenarios propicios para la integraci\u00f3n econ\u00f3mica. Agreg\u00f3 que es una regi\u00f3n que promueve el liderazgo femenino, siendo constantemente sede de cumbres y eventos que ponen de manifiesto su influencia internacional.&nbsp;<\/p>\n\n\n\n<p>En ese sentido, la vicemandataria agreg\u00f3 que la&nbsp;<strong>Rep\u00fablica Dominicana<\/strong>&nbsp;tambi\u00e9n puede aportar al debate&nbsp;<em>\u00abgracias a su experiencia con alianzas p\u00fablico-privadas que han sido fundamentales para el Plan Nacional de Vacunaci\u00f3n contra el Covid, y otras orientadas al desarrollo econ\u00f3mico, como los grandes proyectos de infraestructura y para el fortalecimiento del pa\u00eds como hub log\u00edstico\u00bb.&nbsp;<\/em><\/p>\n\n\n\n<p>Al concluir la jornada, el presidente del CAPP,&nbsp;<strong>V\u00edctor -Ito- Bison\u00f3,<\/strong>&nbsp;explic\u00f3 que, en el caso dominicano, desde el CAPP se acciona para&nbsp;<strong>divulgar las ideas del desarrollo&nbsp;<\/strong>e influir en que las elecciones se basen en el futuro&nbsp;<strong>para superar el pasado.<\/strong><\/p>\n\n\n\n<p>Puso como ejemplo, que cuando la gesti\u00f3n del&nbsp;<strong>presidente Luis Abinader<\/strong>&nbsp;asumi\u00f3, en el&nbsp;<strong>2020,<\/strong>&nbsp;la situaci\u00f3n encontrada era un caos, que pudo haber significado el peor estancamiento para el pa\u00eds,&nbsp;<strong>pero sali\u00f3 airoso<\/strong>&nbsp;<strong>gracias al liderazgo<\/strong>&nbsp;personificado por el presidente Luis Abinader.<\/p>\n\n\n\n<p>Destac\u00f3 que el&nbsp;<strong>presidente Abinader es uno de los gobernantes mejor valorados del continente<\/strong>, lo cual ha logrado&nbsp;<em>\u201cen base a consensos, l\u00edmites al poder, institucionalidad y modernizaci\u00f3n, rechazando las olas autoritarias\u00bb.<\/em><\/p>\n\n\n\n<p>Asimismo, Bison\u00f3 expuso que, en tres a\u00f1os de gobierno,&nbsp;<strong>se ha ido erradicando la corrupci\u00f3n del tren gubernamental.<\/strong><\/p>\n\n\n\n<p><em>\u201cPor ejemplo, en 2020 todas las encuestas, incluso las regionales como Latinobar\u00f3metro, apuntaban a que siete de cada diez personas consideran la corrupci\u00f3n como el principal problema del pa\u00eds, uno de los niveles m\u00e1s altos. Hoy esto ha bajado a un promedio de 24 % seg\u00fan pr\u00e1cticamente todas las firmas que incluyen esta pregunta\u201d,<\/em>&nbsp;asegur\u00f3 Bison\u00f3.&nbsp;<\/p>\n\n\n\n<p>De su lado, \u00c1lvaro Vargas Llosa,&nbsp;<strong>presidente de la Fundaci\u00f3n Internacional para la Libertad,<\/strong>&nbsp;destac\u00f3 que contrario a los dem\u00e1s pa\u00edses de Am\u00e9rica Latina,&nbsp;<strong>Rep\u00fablica Dominicana es un oasis en la regi\u00f3n en materia democr\u00e1tica.<\/strong><\/p>\n\n\n\n<p><em>\u00abEste pa\u00eds podr\u00eda servir en algunos sentidos, de paradigma y de referencia, pero s\u00ed quiero recordar que las cosas en Am\u00e9rica Latina no van bien\u00bb,<\/em>&nbsp;precis\u00f3 Llosa.<\/p>\n\n\n\n<p><strong>Paneles&nbsp;<\/strong><\/p>\n\n\n\n<p>En el evento, celebrado el 2 de noviembre en un hotel de Santo Domingo, se desarrollaron tres paneles, siendo, el primero&nbsp;&nbsp;<strong>\u201cPol\u00edtica y campa\u00f1as electorales y su impacto Am\u00e9rica Latina Elecciones, campa\u00f1as, libertad y democracia\u201d,<\/strong>&nbsp;que cont\u00f3 con la exposici\u00f3n de los exmandatarios, Sebasti\u00e1n Pi\u00f1era, de Chile; Felipe Calder\u00f3n,&nbsp; de M\u00e9xico; Jos\u00e9 Mar\u00eda Figueres, de Costa Rica y Andr\u00e9s Pastrana, de Colombia. Tambi\u00e9n particip\u00f3 el exgobernador de Puerto Rico, Luis Fortu\u00f1o, con la moderaci\u00f3n de \u00d3scar Haza, periodista dominicano radicado en Miami, Estados Unidos.&nbsp;<\/p>\n\n\n\n<p>En el segundo panel, Juan Mart\u00edn Rodr\u00edguez, diputado de Uruguay y secretario general del Parlamento Latinoamericano y Caribe\u00f1o (Parlatino), junto a Rosa Mar\u00eda Paya, fundadora de Cuba Decide, Mauricio Claver-Carone, exasesor presidencial del Consejo de Seguridad Nacional de los EE.UU. y expresidente del BID, y Erika Mouynes, excanciller de Panam\u00e1 y presidenta del Consejo Asesor para Am\u00e9rica Latina en el Atlantic Council, abordaron el tema Am\u00e9rica Latina y su relaci\u00f3n con el resto del mundo. El moderador de este panel fue el periodista, escritor y empresario espa\u00f1ol, Juan Luis Cebrian.<\/p>\n\n\n\n<p>El tema central del tercer panel fue el rol del sector privado para el desarrollo de los pa\u00edses de la regi\u00f3n, beneficios y responsabilidades. Alianzas p\u00fablico-privadas \u00bfC\u00f3mo influyen los principales actores en las decisiones de gobierno y en el desarrollo regional?, con la participaci\u00f3n de Ron Packard, CEO de ACCEL Schools; Juana Barcel\u00f3, presidenta de Barrick Pueblo Viejo; Dionisio Guti\u00e9rrez, presidente de la Fundaci\u00f3n Libertad y Desarrollo, y Mar\u00eda del Carmen Nasser, vicepresidenta ejecutiva de la Fundaci\u00f3n Terra.&nbsp;<\/p>\n\n\n\n<p>El moderador de este \u00faltimo panel fue Mario Pujols, vicepresidente ejecutivo de la Asociaci\u00f3n de Industrias de la Rep\u00fablica Dominicana (AIRD).&nbsp;<\/p>\n\n\n\n<p>Este evento se realiz\u00f3 en el marco del decimosexto aniversario del CAPP, fundado con el objetivo de trascender la pol\u00edtica partidaria y electoralista, para la formulaci\u00f3n y promoci\u00f3n de propuestas de contenido.<\/p>\n\n\n\n<p>Durante d\u00e9cada y media, el CAPP ha formado m\u00e1s de 3,000 personas de la sociedad civil, sector privado y partidos pol\u00edticos.<\/p>\n\n\n\n<p>El CAPP forma parte de la familia de centros de pensamiento liberales, agrupados en la Red Liberal de Am\u00e9rica Latina&nbsp;<strong>(RELIAL)<\/strong>&nbsp;y con participaci\u00f3n en la&nbsp;<strong>Organizaci\u00f3n de Estados Americanos<\/strong>&nbsp;(OEA), la Fundaci\u00f3n Internacional Uni\u00f3n Europea, Am\u00e9rica Latina y el Caribe&nbsp;<strong>(EU-LAC),&nbsp;<\/strong>con sede en Bruselas, as\u00ed como acuerdos de cooperaci\u00f3n con el International Republican Institute&nbsp;<strong>(IRI)<\/strong>&nbsp;de Estados Unidos; la Alliance of Democracies con sede en Dinamarca; la Fundaci\u00f3n para el Avance de los Estudios Sociales (FAES) basada en Espa\u00f1a y la Red Latinoamericana de J\u00f3venes por la Democracia (JuventudLAC).<\/p>\n","protected":false},"excerpt":{"rendered":"<p>Santo Domingo.-&nbsp;El Centro de An\u00e1lisis para Pol\u00edticas P\u00fablicas&nbsp;(CAPP) celebr\u00f3 su&nbsp;Sexto Encuentro Regional 2023: Desaf\u00edos para el Desarrollo y el Progreso en Am\u00e9rica Latina y El Caribe, donde varios expresidentes de&hellip; <\/p>\n","protected":false},"author":2,"featured_media":33914,"comment_status":"closed","ping_status":"closed","sticky":false,"template":"","format":"standard","meta":{"fifu_image_url":"","fifu_image_alt":"","footnotes":""},"categories":[235],"tags":[],"class_list":["post-33913","post","type-post","status-publish","format-standard","has-post-thumbnail","hentry","category-politica-exterior"],"_links":{"self":[{"href":"https:\/\/elmundodelosnegocios.com.do\/v1\/wp-json\/wp\/v2\/posts\/33913","targetHints":{"allow":["GET"]}}],"collection":[{"href":"https:\/\/elmundodelosnegocios.com.do\/v1\/wp-json\/wp\/v2\/posts"}],"about":[{"href":"https:\/\/elmundodelosnegocios.com.do\/v1\/wp-json\/wp\/v2\/types\/post"}],"author":[{"embeddable":true,"href":"https:\/\/elmundodelosnegocios.com.do\/v1\/wp-json\/wp\/v2\/users\/2"}],"replies":[{"embeddable":true,"href":"https:\/\/elmundodelosnegocios.com.do\/v1\/wp-json\/wp\/v2\/comments?post=33913"}],"version-history":[{"count":0,"href":"https:\/\/elmundodelosnegocios.com.do\/v1\/wp-json\/wp\/v2\/posts\/33913\/revisions"}],"wp:featuredmedia":[{"embeddable":true,"href":"https:\/\/elmundodelosnegocios.com.do\/v1\/wp-json\/wp\/v2\/media\/33914"}],"wp:attachment":[{"href":"https:\/\/elmundodelosnegocios.com.do\/v1\/wp-json\/wp\/v2\/media?parent=33913"}],"wp:term":[{"taxonomy":"category","embeddable":true,"href":"https:\/\/elmundodelosnegocios.com.do\/v1\/wp-json\/wp\/v2\/categories?post=33913"},{"taxonomy":"post_tag","embeddable":true,"href":"https:\/\/elmundodelosnegocios.com.do\/v1\/wp-json\/wp\/v2\/tags?post=33913"}],"curies":[{"name":"wp","href":"https:\/\/api.w.org\/{rel}","templated":true}]}}