{"id":33916,"date":"2023-11-03T03:05:35","date_gmt":"2023-11-03T07:35:35","guid":{"rendered":"https:\/\/elmundodelosnegocios.com.do\/v1\/index.php\/2023\/11\/03\/resumen-arcwide-amplia-su-posicion-de-mercado-en-alemania-suiza-y-austria-con-la-adquisicion-de-bytics-group\/"},"modified":"2023-11-03T03:05:35","modified_gmt":"2023-11-03T07:35:35","slug":"resumen-arcwide-amplia-su-posicion-de-mercado-en-alemania-suiza-y-austria-con-la-adquisicion-de-bytics-group","status":"publish","type":"post","link":"https:\/\/elmundodelosnegocios.com.do\/v1\/resumen-arcwide-amplia-su-posicion-de-mercado-en-alemania-suiza-y-austria-con-la-adquisicion-de-bytics-group\/","title":{"rendered":"Resumen: Arcwide ampl\u00eda su posici\u00f3n de mercado en Alemania, Suiza y Austria con la adquisici\u00f3n de bytics Group"},"content":{"rendered":"<p>\u00c1MSTERDAM&#8211;(BUSINESS WIRE)&#8211;Arcwide, la joint venture de BearingPoint e IFS especializada en el despliegue de servicios IFS Cloud, ha anunciado la adquisici\u00f3n de bytics Group AG. Como IFS Gold Partner certificado, bytics ofrece todo tipo de servicios relacionados con ventas y marketing, reventa, implantaci\u00f3n y configuraci\u00f3n, as\u00ed como mantenimiento y soporte del software empresarial IFS.<br \/>\nEl objetivo de este movimiento estrat\u00e9gico entre Arcwide y bytics es facilitar a los clientes servicios completos de principio a fin, apoyando la creciente demanda de software y soluciones IFS, especialmente en Alemania y Suiza.<br \/>\nEl comunicado en el idioma original es la versi\u00f3n oficial y autorizada del mismo. Esta traducci\u00f3n es solamente un medio de ayuda y deber\u00e1 ser comparada con el texto en idioma original, que es la \u00fanica versi\u00f3n del texto que tendr\u00e1 validez legal. Contacts<br \/>\nDr. Philipp FahrResponsable regional (Alemania, Suiza y Austria)<br \/>\nphilipp.fahr@arcwide.com<\/p>\n","protected":false},"excerpt":{"rendered":"<p>\u00c1MSTERDAM&#8211;(BUSINESS WIRE)&#8211;Arcwide, la joint venture de BearingPoint e IFS especializada en el despliegue de servicios IFS Cloud, ha anunciado la adquisici\u00f3n de bytics Group AG. Como IFS Gold Partner certificado,&hellip; <\/p>\n","protected":false},"author":2,"featured_media":33917,"comment_status":"closed","ping_status":"closed","sticky":false,"template":"","format":"standard","meta":{"fifu_image_url":"","fifu_image_alt":"","footnotes":""},"categories":[252],"tags":[253],"class_list":["post-33916","post","type-post","status-publish","format-standard","has-post-thumbnail","hentry","category-business-wire","tag-business-wire"],"_links":{"self":[{"href":"https:\/\/elmundodelosnegocios.com.do\/v1\/wp-json\/wp\/v2\/posts\/33916","targetHints":{"allow":["GET"]}}],"collection":[{"href":"https:\/\/elmundodelosnegocios.com.do\/v1\/wp-json\/wp\/v2\/posts"}],"about":[{"href":"https:\/\/elmundodelosnegocios.com.do\/v1\/wp-json\/wp\/v2\/types\/post"}],"author":[{"embeddable":true,"href":"https:\/\/elmundodelosnegocios.com.do\/v1\/wp-json\/wp\/v2\/users\/2"}],"replies":[{"embeddable":true,"href":"https:\/\/elmundodelosnegocios.com.do\/v1\/wp-json\/wp\/v2\/comments?post=33916"}],"version-history":[{"count":0,"href":"https:\/\/elmundodelosnegocios.com.do\/v1\/wp-json\/wp\/v2\/posts\/33916\/revisions"}],"wp:featuredmedia":[{"embeddable":true,"href":"https:\/\/elmundodelosnegocios.com.do\/v1\/wp-json\/wp\/v2\/media\/33917"}],"wp:attachment":[{"href":"https:\/\/elmundodelosnegocios.com.do\/v1\/wp-json\/wp\/v2\/media?parent=33916"}],"wp:term":[{"taxonomy":"category","embeddable":true,"href":"https:\/\/elmundodelosnegocios.com.do\/v1\/wp-json\/wp\/v2\/categories?post=33916"},{"taxonomy":"post_tag","embeddable":true,"href":"https:\/\/elmundodelosnegocios.com.do\/v1\/wp-json\/wp\/v2\/tags?post=33916"}],"curies":[{"name":"wp","href":"https:\/\/api.w.org\/{rel}","templated":true}]}}