{"id":33924,"date":"2023-11-03T13:50:15","date_gmt":"2023-11-03T18:20:15","guid":{"rendered":"https:\/\/elmundodelosnegocios.com.do\/v1\/?p=33924"},"modified":"2023-11-03T13:51:02","modified_gmt":"2023-11-03T18:21:02","slug":"sintesis-reunion-del-presidente-biden-con-el-presidente-de-la-republica-dominicana-luis-abinader","status":"publish","type":"post","link":"https:\/\/elmundodelosnegocios.com.do\/v1\/sintesis-reunion-del-presidente-biden-con-el-presidente-de-la-republica-dominicana-luis-abinader\/","title":{"rendered":"S\u00edntesis reuni\u00f3n del presidente Biden con el presidente de la Rep\u00fablica Dominicana, Luis Abinader"},"content":{"rendered":"\n<p><strong>Washington, D.C.,<\/strong>\u00a0La Casa Blanca. 3 de noviembre 2023.- El presidente Joseph R. Biden Jr. se reuni\u00f3 en la Casa Blanca con el presidente de la Rep\u00fablica Dominicana, Luis Abinader, para profundizar la relaci\u00f3n bilateral entre Estados Unidos y la Rep\u00fablica Dominicana y hablar sobre una serie de prioridades comunes. Los dos l\u00edderes dialogaron sobre las formas en que los dos pa\u00edses pueden seguir cooperando estrechamente con miras a crear un desarrollo econ\u00f3mico sostenible para sus ciudadanos, incluido a trav\u00e9s de la Alianza de las Am\u00e9ricas, y tomar medidas para combatir el cambio clim\u00e1tico. Durante la reuni\u00f3n, los l\u00edderes tambi\u00e9n hablaron sobre la situaci\u00f3n de seguridad en Hait\u00ed, as\u00ed como los avances en el despliegue de una misi\u00f3n multinacional de apoyo a la seguridad para Hait\u00ed.<\/p>\n\n\n<div class=\"wp-block-image\">\n<figure class=\"aligncenter size-large\"><img decoding=\"async\" src=\"https:\/\/presidencia.gob.do\/sites\/default\/files\/styles\/large\/public\/news\/2023-11\/229e83f2-0488-4e42-a254-3fa0442f27c6.jpg?itok=8IWnCG7z\" alt=\"\"\/><\/figure>\n<\/div>\n\n\n<p>El presidente Biden reafirm\u00f3 el derecho de Israel a defenderse de acuerdo con el derecho internacional y expres\u00f3 el apoyo de la Administraci\u00f3n para garantizar la entrega de asistencia humanitaria vital a los civiles de Gaza. Asimismo, el presidente Biden agradeci\u00f3 al presidente Abinader por su apoyo a Ucrania.\u00a0<\/p>\n","protected":false},"excerpt":{"rendered":"<p>Washington, D.C.,\u00a0La Casa Blanca. 3 de noviembre 2023.- El presidente Joseph R. Biden Jr. se reuni\u00f3 en la Casa Blanca con el presidente de la Rep\u00fablica Dominicana, Luis Abinader, para&hellip; <\/p>\n","protected":false},"author":2,"featured_media":33926,"comment_status":"closed","ping_status":"closed","sticky":false,"template":"","format":"standard","meta":{"fifu_image_url":"https:\/\/presidencia.gob.do\/sites\/default\/files\/styles\/large\/public\/news\/2023-11\/229e83f2-0488-4e42-a254-3fa0442f27c6.jpg?itok=8IWnCG7z","fifu_image_alt":"","footnotes":""},"categories":[235],"tags":[],"class_list":["post-33924","post","type-post","status-publish","format-standard","has-post-thumbnail","hentry","category-politica-exterior"],"_links":{"self":[{"href":"https:\/\/elmundodelosnegocios.com.do\/v1\/wp-json\/wp\/v2\/posts\/33924","targetHints":{"allow":["GET"]}}],"collection":[{"href":"https:\/\/elmundodelosnegocios.com.do\/v1\/wp-json\/wp\/v2\/posts"}],"about":[{"href":"https:\/\/elmundodelosnegocios.com.do\/v1\/wp-json\/wp\/v2\/types\/post"}],"author":[{"embeddable":true,"href":"https:\/\/elmundodelosnegocios.com.do\/v1\/wp-json\/wp\/v2\/users\/2"}],"replies":[{"embeddable":true,"href":"https:\/\/elmundodelosnegocios.com.do\/v1\/wp-json\/wp\/v2\/comments?post=33924"}],"version-history":[{"count":0,"href":"https:\/\/elmundodelosnegocios.com.do\/v1\/wp-json\/wp\/v2\/posts\/33924\/revisions"}],"wp:featuredmedia":[{"embeddable":true,"href":"https:\/\/elmundodelosnegocios.com.do\/v1\/wp-json\/wp\/v2\/media\/33926"}],"wp:attachment":[{"href":"https:\/\/elmundodelosnegocios.com.do\/v1\/wp-json\/wp\/v2\/media?parent=33924"}],"wp:term":[{"taxonomy":"category","embeddable":true,"href":"https:\/\/elmundodelosnegocios.com.do\/v1\/wp-json\/wp\/v2\/categories?post=33924"},{"taxonomy":"post_tag","embeddable":true,"href":"https:\/\/elmundodelosnegocios.com.do\/v1\/wp-json\/wp\/v2\/tags?post=33924"}],"curies":[{"name":"wp","href":"https:\/\/api.w.org\/{rel}","templated":true}]}}