{"id":33988,"date":"2023-11-07T08:49:47","date_gmt":"2023-11-07T13:19:47","guid":{"rendered":"https:\/\/elmundodelosnegocios.com.do\/v1\/?p=33988"},"modified":"2023-11-08T11:51:47","modified_gmt":"2023-11-08T16:21:47","slug":"funcionarios-de-iberoamerica-resaltan-estabilidad-economica-de-republica-dominicana","status":"publish","type":"post","link":"https:\/\/elmundodelosnegocios.com.do\/v1\/funcionarios-de-iberoamerica-resaltan-estabilidad-economica-de-republica-dominicana\/","title":{"rendered":"Funcionarios de Iberoam\u00e9rica resaltan estabilidad econ\u00f3mica de Dominicana"},"content":{"rendered":"\n<p>Punta Cana. \u2013 M\u00e1s de una veintena de pa\u00edses que integran el Foro Iberoamericano de Agencias Gubernamentales de Protecci\u00f3n al Consumidor (FIAGC), reconocieron la estabilidad y el sosiego que reina en la Rep\u00fablica Dominicana y el buen manejo de la econom\u00eda en medio de la turbulencia internacional que ha afectado a todas las naciones del mundo.<\/p>\n\n\n\n<p>Los titulares de esas agencias de protecci\u00f3n al consumidor, quienes participaron en el foro celebrado en el pa\u00eds del 1 al 4 de este mes de noviembre, analizaron el comportamiento de las econom\u00edas de los pa\u00edses iberoamericanos y reconocieron el clima de estabilidad existente en esta naci\u00f3n.<\/p>\n\n\n<div class=\"wp-block-image\">\n<figure class=\"aligncenter size-large\"><img loading=\"lazy\" decoding=\"async\" width=\"1024\" height=\"683\" src=\"https:\/\/elmundodelosnegocios.com.do\/v1\/wp-content\/uploads\/2023\/11\/001-1-1024x683.jpg\" alt=\"\" class=\"wp-image-33989\" srcset=\"https:\/\/elmundodelosnegocios.com.do\/v1\/wp-content\/uploads\/2023\/11\/001-1-1024x683.jpg 1024w, https:\/\/elmundodelosnegocios.com.do\/v1\/wp-content\/uploads\/2023\/11\/001-1-300x200.jpg 300w, https:\/\/elmundodelosnegocios.com.do\/v1\/wp-content\/uploads\/2023\/11\/001-1-768x512.jpg 768w, https:\/\/elmundodelosnegocios.com.do\/v1\/wp-content\/uploads\/2023\/11\/001-1-1536x1024.jpg 1536w, https:\/\/elmundodelosnegocios.com.do\/v1\/wp-content\/uploads\/2023\/11\/001-1-2048x1366.jpg 2048w\" sizes=\"auto, (max-width: 1024px) 100vw, 1024px\" \/><\/figure>\n<\/div>\n\n\n<p>En esa discusiones, resaltaron que a pesar de la turbulencia econ\u00f3mica provocada por factores ex\u00f3genos producto de la pandemia del coronavirus y la confrontaci\u00f3n b\u00e9lica entre Rusia y Ucrania y acontecimientos internacionales, \u201cla Rep\u00fablica Dominicana mantiene una envidiable solidez en su econom\u00eda y en lo que tiene que ver con el fortalecimiento de la democracia\u201d.<\/p>\n\n\n\n<p>En el evento, en el que se celebr\u00f3 la primera reuni\u00f3n ordinaria del FIAGC, tambi\u00e9n expresaron la confianza en el liderazgo del director ejecutivo del Instituto Nacional de Protecci\u00f3n de los Derechos del Consumidor (Pro Consumidor), doctor Eddy Alc\u00e1ntara, quien asumi\u00f3 el pasado jueves la presidencia de ese organismo internacional de dimensi\u00f3n global.<\/p>\n\n\n\n<p>Igualmente, los representantes de esas naciones confiaron en que el doctor Alc\u00e1ntara como un vocero fundamental de los pa\u00edses que pertenecen al foro iberoamericano logre ante los organismos de mayor jerarqu\u00eda, espec\u00edficamente de las Naciones Unidas, declaratorias y directrices que pudieran garantizar la protecci\u00f3n de los consumidores de la regi\u00f3n.<\/p>\n\n\n\n<p>En el marco del c\u00f3nclave, que inici\u00f3 el pasado jueves en Santo Domingo y concluy\u00f3 el s\u00e1bado en Punta Cana, que el nuevo presidente del FIAGC se comprometi\u00f3 a desarrollar una agenda de trabajo fundamentada en tres temas centrales, de inter\u00e9s y de actualidad para los pa\u00edses miembros de ese organismo.<\/p>\n\n\n\n<p>Entre esos temas figuran el comercio electr\u00f3nico, la publicidad enga\u00f1osa y el impacto de los precios de los productos de la canasta b\u00e1sica alimentaria y la inflaci\u00f3n en los pa\u00edses de Iberoam\u00e9rica.<\/p>\n\n\n\n<p>En relaci\u00f3n al escenario internacional, Alc\u00e1ntara plante\u00f3 estrechar los lazos con la Secretar\u00eda General Iberoamericana, de la que dijo son miembros desde 2021, as\u00ed como trabajar para plantear una posici\u00f3n com\u00fan frente al Grupo Intergubernamental de Expertos de Protecci\u00f3n del Consumidor de UNCTAD-ONU, \u201cpara que se avance en el tema del comercio electr\u00f3nico y en desarrollar mecanismos de resoluci\u00f3n efectiva de conflictos transfronterizos entre proveedores y consumidores\u201d.<\/p>\n\n\n\n<p>Entre los pa\u00edses que participaron en el foro se encuentran Argentina, Panam\u00e1, El Salvador, M\u00e9xico, Colombia, Uruguay, Paraguay, Costa Rica, Honduras, Chile, Brasil, Estados Unidos, Per\u00fa, Espa\u00f1a, Portugal, Ecuador, entre otros.<\/p>\n\n\n\n<p>Tambi\u00e9n representantes de la Organizaci\u00f3n de Estados Americanos (OEA), Confederaci\u00f3n de las Naciones Unidas sobre el Comercio y Desarrollo (UNCTAD-ONU), del Programa de Competencia y Protecci\u00f3n del Consumidor en Am\u00e9rica Latina (COMPAL), entre otros organismos internacionales.<\/p>\n","protected":false},"excerpt":{"rendered":"<p>Punta Cana. \u2013 M\u00e1s de una veintena de pa\u00edses que integran el Foro Iberoamericano de Agencias Gubernamentales de Protecci\u00f3n al Consumidor (FIAGC), reconocieron la estabilidad y el sosiego que reina&hellip; <\/p>\n","protected":false},"author":2,"featured_media":33989,"comment_status":"closed","ping_status":"closed","sticky":false,"template":"","format":"standard","meta":{"fifu_image_url":"","fifu_image_alt":"","footnotes":""},"categories":[83],"tags":[],"class_list":["post-33988","post","type-post","status-publish","format-standard","has-post-thumbnail","hentry","category-empresariales-empresariales"],"_links":{"self":[{"href":"https:\/\/elmundodelosnegocios.com.do\/v1\/wp-json\/wp\/v2\/posts\/33988","targetHints":{"allow":["GET"]}}],"collection":[{"href":"https:\/\/elmundodelosnegocios.com.do\/v1\/wp-json\/wp\/v2\/posts"}],"about":[{"href":"https:\/\/elmundodelosnegocios.com.do\/v1\/wp-json\/wp\/v2\/types\/post"}],"author":[{"embeddable":true,"href":"https:\/\/elmundodelosnegocios.com.do\/v1\/wp-json\/wp\/v2\/users\/2"}],"replies":[{"embeddable":true,"href":"https:\/\/elmundodelosnegocios.com.do\/v1\/wp-json\/wp\/v2\/comments?post=33988"}],"version-history":[{"count":0,"href":"https:\/\/elmundodelosnegocios.com.do\/v1\/wp-json\/wp\/v2\/posts\/33988\/revisions"}],"wp:featuredmedia":[{"embeddable":true,"href":"https:\/\/elmundodelosnegocios.com.do\/v1\/wp-json\/wp\/v2\/media\/33989"}],"wp:attachment":[{"href":"https:\/\/elmundodelosnegocios.com.do\/v1\/wp-json\/wp\/v2\/media?parent=33988"}],"wp:term":[{"taxonomy":"category","embeddable":true,"href":"https:\/\/elmundodelosnegocios.com.do\/v1\/wp-json\/wp\/v2\/categories?post=33988"},{"taxonomy":"post_tag","embeddable":true,"href":"https:\/\/elmundodelosnegocios.com.do\/v1\/wp-json\/wp\/v2\/tags?post=33988"}],"curies":[{"name":"wp","href":"https:\/\/api.w.org\/{rel}","templated":true}]}}