{"id":34023,"date":"2023-11-08T10:27:44","date_gmt":"2023-11-08T14:57:44","guid":{"rendered":"https:\/\/elmundodelosnegocios.com.do\/v1\/?p=34023"},"modified":"2023-11-08T10:28:14","modified_gmt":"2023-11-08T14:58:14","slug":"arajet-inaugura-su-nueva-ruta-entre-santo-domingo-y-montreal","status":"publish","type":"post","link":"https:\/\/elmundodelosnegocios.com.do\/v1\/arajet-inaugura-su-nueva-ruta-entre-santo-domingo-y-montreal\/","title":{"rendered":"Inauguro Arajet ruta Santo Domingo-Montreal con 4 frecuencias semanales"},"content":{"rendered":"\n<p><strong>Montreal,<\/strong>&nbsp;Canada, 08 de noviembre 2023.<strong>&#8211;&nbsp;<\/strong>Arajet, la aerol\u00ednea de precios bajos del Caribe inici\u00f3 oficialmente su segunda ruta en Canad\u00e1, con un vuelo directo entre la ciudad de Montreal y Santo Domingo en Rep\u00fablica Dominicana.&nbsp;&nbsp;&nbsp;&nbsp;<\/p>\n\n\n<div class=\"wp-block-image\">\n<figure class=\"aligncenter size-large\"><img loading=\"lazy\" decoding=\"async\" width=\"1024\" height=\"682\" src=\"https:\/\/elmundodelosnegocios.com.do\/v1\/wp-content\/uploads\/2023\/11\/Arajet-inicia-oficialmente-en-Montreal3-1024x682.jpeg\" alt=\"\" class=\"wp-image-34068\" srcset=\"https:\/\/elmundodelosnegocios.com.do\/v1\/wp-content\/uploads\/2023\/11\/Arajet-inicia-oficialmente-en-Montreal3-1024x682.jpeg 1024w, https:\/\/elmundodelosnegocios.com.do\/v1\/wp-content\/uploads\/2023\/11\/Arajet-inicia-oficialmente-en-Montreal3-300x200.jpeg 300w, https:\/\/elmundodelosnegocios.com.do\/v1\/wp-content\/uploads\/2023\/11\/Arajet-inicia-oficialmente-en-Montreal3-768x512.jpeg 768w, https:\/\/elmundodelosnegocios.com.do\/v1\/wp-content\/uploads\/2023\/11\/Arajet-inicia-oficialmente-en-Montreal3-1536x1023.jpeg 1536w, https:\/\/elmundodelosnegocios.com.do\/v1\/wp-content\/uploads\/2023\/11\/Arajet-inicia-oficialmente-en-Montreal3.jpeg 1600w\" sizes=\"auto, (max-width: 1024px) 100vw, 1024px\" \/><\/figure>\n<\/div>\n\n\n<p>Montreal se suma como parte de los 22 destinos en 16 pa\u00edses que ofrece la aerol\u00ednea de tarifas bajas de la regi\u00f3n, conectando a la ciudad canadiense a trav\u00e9s del Aeropuerto Internacional&nbsp;&nbsp;Trudeau&nbsp;desde y hacia el aeropuerto internacional Las Am\u00e9ricas de Santo Domingo, capital de Rep\u00fablica Dominicana.<\/p>\n\n\n\n<p>Arajet estar\u00e1 volando con 4 frecuencias semanales, los martes, mi\u00e9rcoles, viernes y s\u00e1bados, saliendo de Montreal a Santo Domingo a las 11:10 a.m. y desde Santo Domingo a Montreal a las 06:00 a.m.; &nbsp;&nbsp;vuelo tiene una duraci\u00f3n de 4 horas y 30 minutos.<\/p>\n\n\n\n<figure class=\"wp-block-image size-large\"><img loading=\"lazy\" decoding=\"async\" width=\"1024\" height=\"683\" src=\"https:\/\/elmundodelosnegocios.com.do\/v1\/wp-content\/uploads\/2023\/11\/Arajet-inicia-oficialmente-en-Montreal2-1024x683.jpeg\" alt=\"\" class=\"wp-image-34069\" srcset=\"https:\/\/elmundodelosnegocios.com.do\/v1\/wp-content\/uploads\/2023\/11\/Arajet-inicia-oficialmente-en-Montreal2-1024x683.jpeg 1024w, https:\/\/elmundodelosnegocios.com.do\/v1\/wp-content\/uploads\/2023\/11\/Arajet-inicia-oficialmente-en-Montreal2-300x200.jpeg 300w, https:\/\/elmundodelosnegocios.com.do\/v1\/wp-content\/uploads\/2023\/11\/Arajet-inicia-oficialmente-en-Montreal2-768x512.jpeg 768w, https:\/\/elmundodelosnegocios.com.do\/v1\/wp-content\/uploads\/2023\/11\/Arajet-inicia-oficialmente-en-Montreal2-1536x1024.jpeg 1536w, https:\/\/elmundodelosnegocios.com.do\/v1\/wp-content\/uploads\/2023\/11\/Arajet-inicia-oficialmente-en-Montreal2.jpeg 1600w\" sizes=\"auto, (max-width: 1024px) 100vw, 1024px\" \/><\/figure>\n\n\n\n<p>V\u00edctor Pacheco fundador y CEO de Arajet, enfatiz\u00f3 el orgullo que siente todo el equipo de Arajet con el estreno de esta nueva ruta en territorio canadiense. \u201cArajet contin\u00faa cambiando la historia de la aviaci\u00f3n comercial, al ser la primera y \u00fanica l\u00ednea a\u00e9rea dominicana que conecta Montreal con Santo Domingo, el nuevo hub del continente, a trav\u00e9s del cual los viajeros de Montreal pueden conectar con Santiago de Chile, Medell\u00edn, Sao Paulo, Cartagena, Aruba, Saint Marteen, Kingston y Curacao, a los precios m\u00e1s bajo del mercado con el mejor servicio a bordo de la regi\u00f3n\u201d, Afirm\u00f3 Pacheco M\u00e9ndez.&nbsp;<\/p>\n\n\n\n<p>\u00abLa Embajada de la Rep\u00fablica Dominicana se complace en inaugurar esta nueva ruta a\u00e9rea de Arajet, S.A. Esto marca un paso significativo en la interconexi\u00f3n entre Quebec, la provincia franc\u00f3fona m\u00e1s grande de Canad\u00e1, y Am\u00e9rica Latina, a trav\u00e9s de la capital dominicana de Santo Domingo, haciendo m\u00e1s fluida y frecuente la movilidad entre las dos regiones, y fortaleciendo de manera estrat\u00e9gica las relaciones internacionales entre Canad\u00e1 y la Rep\u00fablica Dominicana\u00bb expres\u00f3 Frank Hans Dannenberg, Embajador de la Rep\u00fablica Dominicana en Canad\u00e1.<\/p>\n\n\n\n<p>ADM A\u00e9roports de Montr\u00e9al se complace en dar la bienvenida a este vuelo a Santo Domingo desde YUL ofrecido por nuestra nueva aerol\u00ednea Arajet. Este servicio directo abre una nueva puerta a las playas, la cultura, la arquitectura y la historia de la capital de la Rep\u00fablica Dominicana. Mientras ADM se esfuerza constantemente por ofrecer a sus pasajeros la gama m\u00e1s amplia posible de servicios a\u00e9reos, Arajet ha presentado una oferta en un nicho poco explotado de los vuelos de bajo coste al Caribe, demostrando una vez m\u00e1s que Montreal&nbsp;es un destino de elecci\u00f3n para las aerol\u00edneas\u00bb, dijo Yves Beauchamp, presidente y director ejecutivo de ADM.<\/p>\n\n\n\n<p>Las personas de Montreal que vuelen en Arajet a Santo Domingo disfrutar\u00e1n de la belleza e importancia hist\u00f3rica de su Zona Colonial, por ser la \u201cPrimada de Am\u00e9rica\u201d y patrimonio de la humanidad, de su c\u00e1lida gente y de sus hermosas playas tropicales a 20 minutos del aeropuerto como son Boca Chica, Guayacanes, Juan Dolio, tambi\u00e9n Bayahibe a solo 45 minutos. Arajet adem\u00e1s ofrece un servicio desde el aeropuerto a Punta Cana sin ning\u00fan costo adicional, y es un trayecto de menos de dos horas.&nbsp;<\/p>\n\n\n\n<p>&nbsp;Arajet tiene una extensa red de rutas de 22 destinos en 16 pa\u00edses, m\u00e1s de 150 conexiones en el Norte, Centro y Sur Am\u00e9rica, logrando interconectar todo el continente al menor costo y seguridad operacional. Arajet espera volar a m\u00e1s de 7 millones de pasajeros en los pr\u00f3ximos 5 a\u00f1os y consolidar en Santo Domingo un robusto hub de conexiones a\u00e9reas, con vuelos y tarifas en beneficio de los viajeros de la regi\u00f3n. Reserva tu boleto a los mejores precios en&nbsp;<a rel=\"noreferrer noopener\" href=\"http:\/\/www.arajet.com\/\" target=\"_blank\">www.Arajet.com<\/a>&nbsp;&nbsp;&nbsp;&nbsp;&nbsp;<br><br><strong>Sobre&nbsp;Arajet<\/strong>&nbsp;<\/p>\n\n\n\n<p>Arajet es la primera aerol\u00ednea de bajo costo en la regi\u00f3n del Caribe e inici\u00f3 operaciones en septiembre de 2022 desde su base en el Aeropuerto de Las Am\u00e9ricas en Santo Domingo, bajo su certificado de operador a\u00e9reo (AOC) de Rep\u00fablica Dominicana. Arajet opera una nueva flota de aviones Boeing 737MAX-8 que brindan viajes seguros y asequibles desde y hacia la Rep\u00fablica Dominicana a varios destinos en Am\u00e9rica del Norte, Central y del Sur y la regi\u00f3n del Caribe. Para obtener m\u00e1s informaci\u00f3n, visite&nbsp;<a rel=\"noreferrer noopener\" href=\"http:\/\/www.arajet.com\/\" target=\"_blank\">www.Arajet.com<\/a>&nbsp;<\/p>\n","protected":false},"excerpt":{"rendered":"<p>Montreal,&nbsp;Canada, 08 de noviembre 2023.&#8211;&nbsp;Arajet, la aerol\u00ednea de precios bajos del Caribe inici\u00f3 oficialmente su segunda ruta en Canad\u00e1, con un vuelo directo entre la ciudad de Montreal y Santo&hellip; <\/p>\n","protected":false},"author":2,"featured_media":34068,"comment_status":"closed","ping_status":"closed","sticky":false,"template":"","format":"standard","meta":{"fifu_image_url":"","fifu_image_alt":"","footnotes":""},"categories":[169],"tags":[],"class_list":["post-34023","post","type-post","status-publish","format-standard","has-post-thumbnail","hentry","category-transporte-internacional"],"_links":{"self":[{"href":"https:\/\/elmundodelosnegocios.com.do\/v1\/wp-json\/wp\/v2\/posts\/34023","targetHints":{"allow":["GET"]}}],"collection":[{"href":"https:\/\/elmundodelosnegocios.com.do\/v1\/wp-json\/wp\/v2\/posts"}],"about":[{"href":"https:\/\/elmundodelosnegocios.com.do\/v1\/wp-json\/wp\/v2\/types\/post"}],"author":[{"embeddable":true,"href":"https:\/\/elmundodelosnegocios.com.do\/v1\/wp-json\/wp\/v2\/users\/2"}],"replies":[{"embeddable":true,"href":"https:\/\/elmundodelosnegocios.com.do\/v1\/wp-json\/wp\/v2\/comments?post=34023"}],"version-history":[{"count":0,"href":"https:\/\/elmundodelosnegocios.com.do\/v1\/wp-json\/wp\/v2\/posts\/34023\/revisions"}],"wp:featuredmedia":[{"embeddable":true,"href":"https:\/\/elmundodelosnegocios.com.do\/v1\/wp-json\/wp\/v2\/media\/34068"}],"wp:attachment":[{"href":"https:\/\/elmundodelosnegocios.com.do\/v1\/wp-json\/wp\/v2\/media?parent=34023"}],"wp:term":[{"taxonomy":"category","embeddable":true,"href":"https:\/\/elmundodelosnegocios.com.do\/v1\/wp-json\/wp\/v2\/categories?post=34023"},{"taxonomy":"post_tag","embeddable":true,"href":"https:\/\/elmundodelosnegocios.com.do\/v1\/wp-json\/wp\/v2\/tags?post=34023"}],"curies":[{"name":"wp","href":"https:\/\/api.w.org\/{rel}","templated":true}]}}