{"id":34749,"date":"2023-11-14T18:52:44","date_gmt":"2023-11-14T23:22:44","guid":{"rendered":"https:\/\/elmundodelosnegocios.com.do\/v1\/?p=34749"},"modified":"2023-11-15T08:11:23","modified_gmt":"2023-11-15T12:41:23","slug":"presidente-abinader-anuncia-renegociacion-contrato-aerodom-que-garantiza-ingresos-e-inversiones-entre-los-1905-y-los-2155-millones-de-dolares","status":"publish","type":"post","link":"https:\/\/elmundodelosnegocios.com.do\/v1\/presidente-abinader-anuncia-renegociacion-contrato-aerodom-que-garantiza-ingresos-e-inversiones-entre-los-1905-y-los-2155-millones-de-dolares\/","title":{"rendered":"Abinader anuncia renegociaci\u00f3n con\u00a0 AERODOM garantiza ingresos e inversiones unos 2,155 millones d\u00f3lares"},"content":{"rendered":"\n<p>Santo Domingo.-&nbsp;<strong>El presidente Luis Abinader<\/strong>&nbsp;anunci\u00f3 este martes la<strong>&nbsp;renegociaci\u00f3n del contrato de concesi\u00f3n de Aerodom,<\/strong>&nbsp;que se firm\u00f3 en 1999 y no generaba beneficios para el&nbsp;<strong>Estado dominicano,<\/strong>&nbsp;adem\u00e1s de que&nbsp;<em>\u201cno garantizaba las mejores condiciones en las infraestructuras de los aeropuertos\u201d.<\/em><\/p>\n\n\n<div class=\"wp-block-image\">\n<figure class=\"aligncenter size-large\"><img decoding=\"async\" src=\"https:\/\/presidencia.gob.do\/sites\/default\/files\/styles\/large\/public\/news\/2023-02\/9_0.jpg?itok=eJrgjYCL\" alt=\"\"\/><\/figure>\n<\/div>\n\n\n<p>Sin embargo, el mandatario manifest\u00f3 que esta renegociaci\u00f3n&nbsp;<em>\u201crepresenta un beneficio para la Rep\u00fablica Dominicana de entre 1,905 y 2,155 millones de d\u00f3lares. Esa es la diferencia en las negociaciones realizadas por nuestro Gobierno y el anterior\u201d.<\/em><\/p>\n\n\n\n<p>Durante su alocuci\u00f3n, transmitida por televisi\u00f3n nacional y plataformas digitales, el presidente Abinader agreg\u00f3 que se arrib\u00f3 a un acuerdo que, al garantizar una&nbsp;<strong>mayor participaci\u00f3n del Estado<\/strong>&nbsp;en los beneficios generados por la operaci\u00f3n de los aeropuertos,&nbsp;<strong>generar\u00e1<\/strong>&nbsp;<strong>recursos que ser\u00e1n utilizados en beneficio de los dominicanos.<\/strong><\/p>\n\n\n\n<p>El proyecto&nbsp;<strong>ser\u00e1 depositado en los pr\u00f3ximos d\u00edas en la c\u00e1mara legislativa<\/strong>&nbsp;para su necesaria aprobaci\u00f3n congresual.<\/p>\n\n\n\n<p>La negociaci\u00f3n fue supervisada por una comisi\u00f3n integrada por funcionarios p\u00fablicos y miembros reputados de la sociedad, como&nbsp;<strong>Franklin B\u00e1ez Brugal, Juan Llad\u00f3, Fernando Enrique, Pedro Silverio, Jorge Luis Polanco y el ministro de la Presidencia, Joel Santos.<\/strong><\/p>\n\n\n\n<p><strong>Pago inicial de US 775 millones<\/strong><\/p>\n\n\n\n<p>Las sumas mencionadas anteriormente ser\u00e1n percibidas a trav\u00e9s de distintas v\u00edas como un pago inicial o canon al Estado de&nbsp;<strong>775 millones de d\u00f3lares<\/strong>&nbsp;por derecho a operaci\u00f3n, por el plazo extendido de la concesi\u00f3n; una inversi\u00f3n de&nbsp;<strong>830 millones de d\u00f3lares<\/strong>&nbsp;para mejoras en los 6 aeropuertos concesionados, incluido el&nbsp;<strong>Aeropuerto Internacional de Las Am\u00e9ricas &#8211; Jos\u00e9 Francisco Pe\u00f1a G\u00f3mez<\/strong>&nbsp;&nbsp;y otros aportes variables estimados entre&nbsp;<strong>300 y 550 millones de d\u00f3lares.<\/strong><\/p>\n\n\n\n<p>Con los 775 millones de d\u00f3lares que se van a recibir en un periodo de seis meses, se ejecutar\u00e1n las siguientes obras:<\/p>\n\n\n\n<p>\u2022 Asfaltado en La Caleta, Boca Chica, alrededores del aeropuerto y un programa extenso de asfalto en el Gran Santo Domingo y otros municipios, con una inversi\u00f3n aproximada de&nbsp;<strong>350 millones de d\u00f3lares.<\/strong><\/p>\n\n\n\n<p>\u2022 V\u00eda expresa desde la Plaza de la Bandera, Isabel Aguiar (Pintura), conectando a la 6 de Noviembre, con una inversi\u00f3n aproximada de&nbsp;<strong>148 millones de d\u00f3lares.&nbsp;<\/strong><\/p>\n\n\n\n<p>\u2022 La soluci\u00f3n de la avenida Rep\u00fablica de Colombia con avenida Los Pr\u00f3ceres, expreso hasta la Jacobo Majluta y soluci\u00f3n vial entre Rep\u00fablica de Colombia y avenida Monumental, con una inversi\u00f3n aproximada de&nbsp;<strong>108 millones de d\u00f3lares.<\/strong><\/p>\n\n\n\n<p>\u2022 La construcci\u00f3n del puente levadizo que sustituir\u00e1 al puente flotante del r\u00edo Ozama, con una inversi\u00f3n de&nbsp;<strong>50 millones de d\u00f3lares.<\/strong><\/p>\n\n\n\n<p>\u2022 La construcci\u00f3n del puente paralelo al Jacinto Peynado, que une la avenida M\u00e1ximo G\u00f3mez con la Hermanas Mirabal de Santo Domingo Norte, con una inversi\u00f3n aproximada de&nbsp;<strong>56 millones de d\u00f3lares.<\/strong><\/p>\n\n\n\n<p>\u2022 El paso a nivel en la carretera Sabana Perdida &#8211; La Victoria, con intersecci\u00f3n en la Charles de Gaulle, con una inversi\u00f3n aproximada de&nbsp;<strong>30 millones de d\u00f3lares.&nbsp;<\/strong><\/p>\n\n\n\n<p>\u2022 La Unidad Traumatol\u00f3gica de San Crist\u00f3bal, por&nbsp;<strong>15 millones de d\u00f3lares<\/strong>, adem\u00e1s de 139 peque\u00f1as y medianas obras en todas las provincias del pa\u00eds, de las cuales 80 son deportivas, por un total de&nbsp;<strong>18 millones de d\u00f3lares.<\/strong><\/p>\n\n\n\n<p><strong>Ampliaci\u00f3n Aeropuerto Internacional de Las Am\u00e9ricas<\/strong><\/p>\n\n\n\n<p><em>\u201cEl extraordinario desempe\u00f1o del turismo y el desarrollo del pa\u00eds como centro comercial, que han motivado un crecimiento de doble d\u00edgito en el tr\u00e1fico de pasajeros, hace que sea impostergable la construcci\u00f3n de una nueva terminal adicional en el Aeropuerto Internacional de Las Am\u00e9ricas &#8211; Jos\u00e9 Francisco Pe\u00f1a G\u00f3mez\u201d,<\/em>&nbsp;cuyas previsiones indican que alcanzar\u00e1 los&nbsp;<strong>8.4 millones de pasajeros en 2030,<\/strong>&nbsp;superando su capacidad actual de aproximadamente 6.5 millones de pasajeros, destac\u00f3 el presidente.&nbsp;<\/p>\n\n\n\n<p>Ante estas cifras, la empresa concesionaria invertir\u00e1 de manera inmediata&nbsp;<strong>16 millones de d\u00f3lares<\/strong>&nbsp;para mejorar, en un plazo de&nbsp;<strong>12 a 18 meses<\/strong>, la terminal ya existente del aeropuerto.<\/p>\n\n\n\n<p>Adem\u00e1s, se trabajar\u00e1 en el dise\u00f1o que permitir\u00e1&nbsp;<strong>iniciar en el 2025 la construcci\u00f3n de una nueva terminal,<\/strong>&nbsp;la cual sumar\u00e1 una capacidad de&nbsp;<strong>4 millones de pasajeros anuales.<\/strong>&nbsp;Esta obra tendr\u00e1 un monto de inversi\u00f3n de&nbsp;<strong>250 millones de d\u00f3lares<\/strong>.<\/p>\n\n\n\n<p>El mandatario concluy\u00f3 sus palabras afirmando&nbsp;<em>que \u201cesta renegociaci\u00f3n es solo el comienzo. Estamos trabajando para garantizar que todos los contratos y acuerdos sean para el mayor beneficio del pueblo dominicano\u201d.&nbsp;&nbsp;<\/em>Asimismo, reiter\u00f3 su compromiso de lograr acuerdos que impulsen el desarrollo del pa\u00eds y mejoren la calidad de vida de todos los dominicanos y las dominicanas.<\/p>\n","protected":false},"excerpt":{"rendered":"<p>Santo Domingo.-&nbsp;El presidente Luis Abinader&nbsp;anunci\u00f3 este martes la&nbsp;renegociaci\u00f3n del contrato de concesi\u00f3n de Aerodom,&nbsp;que se firm\u00f3 en 1999 y no generaba beneficios para el&nbsp;Estado dominicano,&nbsp;adem\u00e1s de que&nbsp;\u201cno garantizaba las mejores&hellip; <\/p>\n","protected":false},"author":2,"featured_media":34751,"comment_status":"closed","ping_status":"closed","sticky":false,"template":"","format":"standard","meta":{"fifu_image_url":"https:\/\/presidencia.gob.do\/sites\/default\/files\/styles\/large\/public\/news\/2023-02\/9_0.jpg?itok=eJrgjYCL","fifu_image_alt":"","footnotes":""},"categories":[168],"tags":[],"class_list":["post-34749","post","type-post","status-publish","format-standard","has-post-thumbnail","hentry","category-transporte-aereo"],"_links":{"self":[{"href":"https:\/\/elmundodelosnegocios.com.do\/v1\/wp-json\/wp\/v2\/posts\/34749","targetHints":{"allow":["GET"]}}],"collection":[{"href":"https:\/\/elmundodelosnegocios.com.do\/v1\/wp-json\/wp\/v2\/posts"}],"about":[{"href":"https:\/\/elmundodelosnegocios.com.do\/v1\/wp-json\/wp\/v2\/types\/post"}],"author":[{"embeddable":true,"href":"https:\/\/elmundodelosnegocios.com.do\/v1\/wp-json\/wp\/v2\/users\/2"}],"replies":[{"embeddable":true,"href":"https:\/\/elmundodelosnegocios.com.do\/v1\/wp-json\/wp\/v2\/comments?post=34749"}],"version-history":[{"count":0,"href":"https:\/\/elmundodelosnegocios.com.do\/v1\/wp-json\/wp\/v2\/posts\/34749\/revisions"}],"wp:featuredmedia":[{"embeddable":true,"href":"https:\/\/elmundodelosnegocios.com.do\/v1\/wp-json\/wp\/v2\/media\/34751"}],"wp:attachment":[{"href":"https:\/\/elmundodelosnegocios.com.do\/v1\/wp-json\/wp\/v2\/media?parent=34749"}],"wp:term":[{"taxonomy":"category","embeddable":true,"href":"https:\/\/elmundodelosnegocios.com.do\/v1\/wp-json\/wp\/v2\/categories?post=34749"},{"taxonomy":"post_tag","embeddable":true,"href":"https:\/\/elmundodelosnegocios.com.do\/v1\/wp-json\/wp\/v2\/tags?post=34749"}],"curies":[{"name":"wp","href":"https:\/\/api.w.org\/{rel}","templated":true}]}}