{"id":34754,"date":"2023-11-14T19:10:16","date_gmt":"2023-11-14T23:40:16","guid":{"rendered":"https:\/\/elmundodelosnegocios.com.do\/v1\/?p=34754"},"modified":"2023-11-14T19:10:18","modified_gmt":"2023-11-14T23:40:18","slug":"destacan-impacto-de-entrenamientos-en-participantes-de-la-academia-huawei-de-infotep","status":"publish","type":"post","link":"https:\/\/elmundodelosnegocios.com.do\/v1\/destacan-impacto-de-entrenamientos-en-participantes-de-la-academia-huawei-de-infotep\/","title":{"rendered":"Destacan impacto de entrenamientos en participantes de la Academia Huawei de Infotep"},"content":{"rendered":"\n<p>Santo Domingo.-&nbsp;<strong>Para este a\u00f1o 2023<\/strong>&nbsp;egresar\u00e1n de la&nbsp;<strong>Academia Huawei<\/strong>&nbsp;que opera en el Instituto Nacional de Formaci\u00f3n T\u00e9cnico Profesional&nbsp;<strong>(Infotep),&nbsp;<\/strong>unos&nbsp;<strong>342 participantes,<\/strong>&nbsp;que est\u00e1n siendo entrenados en&nbsp;<strong>\u00e1reas de telecomunicaciones e inform\u00e1ticas.<\/strong><\/p>\n\n\n<div class=\"wp-block-image\">\n<figure class=\"aligncenter size-large\"><img decoding=\"async\" src=\"https:\/\/presidencia.gob.do\/sites\/default\/files\/styles\/large\/public\/news\/2023-11\/IMG_2763.jpeg?itok=uWkfLtYv\" alt=\"\"\/><\/figure>\n<\/div>\n\n\n<p>As\u00ed lo inform\u00f3 el&nbsp;<strong>director general del Infotep<\/strong>,&nbsp;<strong>Rafael Santos Bad\u00eda<\/strong>, al participar en un panel realizado en el marco del foro&nbsp;<strong>Las Relaciones Dom\u00ednico-China Caminando hacia la Prosperidad<\/strong>, realizado en la Facultad de Ciencias Econ\u00f3micas y Sociales de la Universidad Aut\u00f3noma de Santo Domingo&nbsp;<strong>(UASD).<\/strong><\/p>\n\n\n\n<p><em>\u201cCon Huawei, el Infotep ha logrado acuerdo para la capacitaci\u00f3n y certificaci\u00f3n de nuestros profesores de manera gratuita, para ser entrenadores certificados, quienes utilizar\u00e1n los avanzados equipos que han sido donados tambi\u00e9n por Huawei para las clases y pr\u00e1cticas presenciales\u201d,<\/em>&nbsp;expuso Santos Bad\u00eda en el panel&nbsp;<strong>Cooperaci\u00f3n, Cultura y Educaci\u00f3n.<\/strong><\/p>\n\n\n\n<p>Dijo que, en las actividades combinadas de la Academia, en el Infotep tambi\u00e9n se est\u00e1n desarrollando sesiones webinar y conferencias de manera permanente, en temas tecnol\u00f3gicos actuales.<\/p>\n\n\n\n<figure class=\"wp-block-image\"><img decoding=\"async\" src=\"https:\/\/presidencia.gob.do\/sites\/default\/files\/inline-images\/IMG_2762.jpeg\" alt=\"\"\/><\/figure>\n\n\n\n<p>Como resultado del acuerdo suscrito con el reconocido gigante tecnol\u00f3gico Huawei, el d\u00eda 1 de noviembre del 2020 el Infotep inaugur\u00f3 su&nbsp;<strong>Laboratorio Academia Huawei<\/strong>, para ofrecer&nbsp;<strong>capacitaciones y entrenamiento<\/strong>&nbsp;en las \u00e1reas citadas y dotar de certificaciones t\u00e9cnicas sobre distintas soluciones y programas de Huawei Technologies International.<\/p>\n\n\n\n<p>El objetivo de la academia es&nbsp;<strong>crear un ecosistema de talentos en TICs<\/strong>, proporcionando habilidades de \u00faltima generaci\u00f3n tecnol\u00f3gica&nbsp;<strong>para el desarrollo de la industria dominicana.<\/strong><\/p>\n\n\n\n<p>Para el funcionamiento de la academia, Huawei ha iniciado la certificaci\u00f3n de los profesores del Infotep, con la finalidad de que puedan&nbsp;<strong>desarrollar los cursos de certificaci\u00f3n a nivel<\/strong>&nbsp;<strong>t\u00e9cnico,<\/strong>&nbsp;de las distintas soluciones de esta empresa.<\/p>\n\n\n\n<p>La oferta de la academia incluye formaci\u00f3n y certificaci\u00f3n, y est\u00e1 compuesta en una primera fase por los cursos conocidos como HCIA-Datacom, Data Routing, Certificaci\u00f3n 5G, Inteligencia Artificial y Certificaci\u00f3n en Storage o almacenaje.<\/p>\n\n\n\n<p>Tres docentes del Infotep&nbsp;<strong>est\u00e1n ya certificados HCIA-Datacom<\/strong>, mientras que 16 est\u00e1n pendientes de examen de certificaci\u00f3n en Storage.<\/p>\n\n\n\n<p>Santos Bad\u00eda sostuvo que&nbsp;<em>\u201ccon el acuerdo y la inauguraci\u00f3n de la Academia de Huawei, los estudiantes, los profesores, el Infotep, el Estado y el pueblo dominicano, podr\u00e1n adquirir los conocimientos de las tecnolog\u00edas l\u00edderes de la 4ta. Revoluci\u00f3n Industrial, ahorrando en un inicio, cientos de miles de d\u00f3lares a nuestro ecosistema tecnol\u00f3gico\u201d.<\/em><\/p>\n\n\n\n<p>Con las herramientas que proporciona la academia, los estudiantes podr\u00e1n emprender, innovar, influir, trabajar y colaborar con las empresas en el pa\u00eds y en el extranjero, asegurando a cada uno de ellos su&nbsp;<strong>crecimiento humano, intelectual y socioecon\u00f3mico,<\/strong>&nbsp;adem\u00e1s de aportar al desarrollo y crecimiento de la Rep\u00fablica Dominicana.<\/p>\n\n\n\n<p>Junto al director del INFOTEP participaron en el panel Yue Wang, directora del Instituto Confucio INTEC; Eliades Acosta, profesor investigador y Clara Joa, presidenta de la Casa China.<\/p>\n","protected":false},"excerpt":{"rendered":"<p>Santo Domingo.-&nbsp;Para este a\u00f1o 2023&nbsp;egresar\u00e1n de la&nbsp;Academia Huawei&nbsp;que opera en el Instituto Nacional de Formaci\u00f3n T\u00e9cnico Profesional&nbsp;(Infotep),&nbsp;unos&nbsp;342 participantes,&nbsp;que est\u00e1n siendo entrenados en&nbsp;\u00e1reas de telecomunicaciones e inform\u00e1ticas. As\u00ed lo inform\u00f3 el&nbsp;director&hellip; <\/p>\n","protected":false},"author":2,"featured_media":34756,"comment_status":"closed","ping_status":"closed","sticky":false,"template":"","format":"standard","meta":{"fifu_image_url":"https:\/\/presidencia.gob.do\/sites\/default\/files\/styles\/large\/public\/news\/2023-11\/IMG_2763.jpeg?itok=uWkfLtYv","fifu_image_alt":"","footnotes":""},"categories":[151],"tags":[],"class_list":["post-34754","post","type-post","status-publish","format-standard","has-post-thumbnail","hentry","category-gerencia"],"_links":{"self":[{"href":"https:\/\/elmundodelosnegocios.com.do\/v1\/wp-json\/wp\/v2\/posts\/34754","targetHints":{"allow":["GET"]}}],"collection":[{"href":"https:\/\/elmundodelosnegocios.com.do\/v1\/wp-json\/wp\/v2\/posts"}],"about":[{"href":"https:\/\/elmundodelosnegocios.com.do\/v1\/wp-json\/wp\/v2\/types\/post"}],"author":[{"embeddable":true,"href":"https:\/\/elmundodelosnegocios.com.do\/v1\/wp-json\/wp\/v2\/users\/2"}],"replies":[{"embeddable":true,"href":"https:\/\/elmundodelosnegocios.com.do\/v1\/wp-json\/wp\/v2\/comments?post=34754"}],"version-history":[{"count":0,"href":"https:\/\/elmundodelosnegocios.com.do\/v1\/wp-json\/wp\/v2\/posts\/34754\/revisions"}],"wp:featuredmedia":[{"embeddable":true,"href":"https:\/\/elmundodelosnegocios.com.do\/v1\/wp-json\/wp\/v2\/media\/34756"}],"wp:attachment":[{"href":"https:\/\/elmundodelosnegocios.com.do\/v1\/wp-json\/wp\/v2\/media?parent=34754"}],"wp:term":[{"taxonomy":"category","embeddable":true,"href":"https:\/\/elmundodelosnegocios.com.do\/v1\/wp-json\/wp\/v2\/categories?post=34754"},{"taxonomy":"post_tag","embeddable":true,"href":"https:\/\/elmundodelosnegocios.com.do\/v1\/wp-json\/wp\/v2\/tags?post=34754"}],"curies":[{"name":"wp","href":"https:\/\/api.w.org\/{rel}","templated":true}]}}