{"id":34992,"date":"2023-11-23T10:11:17","date_gmt":"2023-11-23T14:41:17","guid":{"rendered":"https:\/\/elmundodelosnegocios.com.do\/v1\/?p=34992"},"modified":"2023-11-23T10:11:19","modified_gmt":"2023-11-23T14:41:19","slug":"camara-santiago-y-mirex-presentan-oportunidades-para-colocar-productos-dominicanos-en-mercados-internacionales","status":"publish","type":"post","link":"https:\/\/elmundodelosnegocios.com.do\/v1\/camara-santiago-y-mirex-presentan-oportunidades-para-colocar-productos-dominicanos-en-mercados-internacionales\/","title":{"rendered":"C\u00e1mara Santiago y MIREX presentan oportunidades para colocar productos dominicanos en mercados internacionales"},"content":{"rendered":"\n<p><em>Santiago de los Caballeros<\/em>. &#8211; La C\u00e1mara de Comercio y Producci\u00f3n de Santiago en conjunto con el Ministerio de Relaciones Exteriores realizaron el lanzamiento del \u00abEstudio sobre Encadenamientos Productivos entre M\u00e9xico y Rep\u00fablica Dominicana\u00bb, realizado por la Comisi\u00f3n Econ\u00f3mica para Am\u00e9rica Latina y el Caribe (CEPAL), con el objetivo de identificar oportunidades concretas para aumentar las exportaciones dominicanas hacia el mercado mexicano y fortalecer la relaci\u00f3n econ\u00f3mica entre ambos pa\u00edses.<\/p>\n\n\n<div class=\"wp-block-image\">\n<figure class=\"aligncenter size-full\"><img loading=\"lazy\" decoding=\"async\" width=\"1000\" height=\"667\" src=\"http:\/\/elmundodelosnegocios.com.do\/v1\/wp-content\/uploads\/2023\/11\/Hector-Lozano-Consultor-en-Comercio-Exterior.jpg\" alt=\"H\u00e9ctor Lozano - Consultor en Comercio Exterior\" class=\"wp-image-34993\" srcset=\"https:\/\/elmundodelosnegocios.com.do\/v1\/wp-content\/uploads\/2023\/11\/Hector-Lozano-Consultor-en-Comercio-Exterior.jpg 1000w, https:\/\/elmundodelosnegocios.com.do\/v1\/wp-content\/uploads\/2023\/11\/Hector-Lozano-Consultor-en-Comercio-Exterior-300x200.jpg 300w, https:\/\/elmundodelosnegocios.com.do\/v1\/wp-content\/uploads\/2023\/11\/Hector-Lozano-Consultor-en-Comercio-Exterior-768x512.jpg 768w\" sizes=\"auto, (max-width: 1000px) 100vw, 1000px\" \/><figcaption class=\"wp-element-caption\">H\u00e9ctor Lozano &#8211; Consultor en Comercio Exterior<\/figcaption><\/figure>\n<\/div>\n\n\n<p>M\u00e9xico se posiciona como uno de los 10 principales pa\u00edses manufactureros a nivel mundial, lo que lo convierte en un mercado estrat\u00e9gico para Rep\u00fablica Dominicana. Aprovechando esta ventaja, el estudio buscar\u00e1 impulsar la participaci\u00f3n de productos dominicanos en la cadena de suministro mexicana.<\/p>\n\n\n\n<p>Este estudio representa un paso importante para fortalecer las relaciones econ\u00f3micas y comerciales entre M\u00e9xico y Rep\u00fablica Dominicana, identificando oportunidades concretas para aumentar las exportaciones dominicanas hacia el mercado mexicano y atrayendo inversi\u00f3n desde otras regiones del mundo. Ambos pa\u00edses se benefician de esta colaboraci\u00f3n, potenciando su desarrollo econ\u00f3mico y fortaleciendo los lazos bilaterales.<\/p>\n\n\n\n<p>Durante la actividad tambi\u00e9n fue presentado el programa del gobierno de M\u00e9xico que fomenta la Industria Manufacturera, Maquiladora y de servicios de Exportaci\u00f3n (IMMEX), el cual crea oportunidades para que las empresas mexicanas importen bienes libres de impuestos y aranceles, siempre que sean utilizados en procesos de producci\u00f3n de productos finales destinados a la exportaci\u00f3n.<\/p>\n\n\n\n<p>De igual manera, fue presentado el \u201cPrograma de Promoci\u00f3n Sectorial\u201d (PROSEC), ya que, gracias a nuestra posici\u00f3n geogr\u00e1fica privilegiada y ventajas comparativas, somos potenciales socios estrat\u00e9gicos de M\u00e9xico.<\/p>\n\n\n\n<p>Estos programas sobre encadenamientos productivos entre M\u00e9xico y Rep\u00fablica Dominicana permitir\u00e1n identificar nuevas y novedosas oportunidades de negocio para el sector productivo nacional y atraer inversiones de otras regiones del mundo. Adem\u00e1s, promover\u00e1 acercamientos entre los sectores privados de ambos pa\u00edses, en especial la industria y el sector de zonas francas, con el objetivo de potenciar las relaciones econ\u00f3micas y acelerar la incorporaci\u00f3n de productos dominicanos en la cadena de suministro mexicana. Durante la actividad participaron m\u00e1s de 30 empresas de las distintas zonas francas de Santiago, quienes expresaron su inter\u00e9s en las propuestas presentadas y destacaron la calidad de los productos fabricados en RD, los cuales cumplen con todos los requisitos y normativas para ser incorporados en mercados internaciones.<\/p>\n","protected":false},"excerpt":{"rendered":"<p>Santiago de los Caballeros. &#8211; La C\u00e1mara de Comercio y Producci\u00f3n de Santiago en conjunto con el Ministerio de Relaciones Exteriores realizaron el lanzamiento del \u00abEstudio sobre Encadenamientos Productivos entre&hellip; <\/p>\n","protected":false},"author":2,"featured_media":34993,"comment_status":"closed","ping_status":"closed","sticky":false,"template":"","format":"standard","meta":{"fifu_image_url":"","fifu_image_alt":"","footnotes":""},"categories":[74],"tags":[],"class_list":["post-34992","post","type-post","status-publish","format-standard","has-post-thumbnail","hentry","category-comercio-internacional"],"_links":{"self":[{"href":"https:\/\/elmundodelosnegocios.com.do\/v1\/wp-json\/wp\/v2\/posts\/34992","targetHints":{"allow":["GET"]}}],"collection":[{"href":"https:\/\/elmundodelosnegocios.com.do\/v1\/wp-json\/wp\/v2\/posts"}],"about":[{"href":"https:\/\/elmundodelosnegocios.com.do\/v1\/wp-json\/wp\/v2\/types\/post"}],"author":[{"embeddable":true,"href":"https:\/\/elmundodelosnegocios.com.do\/v1\/wp-json\/wp\/v2\/users\/2"}],"replies":[{"embeddable":true,"href":"https:\/\/elmundodelosnegocios.com.do\/v1\/wp-json\/wp\/v2\/comments?post=34992"}],"version-history":[{"count":0,"href":"https:\/\/elmundodelosnegocios.com.do\/v1\/wp-json\/wp\/v2\/posts\/34992\/revisions"}],"wp:featuredmedia":[{"embeddable":true,"href":"https:\/\/elmundodelosnegocios.com.do\/v1\/wp-json\/wp\/v2\/media\/34993"}],"wp:attachment":[{"href":"https:\/\/elmundodelosnegocios.com.do\/v1\/wp-json\/wp\/v2\/media?parent=34992"}],"wp:term":[{"taxonomy":"category","embeddable":true,"href":"https:\/\/elmundodelosnegocios.com.do\/v1\/wp-json\/wp\/v2\/categories?post=34992"},{"taxonomy":"post_tag","embeddable":true,"href":"https:\/\/elmundodelosnegocios.com.do\/v1\/wp-json\/wp\/v2\/tags?post=34992"}],"curies":[{"name":"wp","href":"https:\/\/api.w.org\/{rel}","templated":true}]}}