{"id":35091,"date":"2023-11-27T08:50:28","date_gmt":"2023-11-27T13:20:28","guid":{"rendered":"https:\/\/elmundodelosnegocios.com.do\/v1\/?p=35091"},"modified":"2023-11-27T08:50:30","modified_gmt":"2023-11-27T13:20:30","slug":"presentaran-resultados-analizar-impacto-y-oportunidades-del-acuerdo-epa-tras-15-anos-vigencia","status":"publish","type":"post","link":"https:\/\/elmundodelosnegocios.com.do\/v1\/presentaran-resultados-analizar-impacto-y-oportunidades-del-acuerdo-epa-tras-15-anos-vigencia\/","title":{"rendered":"Presentar\u00e1n resultados\u00a0Analizar\u00a0Impacto\u00a0y\u00a0Oportunidades del Acuerdo EPA tras 15 a\u00f1os vigencia"},"content":{"rendered":"\n<p><em>Santo Domingo, 27 de noviembre 2023.-\u00a0<\/em>Este\u00a0noviembre\u00a0marca\u00a0un\u00a0hito\u00a0importante\u00a0en las relaciones entre Rep\u00fablica Dominicana y la Uni\u00f3n Europea al cumplirse 15 a\u00f1os de la\u00a0entrada\u00a0en\u00a0vigor\u00a0del\u00a0Acuerdo\u00a0de\u00a0Asociaci\u00f3n\u00a0Econ\u00f3mica\u00a0(EPA,\u00a0por\u00a0sus\u00a0siglas\u00a0en\u00a0ingl\u00e9s). Este aniversario proporciona una oportunidad \u00fanica para reflexionar sobre los logros alcanzados y explorar futuras oportunidades de crecimiento y cooperaci\u00f3n.<\/p>\n\n\n<div class=\"wp-block-image\">\n<figure class=\"aligncenter size-large\"><img loading=\"lazy\" decoding=\"async\" width=\"1024\" height=\"576\" src=\"https:\/\/elmundodelosnegocios.com.do\/v1\/wp-content\/uploads\/2023\/11\/ADUANA-1024x576.jpg\" alt=\"\" class=\"wp-image-35092\" srcset=\"https:\/\/elmundodelosnegocios.com.do\/v1\/wp-content\/uploads\/2023\/11\/ADUANA-1024x576.jpg 1024w, https:\/\/elmundodelosnegocios.com.do\/v1\/wp-content\/uploads\/2023\/11\/ADUANA-300x169.jpg 300w, https:\/\/elmundodelosnegocios.com.do\/v1\/wp-content\/uploads\/2023\/11\/ADUANA-768x432.jpg 768w, https:\/\/elmundodelosnegocios.com.do\/v1\/wp-content\/uploads\/2023\/11\/ADUANA.jpg 1300w\" sizes=\"auto, (max-width: 1024px) 100vw, 1024px\" \/><\/figure>\n<\/div>\n\n\n<p>En este marco, un consorcio de consultoras encabezado por AETS, en colaboraci\u00f3n con la Direcci\u00f3n General de Aduanas, y con el apoyo financiero de la Uni\u00f3n Europea, organizan un evento especial titulado \u00ab<strong>El uso de las Preferencias Arancelarias del Acuerdo EPA tras 15 a\u00f1os de vigencia<\/strong>\u00ab. El evento se llevar\u00e1 a cabo el&nbsp;<strong>28 de noviembre de 2023<\/strong>,&nbsp;<strong>de 9:00 am a 11:30 am<\/strong>, en la&nbsp;<strong>sede de la Direcci\u00f3n General de Aduanas en Santo Domingo.<\/strong><\/p>\n\n\n\n<p>En el mismo, se presentar\u00e1n los resultados de un estudio realizado entre 2022 y 2023 sobre el uso de las preferencias arancelarias del EPA por parte de las empresas dominicanas importadoras de productos de la Uni\u00f3n Europea. El estudio permitir\u00e1 evaluar y mejorar la utilizaci\u00f3n del Acuerdo, proporcionando recomendaciones concretas para mejorar el aprovechamiento de las preferencias del EPA.<\/p>\n\n\n\n<p>Se contar\u00e1 con la presencia de destacados funcionarios y expertos, incluyendo al Sr.&nbsp;<strong>Eduardo Sanz Lovat\u00f3n<\/strong>, Director General de las Aduanas, la Sra.&nbsp;<strong>Katja Afheldt<\/strong>, Embajadora de la Uni\u00f3n Europea en Rep\u00fablica Dominicana y el Sr.&nbsp;<strong>Vladimir Hern\u00e1ndez del Orbe,&nbsp;<\/strong>Director de Integraci\u00f3n Comercial, Viceministerio de Comercio Exterior. Los consultores Miguel Barber\u00f3 y Jos\u00e9 Rivas Tavarez, autores del estudio, realizar\u00e1n una ponencia seguida de un panel de discusi\u00f3n con expertos en comercio.<\/p>\n\n\n\n<p>El evento est\u00e1 dirigido a funcionarios y directivos ministeriales, c\u00e1maras de comercio, embajadas de pa\u00edses de la UE en RD, asociaciones empresariales, acad\u00e9micos y otros grupos activos en el sector del comercio exterior. Representa una excelente oportunidad para fortalecer el conocimiento y la aplicaci\u00f3n de las preferencias arancelarias del acuerdo EPA, potenciando la relaci\u00f3n comercial entre la Rep\u00fablica Dominicana y la Uni\u00f3n Europea.<\/p>\n","protected":false},"excerpt":{"rendered":"<p>Santo Domingo, 27 de noviembre 2023.-\u00a0Este\u00a0noviembre\u00a0marca\u00a0un\u00a0hito\u00a0importante\u00a0en las relaciones entre Rep\u00fablica Dominicana y la Uni\u00f3n Europea al cumplirse 15 a\u00f1os de la\u00a0entrada\u00a0en\u00a0vigor\u00a0del\u00a0Acuerdo\u00a0de\u00a0Asociaci\u00f3n\u00a0Econ\u00f3mica\u00a0(EPA,\u00a0por\u00a0sus\u00a0siglas\u00a0en\u00a0ingl\u00e9s). Este aniversario proporciona una oportunidad \u00fanica para reflexionar sobre&hellip; <\/p>\n","protected":false},"author":2,"featured_media":35092,"comment_status":"closed","ping_status":"closed","sticky":false,"template":"","format":"standard","meta":{"fifu_image_url":"","fifu_image_alt":"","footnotes":""},"categories":[74],"tags":[],"class_list":["post-35091","post","type-post","status-publish","format-standard","has-post-thumbnail","hentry","category-comercio-internacional"],"_links":{"self":[{"href":"https:\/\/elmundodelosnegocios.com.do\/v1\/wp-json\/wp\/v2\/posts\/35091","targetHints":{"allow":["GET"]}}],"collection":[{"href":"https:\/\/elmundodelosnegocios.com.do\/v1\/wp-json\/wp\/v2\/posts"}],"about":[{"href":"https:\/\/elmundodelosnegocios.com.do\/v1\/wp-json\/wp\/v2\/types\/post"}],"author":[{"embeddable":true,"href":"https:\/\/elmundodelosnegocios.com.do\/v1\/wp-json\/wp\/v2\/users\/2"}],"replies":[{"embeddable":true,"href":"https:\/\/elmundodelosnegocios.com.do\/v1\/wp-json\/wp\/v2\/comments?post=35091"}],"version-history":[{"count":0,"href":"https:\/\/elmundodelosnegocios.com.do\/v1\/wp-json\/wp\/v2\/posts\/35091\/revisions"}],"wp:featuredmedia":[{"embeddable":true,"href":"https:\/\/elmundodelosnegocios.com.do\/v1\/wp-json\/wp\/v2\/media\/35092"}],"wp:attachment":[{"href":"https:\/\/elmundodelosnegocios.com.do\/v1\/wp-json\/wp\/v2\/media?parent=35091"}],"wp:term":[{"taxonomy":"category","embeddable":true,"href":"https:\/\/elmundodelosnegocios.com.do\/v1\/wp-json\/wp\/v2\/categories?post=35091"},{"taxonomy":"post_tag","embeddable":true,"href":"https:\/\/elmundodelosnegocios.com.do\/v1\/wp-json\/wp\/v2\/tags?post=35091"}],"curies":[{"name":"wp","href":"https:\/\/api.w.org\/{rel}","templated":true}]}}