{"id":3520,"date":"2021-01-22T17:38:17","date_gmt":"2021-01-22T22:08:17","guid":{"rendered":"http:\/\/elmundodelosnegocios.com.do\/v1\/?p=3520"},"modified":"2021-01-22T17:38:21","modified_gmt":"2021-01-22T22:08:21","slug":"estudios-para-un-manejo-efectivo-de-la-covid-19","status":"publish","type":"post","link":"https:\/\/elmundodelosnegocios.com.do\/v1\/estudios-para-un-manejo-efectivo-de-la-covid-19\/","title":{"rendered":"Estudios para un manejo efectivo de la COVID-19"},"content":{"rendered":"\n<p><em>Am\u00e9rica Latina y el Caribe registra m\u00e1s de una cuarta parte de los casos de&nbsp;COVID-19 en el mundo. El Banco Mundial realiz\u00f3 una serie de estudios para brindar un mejor conocimiento y orientaci\u00f3n a los pa\u00edses para una respuesta efectiva de la pandemia.<\/em><\/p>\n\n\n\n<figure class=\"wp-block-image\"><img decoding=\"async\" src=\"https:\/\/www.bancomundial.org\/content\/dam\/infographics\/780xany\/2020\/nov\/testing1.JPG\" alt=\"Image\" title=\"\"\/><\/figure>\n\n\n\n<p><strong><a href=\"https:\/\/documents.worldbank.org\/en\/publication\/documents-reports\/documentdetail\/398781609881691967\/executive-summary\" target=\"_blank\" rel=\"noreferrer noopener\">Gu\u00eda: Estrategias nacionales de testeo poblacional para la&nbsp;COVID-19 en Am\u00e9rica Latina y el Caribe&nbsp;<\/a><\/strong><\/p>\n\n\n\n<p>Las vacunas y el testeo son dos caras de la misma moneda: son las inversiones necesarias para reconstruir la confianza en las sociedades, permitir que las escuelas y las econom\u00edas funcionen e impulsar el crecimiento inclusivo para revertir el aumento de la pobreza provocado por la COVID-19.<\/p>\n\n\n\n<p>El Banco Mundial public\u00f3 en octubre de 2020 una gu\u00eda pr\u00e1ctica para que los pa\u00edses desarrollen e implementen estrategias proactivas de testeo basadas en la poblaci\u00f3n, recogiendo experiencias de todo el mundo. La gu\u00eda se realiz\u00f3 para orientar a los responsables de formular pol\u00edticas p\u00fablicas para implementar estrategias nacionales de testeo proactivo en Am\u00e9rica Latina y el Caribe.<\/p>\n\n\n\n<p><strong>Descargue el reporte&nbsp;<a href=\"http:\/\/documents1.worldbank.org\/curated\/en\/398781609881691967\/pdf\/Executive-Summary.pdf\" target=\"_blank\" rel=\"noreferrer noopener\">aqu\u00ed<\/a>.<\/strong><\/p>\n","protected":false},"excerpt":{"rendered":"<p>Am\u00e9rica Latina y el Caribe registra m\u00e1s de una cuarta parte de los casos de&nbsp;COVID-19 en el mundo. El Banco Mundial realiz\u00f3 una serie de estudios para brindar un mejor&hellip; <\/p>\n","protected":false},"author":2,"featured_media":3519,"comment_status":"open","ping_status":"open","sticky":false,"template":"","format":"standard","meta":{"fifu_image_url":"","fifu_image_alt":"","footnotes":""},"categories":[80],"tags":[],"class_list":["post-3520","post","type-post","status-publish","format-standard","has-post-thumbnail","hentry","category-salud"],"_links":{"self":[{"href":"https:\/\/elmundodelosnegocios.com.do\/v1\/wp-json\/wp\/v2\/posts\/3520","targetHints":{"allow":["GET"]}}],"collection":[{"href":"https:\/\/elmundodelosnegocios.com.do\/v1\/wp-json\/wp\/v2\/posts"}],"about":[{"href":"https:\/\/elmundodelosnegocios.com.do\/v1\/wp-json\/wp\/v2\/types\/post"}],"author":[{"embeddable":true,"href":"https:\/\/elmundodelosnegocios.com.do\/v1\/wp-json\/wp\/v2\/users\/2"}],"replies":[{"embeddable":true,"href":"https:\/\/elmundodelosnegocios.com.do\/v1\/wp-json\/wp\/v2\/comments?post=3520"}],"version-history":[{"count":0,"href":"https:\/\/elmundodelosnegocios.com.do\/v1\/wp-json\/wp\/v2\/posts\/3520\/revisions"}],"wp:featuredmedia":[{"embeddable":true,"href":"https:\/\/elmundodelosnegocios.com.do\/v1\/wp-json\/wp\/v2\/media\/3519"}],"wp:attachment":[{"href":"https:\/\/elmundodelosnegocios.com.do\/v1\/wp-json\/wp\/v2\/media?parent=3520"}],"wp:term":[{"taxonomy":"category","embeddable":true,"href":"https:\/\/elmundodelosnegocios.com.do\/v1\/wp-json\/wp\/v2\/categories?post=3520"},{"taxonomy":"post_tag","embeddable":true,"href":"https:\/\/elmundodelosnegocios.com.do\/v1\/wp-json\/wp\/v2\/tags?post=3520"}],"curies":[{"name":"wp","href":"https:\/\/api.w.org\/{rel}","templated":true}]}}