{"id":35212,"date":"2023-12-01T10:52:24","date_gmt":"2023-12-01T15:22:24","guid":{"rendered":"https:\/\/elmundodelosnegocios.com.do\/v1\/?p=35212"},"modified":"2023-12-01T10:52:26","modified_gmt":"2023-12-01T15:22:26","slug":"lanzan-la-camara-de-comercio-argentino-dominicana-para-promover-el-vinculo-comercial-entre-ambas-naciones","status":"publish","type":"post","link":"https:\/\/elmundodelosnegocios.com.do\/v1\/lanzan-la-camara-de-comercio-argentino-dominicana-para-promover-el-vinculo-comercial-entre-ambas-naciones\/","title":{"rendered":"Lanzan la C\u00e1mara de Comercio Argentino-Dominicana para promover el v\u00ednculo comercial entre ambas naciones"},"content":{"rendered":"\n<p>El objetivo es la articulaci\u00f3n entre empresarios de ambos pa\u00edses y cuenta con el respaldo de la embajada de la Rep\u00fablica Dominicana.<\/p>\n\n\n\n<p>La C\u00e1mara de Comercio, Industria y Servicio Argentino-Dominicana (CCISAD) tendr\u00e1 como objetivo la cooperaci\u00f3n, el intercambio y el crecimiento entre los empresarios argentinos y sus pares de Rep\u00fablica Dominicana. La comisi\u00f3n directiva qued\u00f3 integrada por los empresarios Alejandro Olmos (Presidente); Juan Pablo Vieytes (Secretario); Agust\u00edn Olmos (Tesorero) y Hugo Menini (Vocal). El Dr. Daniel Col\u00f3n, Revisor de cuentas.<\/p>\n\n\n\n<p>Como primer acto oficial tras su fundaci\u00f3n se entreg\u00f3 un reconocimiento a la Encargada Comercial de la Embajada de Rep\u00fablica Dominicana en la Argentina, Dra. Zoila Cede\u00f1o, \u201cpor su apoyo incondicional y aporte imprescindible para fortalecer los puentes y estrechar los lazos entre Rep\u00fablica Dominicana y la Argentina\u201d.<\/p>\n\n\n\n<p>Hugo Menini, empresario y director de INDUPAN, una empresa que exporta al Caribe maquinaria para panader\u00edas e integrante de la flamante nueva C\u00e1mara dijo que \u201cel potencial que tenemos es grande desde Argentina\u201d.<\/p>\n\n\n<div class=\"wp-block-image\">\n<figure class=\"aligncenter\"><img decoding=\"async\" src=\"https:\/\/fotos.perfil.com\/\/2023\/11\/29\/trim\/912\/513\/wizard-1708536.jpg\" alt=\"\"\/><\/figure>\n<\/div>\n\n\n<p>Por su parte, Cede\u00f1o destac\u00f3 que \u201cla C\u00e1mara de Comercio Argentino-Dominicana ya est\u00e1 dando frutos porque se est\u00e1 trabajando. Eso es un gran alivio y sost\u00e9n, porque como funcionarios estamos para promover el comercio\u201d.<\/p>\n\n\n\n<p>El presidente de la Instituci\u00f3n, Alejandro Olmos, al anunciar el lanzamiento de la C\u00e1mara expres\u00f3 que \u201ces un privilegio enorme desarrollar un proyecto de tal magnitud y un desaf\u00edo que nos llena de satisfacci\u00f3n\u201d. En tanto, puntualiz\u00f3 que \u201ceste es el comienzo de un camino de \u00e9xito para miles de empresarios que podr\u00e1n acceder a lo m\u00e1s alto del comercio internacional\u201d, se\u00f1al\u00f3.<\/p>\n\n\n\n<p>El tesorero de la entidad, Agust\u00edn Olmos, le agradeci\u00f3 a Zoila Cede\u00f1o por su labor en la articulaci\u00f3n para la creaci\u00f3n de la C\u00e1mara. A la vez que dijo que \u00abestamos muy orgullosos de darle comienzo a la C\u00e1mara de comercio, industria y servicio Argentino-Dominicana, para fomentar las relaciones entre empresarios Argentinos y Dominicanos promoviendo la uni\u00f3n entre los dos pa\u00edses\u201d.<\/p>\n\n\n\n<p>Por su parte, el Secretario de la C\u00e1mara, Juan Pablo Vieytes expres\u00f3: \u201cEstamos convencidos del \u00e9xito, ya que tanto Argentina como Rep\u00fablica Dominicana tienen productos muy atractivos para los consumos regionales e internacionales. Esperamos afianzar v\u00ednculos y crear oportunidades para todo aquellos productores argentinos y dominicanos que busquen expandir sus productos internacionalmente\u201d.<\/p>\n\n\n\n<p>La C\u00e1mara de Comercio, Industria y Servicios Argentino-Dominicana (CCISAD) ya comenz\u00f3 su camino para generar m\u00e1s y mejores negocios para los empresarios de ambos pa\u00edses.<\/p>\n","protected":false},"excerpt":{"rendered":"<p>El objetivo es la articulaci\u00f3n entre empresarios de ambos pa\u00edses y cuenta con el respaldo de la embajada de la Rep\u00fablica Dominicana. La C\u00e1mara de Comercio, Industria y Servicio Argentino-Dominicana&hellip; <\/p>\n","protected":false},"author":2,"featured_media":35213,"comment_status":"closed","ping_status":"closed","sticky":false,"template":"","format":"standard","meta":{"fifu_image_url":"","fifu_image_alt":"","footnotes":""},"categories":[74],"tags":[],"class_list":["post-35212","post","type-post","status-publish","format-standard","has-post-thumbnail","hentry","category-comercio-internacional"],"_links":{"self":[{"href":"https:\/\/elmundodelosnegocios.com.do\/v1\/wp-json\/wp\/v2\/posts\/35212","targetHints":{"allow":["GET"]}}],"collection":[{"href":"https:\/\/elmundodelosnegocios.com.do\/v1\/wp-json\/wp\/v2\/posts"}],"about":[{"href":"https:\/\/elmundodelosnegocios.com.do\/v1\/wp-json\/wp\/v2\/types\/post"}],"author":[{"embeddable":true,"href":"https:\/\/elmundodelosnegocios.com.do\/v1\/wp-json\/wp\/v2\/users\/2"}],"replies":[{"embeddable":true,"href":"https:\/\/elmundodelosnegocios.com.do\/v1\/wp-json\/wp\/v2\/comments?post=35212"}],"version-history":[{"count":0,"href":"https:\/\/elmundodelosnegocios.com.do\/v1\/wp-json\/wp\/v2\/posts\/35212\/revisions"}],"wp:featuredmedia":[{"embeddable":true,"href":"https:\/\/elmundodelosnegocios.com.do\/v1\/wp-json\/wp\/v2\/media\/35213"}],"wp:attachment":[{"href":"https:\/\/elmundodelosnegocios.com.do\/v1\/wp-json\/wp\/v2\/media?parent=35212"}],"wp:term":[{"taxonomy":"category","embeddable":true,"href":"https:\/\/elmundodelosnegocios.com.do\/v1\/wp-json\/wp\/v2\/categories?post=35212"},{"taxonomy":"post_tag","embeddable":true,"href":"https:\/\/elmundodelosnegocios.com.do\/v1\/wp-json\/wp\/v2\/tags?post=35212"}],"curies":[{"name":"wp","href":"https:\/\/api.w.org\/{rel}","templated":true}]}}