{"id":35350,"date":"2023-12-07T18:50:23","date_gmt":"2023-12-07T23:20:23","guid":{"rendered":"https:\/\/elmundodelosnegocios.com.do\/v1\/?p=35350"},"modified":"2023-12-07T18:50:24","modified_gmt":"2023-12-07T23:20:24","slug":"reconocen-embajador-soberana-orden-de-malta-frank-rainieri-con-orden-de-rio-branco","status":"publish","type":"post","link":"https:\/\/elmundodelosnegocios.com.do\/v1\/reconocen-embajador-soberana-orden-de-malta-frank-rainieri-con-orden-de-rio-branco\/","title":{"rendered":"Reconocen Embajador Soberana Orden de Malta\u00a0Frank Rainieri con Orden de R\u00edo Branco"},"content":{"rendered":"\n<p><strong>SANTO DOMINGO,<\/strong>\u00a0R.D. Diciembre, 2023.-\u00a0La embajada de Brasil en Rep\u00fablica Dominicana condecor\u00f3 con la \u201cOrden de R\u00edo Branco\u201d, al Embajador de la Soberana Orden de Malta,Frank R. Rainieri Marranzini, \u00a0reconocimiento que se otorga para \u201cestimular la pr\u00e1ctica de acciones de personas dignos de menci\u00f3n de honor y distinguir sus servicios meritorios y virtudes c\u00edvicas\u201d.<\/p>\n\n\n\n<p>Las insignias de la Orden de Rio Branco fueron impuestas&nbsp;al Embajador&nbsp;Rainieri Marranzini por el embajador de Brasil en el pa\u00eds, el excelent\u00edsimo se\u00f1or Ren\u00e1n P\u00e1ez Barreto y su distinguida esposa, Livia Barreto.<\/p>\n\n\n<div class=\"wp-block-image\">\n<figure class=\"aligncenter size-full\"><img loading=\"lazy\" decoding=\"async\" width=\"949\" height=\"633\" src=\"http:\/\/elmundodelosnegocios.com.do\/v1\/wp-content\/uploads\/2023\/12\/Frank-R.-Rainieri-Marranzini-y-Renan-Paes-Barreto.jpg\" alt=\"Frank R. Rainieri Marranzini y Ren\u00e1n P\u00e1es Barreto\" class=\"wp-image-35352\" srcset=\"https:\/\/elmundodelosnegocios.com.do\/v1\/wp-content\/uploads\/2023\/12\/Frank-R.-Rainieri-Marranzini-y-Renan-Paes-Barreto.jpg 949w, https:\/\/elmundodelosnegocios.com.do\/v1\/wp-content\/uploads\/2023\/12\/Frank-R.-Rainieri-Marranzini-y-Renan-Paes-Barreto-300x200.jpg 300w, https:\/\/elmundodelosnegocios.com.do\/v1\/wp-content\/uploads\/2023\/12\/Frank-R.-Rainieri-Marranzini-y-Renan-Paes-Barreto-768x512.jpg 768w\" sizes=\"auto, (max-width: 949px) 100vw, 949px\" \/><figcaption class=\"wp-element-caption\">Frank R. Rainieri Marranzini y Ren\u00e1n P\u00e1es Barreto<\/figcaption><\/figure>\n<\/div>\n\n\n<p>A este evento asistieron su Excelencia Reverend\u00edsima Monse\u00f1or Piergiorgio Bertoldi, Nuncio Apost\u00f3lico de su Santidad, el Papa Francisco y embajadores de la Soberana Orden de Malta en la Rep\u00fablica Dominicana.<\/p>\n\n\n<div class=\"wp-block-image\">\n<figure class=\"aligncenter size-full\"><img loading=\"lazy\" decoding=\"async\" width=\"949\" height=\"633\" src=\"http:\/\/elmundodelosnegocios.com.do\/v1\/wp-content\/uploads\/2023\/12\/Familia-Rainieri-junto-al-embajador-de-Brasil-Renan-Paes-Barreto-y-su-esposa-Livia-Barreto.jpg\" alt=\"Familia Rainieri junto al embajador de Brasil Ren\u00e1n P\u00e1es Barreto y su esposa Livia Barreto\" class=\"wp-image-35351\" srcset=\"https:\/\/elmundodelosnegocios.com.do\/v1\/wp-content\/uploads\/2023\/12\/Familia-Rainieri-junto-al-embajador-de-Brasil-Renan-Paes-Barreto-y-su-esposa-Livia-Barreto.jpg 949w, https:\/\/elmundodelosnegocios.com.do\/v1\/wp-content\/uploads\/2023\/12\/Familia-Rainieri-junto-al-embajador-de-Brasil-Renan-Paes-Barreto-y-su-esposa-Livia-Barreto-300x200.jpg 300w, https:\/\/elmundodelosnegocios.com.do\/v1\/wp-content\/uploads\/2023\/12\/Familia-Rainieri-junto-al-embajador-de-Brasil-Renan-Paes-Barreto-y-su-esposa-Livia-Barreto-768x512.jpg 768w\" sizes=\"auto, (max-width: 949px) 100vw, 949px\" \/><figcaption class=\"wp-element-caption\">Familia Rainieri junto al embajador de Brasil Ren\u00e1n P\u00e1es Barreto y su esposa Livia Barreto<\/figcaption><\/figure>\n<\/div>\n\n\n<p>Al agradecer el reconocimiento, el Embajador Rainieri Marranzini expres\u00f3 que recibe con gran regocijo y humildad esa gran distinci\u00f3n. Pero que tambi\u00e9n, la recibe consciente de la responsabilidad que conlleva haber sido elegido para recibirla.<\/p>\n\n\n\n<p>\u201cGracias por sus palabras se\u00f1or embajador. Los valores morales y las acciones sociales y c\u00edvicas a las que se refiri\u00f3 como parte de mi vida y accionar, son en gran medida reflejo de lo que viv\u00ed en mi hogar y que espero sean ejemplo y dejen huellas en la vida de mis hijos y nietos\u201d,&nbsp;dijo el Embajador Rainieri tras ser condecorado.<\/p>\n\n\n\n<p>El Embajador Rainieri expres\u00f3 albergar la esperanza de que&nbsp;ellos&nbsp;contin\u00faen el cometido de \u201ctrabajar con responsabilidad y&nbsp;entrega en las causas sociales y c\u00edvicas, que puedan hacer de nuestro pa\u00eds un mejor y m\u00e1s justo lugar en el mundo cada vez m\u00e1s complicado y s\u00ed, porqu\u00e9 no decirlo, m\u00e1s deshumanizado\u201d.<\/p>\n\n\n\n<p>En el acto, el Embajador&nbsp;Rainieri Marranzini destac\u00f3 las \u201cexcelentes relaciones bilaterales de los gobiernos de Brasil y Rep\u00fablica Dominicana, que han hecho posible que en la \u00faltima d\u00e9cada un mill\u00f3n 96 mil turistas brasile\u00f1os hayan visitado nuestro pa\u00eds\u201d.<\/p>\n\n\n\n<p>Inform\u00f3 que las relaciones entre ambos pa\u00edses \u201cson firmes y robustas, en crecimiento y su ampliaci\u00f3n es un objetivo de las dos naciones\u201d. Rainieri destac\u00f3 que en el 2022 las inversiones de capital brasile\u00f1o a Rep\u00fablica Dominicana alcanzaron los US$2,300.00 d\u00f3lares.<\/p>\n\n\n\n<p>Culmin\u00f3 con estas palabras&nbsp;\u201cGracias, Se\u00f1or&nbsp;embajador y su se\u00f1ora esposa, por la distinci\u00f3n con este reconocimiento, y por reunir a este grupo de colegas, amigos y familiares para acompa\u00f1arme a celebrar con regocijo esta especial ocasi\u00f3n\u201d, puntualiz\u00f3 Frank Rainieri.<\/p>\n\n\n\n<p><strong>Sobre la Orden de R\u00edo Branco<\/strong><\/p>\n\n\n\n<p>Es una condecoraci\u00f3n que otorga el gobierno de Brasil en el grado de Gran Cruz, Gran Oficial, Comendador, Oficial y Caballero. Se concede los 20 de abril, D\u00eda del Diplom\u00e1tico, por la fecha de nacimiento del Bar\u00f3n do Rio Branco, en el Distrito Federal de Brasilia. Fue instituida por el presidente Joao Goulart, mediante Decreto No 51.697, de 5 de febrero de 1963.&nbsp;<\/p>\n\n\n\n<p>Tiene como objetivo premiar a quienes, por cualquier motivo o benevolencia, se hayan vuelto merecedores del reconocimiento del gobierno brasile\u00f1o, sirviendo para incentivar la pr\u00e1ctica de acciones y hechos dignos de menci\u00f3n honor\u00edfica, as\u00ed como para distinguir servicios meritorios y virtudes c\u00edvicas.&nbsp;Puede otorgarse a personas naturales o jur\u00eddicas, nacionales o extranjeras.<\/p>\n","protected":false},"excerpt":{"rendered":"<p>SANTO DOMINGO,\u00a0R.D. Diciembre, 2023.-\u00a0La embajada de Brasil en Rep\u00fablica Dominicana condecor\u00f3 con la \u201cOrden de R\u00edo Branco\u201d, al Embajador de la Soberana Orden de Malta,Frank R. Rainieri Marranzini, \u00a0reconocimiento que&hellip; <\/p>\n","protected":false},"author":2,"featured_media":35352,"comment_status":"closed","ping_status":"closed","sticky":false,"template":"","format":"standard","meta":{"fifu_image_url":"","fifu_image_alt":"","footnotes":""},"categories":[254],"tags":[],"class_list":["post-35350","post","type-post","status-publish","format-standard","has-post-thumbnail","hentry","category-relaciones-internacionales"],"_links":{"self":[{"href":"https:\/\/elmundodelosnegocios.com.do\/v1\/wp-json\/wp\/v2\/posts\/35350","targetHints":{"allow":["GET"]}}],"collection":[{"href":"https:\/\/elmundodelosnegocios.com.do\/v1\/wp-json\/wp\/v2\/posts"}],"about":[{"href":"https:\/\/elmundodelosnegocios.com.do\/v1\/wp-json\/wp\/v2\/types\/post"}],"author":[{"embeddable":true,"href":"https:\/\/elmundodelosnegocios.com.do\/v1\/wp-json\/wp\/v2\/users\/2"}],"replies":[{"embeddable":true,"href":"https:\/\/elmundodelosnegocios.com.do\/v1\/wp-json\/wp\/v2\/comments?post=35350"}],"version-history":[{"count":0,"href":"https:\/\/elmundodelosnegocios.com.do\/v1\/wp-json\/wp\/v2\/posts\/35350\/revisions"}],"wp:featuredmedia":[{"embeddable":true,"href":"https:\/\/elmundodelosnegocios.com.do\/v1\/wp-json\/wp\/v2\/media\/35352"}],"wp:attachment":[{"href":"https:\/\/elmundodelosnegocios.com.do\/v1\/wp-json\/wp\/v2\/media?parent=35350"}],"wp:term":[{"taxonomy":"category","embeddable":true,"href":"https:\/\/elmundodelosnegocios.com.do\/v1\/wp-json\/wp\/v2\/categories?post=35350"},{"taxonomy":"post_tag","embeddable":true,"href":"https:\/\/elmundodelosnegocios.com.do\/v1\/wp-json\/wp\/v2\/tags?post=35350"}],"curies":[{"name":"wp","href":"https:\/\/api.w.org\/{rel}","templated":true}]}}