{"id":3541,"date":"2021-01-24T20:01:49","date_gmt":"2021-01-25T00:31:49","guid":{"rendered":"http:\/\/elmundodelosnegocios.com.do\/v1\/?p=3541"},"modified":"2021-01-24T20:01:54","modified_gmt":"2021-01-25T00:31:54","slug":"la-economia-requiere-mas-de-210-mil-empleos-formales-para-recuperar-nivel-previo-a-pandemia","status":"publish","type":"post","link":"https:\/\/elmundodelosnegocios.com.do\/v1\/la-economia-requiere-mas-de-210-mil-empleos-formales-para-recuperar-nivel-previo-a-pandemia\/","title":{"rendered":"La econom\u00eda requiere mas de 210 mil empleos formales para recuperar nivel previo a pandemia"},"content":{"rendered":"\n<p>El mercado laboral formal logr\u00f3 recuperar 322,104 puestos de trabajo, entre junio y diciembre pasado, luego de que se perdieran 532,342 empleos entre abril y mayo, debido al cierre de las actividades econ\u00f3micas en el pa\u00eds para frenar el contagio de coronavirus.<\/p>\n\n\n\n<p>En el \u00faltimo mes de 2020, la econom\u00eda contaba con 2,039,902 trabajadores, una cifra superior a los 1,717,798 que registr\u00f3 en mayo, el nivel m\u00e1s bajo tras el impacto de la pandemia, de acuerdo a las estad\u00edsticas de la Tesorer\u00eda de la Seguridad Social (TSS).<\/p>\n\n\n\n<p>Pese a la recuperaci\u00f3n de los empleos formales registrada desde junio y hasta el pasado diciembre, para recuperar el nivel de marzo la econom\u00eda requiere agregar 210,238 puestos. Al cierre del tercer mes de 2020 el pa\u00eds ten\u00eda 2,250,140 trabajadores formales.<\/p>\n\n\n\n<p>Luego de que en junio se iniciara la recuperaci\u00f3n de empleos formales, en diciembre se registr\u00f3 una desaceleraci\u00f3n en el ritmo de generaci\u00f3n de puestos, logrando rescatar solo 2,319 plazas de trabajo. Hasta final de 2020, en el pa\u00eds se hab\u00edan recuperado el 60.5 % de los trabajos que se perdieron entre abril y mayo.<\/p>\n\n\n\n<p>Junio y julio fueron los per\u00edodos en el cual mayor cantidad de trabajadores formales se incorporaron a sus labores, 194,607 y 71,673, respectivamente, seg\u00fan registros de la TSS.<\/p>\n\n\n\n<p>Declaraciones del sector empresarial y sindical se\u00f1alaban que en el pa\u00eds se hab\u00edan perdido entre 800,000 y poco m\u00e1s de un mill\u00f3n de empleos, producto de la pandemia.<\/p>\n\n\n\n<p>Los puestos de trabajo formales cerraron el a\u00f1o pasado con una ca\u00edda de un 9.1 %, en comparaci\u00f3n con la cifra de 2019, al pasar de 2,244,106 empleados a 2,039,902, una reducci\u00f3n neta de 204,204 plazas.<\/p>\n\n\n\n<p><strong>Los empleadores<\/strong><\/p>\n\n\n\n<p>El reinicio de las actividades econ\u00f3micas, aunque con limitaciones, ha provocado tambi\u00e9n la recuperaci\u00f3n de la cantidad de empleadores registrados en la Tesorer\u00eda de la Seguridad Social.<\/p>\n\n\n\n<p>De registrar en mayo pasado 69,863 patronos, el n\u00famero subi\u00f3 a 89,988 en diciembre, representando un incremento neto de 20,125 empleadores, aunque la cifra contin\u00faa por debajo de los niveles de marzo.<\/p>\n\n\n\n<p>En el tercer mes de 2020, en la TSS hab\u00edan inscritos 92,320 empleadores, lo que implica que 2,332 empresarios formales no han podido recuperar su actividad econ\u00f3mica.<\/p>\n","protected":false},"excerpt":{"rendered":"<p>El mercado laboral formal logr\u00f3 recuperar 322,104 puestos de trabajo, entre junio y diciembre pasado, luego de que se perdieran 532,342 empleos entre abril y mayo, debido al cierre de&hellip; <\/p>\n","protected":false},"author":2,"featured_media":3542,"comment_status":"open","ping_status":"open","sticky":false,"template":"","format":"standard","meta":{"fifu_image_url":"","fifu_image_alt":"","footnotes":""},"categories":[62],"tags":[],"class_list":["post-3541","post","type-post","status-publish","format-standard","has-post-thumbnail","hentry","category-economia"],"_links":{"self":[{"href":"https:\/\/elmundodelosnegocios.com.do\/v1\/wp-json\/wp\/v2\/posts\/3541","targetHints":{"allow":["GET"]}}],"collection":[{"href":"https:\/\/elmundodelosnegocios.com.do\/v1\/wp-json\/wp\/v2\/posts"}],"about":[{"href":"https:\/\/elmundodelosnegocios.com.do\/v1\/wp-json\/wp\/v2\/types\/post"}],"author":[{"embeddable":true,"href":"https:\/\/elmundodelosnegocios.com.do\/v1\/wp-json\/wp\/v2\/users\/2"}],"replies":[{"embeddable":true,"href":"https:\/\/elmundodelosnegocios.com.do\/v1\/wp-json\/wp\/v2\/comments?post=3541"}],"version-history":[{"count":0,"href":"https:\/\/elmundodelosnegocios.com.do\/v1\/wp-json\/wp\/v2\/posts\/3541\/revisions"}],"wp:featuredmedia":[{"embeddable":true,"href":"https:\/\/elmundodelosnegocios.com.do\/v1\/wp-json\/wp\/v2\/media\/3542"}],"wp:attachment":[{"href":"https:\/\/elmundodelosnegocios.com.do\/v1\/wp-json\/wp\/v2\/media?parent=3541"}],"wp:term":[{"taxonomy":"category","embeddable":true,"href":"https:\/\/elmundodelosnegocios.com.do\/v1\/wp-json\/wp\/v2\/categories?post=3541"},{"taxonomy":"post_tag","embeddable":true,"href":"https:\/\/elmundodelosnegocios.com.do\/v1\/wp-json\/wp\/v2\/tags?post=3541"}],"curies":[{"name":"wp","href":"https:\/\/api.w.org\/{rel}","templated":true}]}}