{"id":35463,"date":"2023-12-12T10:27:06","date_gmt":"2023-12-12T14:57:06","guid":{"rendered":"https:\/\/elmundodelosnegocios.com.do\/v1\/?p=35463"},"modified":"2023-12-12T10:27:07","modified_gmt":"2023-12-12T14:57:07","slug":"seis-micro-y-pequenas-empresas-innovadoras-salvadorenas-fueron-galardonadas-por-el-bcie-la-union-europea-y-el-gobierno-de-alemania","status":"publish","type":"post","link":"https:\/\/elmundodelosnegocios.com.do\/v1\/seis-micro-y-pequenas-empresas-innovadoras-salvadorenas-fueron-galardonadas-por-el-bcie-la-union-europea-y-el-gobierno-de-alemania\/","title":{"rendered":"Seis micro y peque\u00f1as empresas innovadoras salvadore\u00f1as fueron galardonadas por el BCIE, la Uni\u00f3n Europea y el Gobierno de Alemania"},"content":{"rendered":"\n<p><strong>San Salvador, diciembre de 2023.-\u00a0<\/strong>La Iniciativa\u00a0<a href=\"https:\/\/www.bcie.org\/acerca-del-bcie\/alianzas-estrategicas\/programas-externos\/dinamica-ii\" target=\"_blank\" rel=\"noreferrer noopener\">DINAMICA<\/a>\u00a0II del Banco Centroamericano de Integraci\u00f3n Econ\u00f3mica (BCIE), el Gobierno de Alemania, a trav\u00e9s del KfW, y la Uni\u00f3n Europea (UE), apoy\u00f3 la realizaci\u00f3n de tres ferias de exhibici\u00f3n y comercializaci\u00f3n, como parte del Diplomado Especializado en E-commerce, dirigido a micro y peque\u00f1as empresas (Mypes), facilitado por el Centro de Desarrollo de la Micro y Peque\u00f1a Empresa (CDMYPE) de la Universidad Gerardo Barrios (UGB) en El Salvador, con el apoyo de la Comisi\u00f3n Nacional de la Micro y Peque\u00f1a Empresa (CONAMYPE).<\/p>\n\n\n<div class=\"wp-block-image\">\n<figure class=\"aligncenter size-large\"><img decoding=\"async\" src=\"https:\/\/www.bcie.org\/fileadmin\/_processed_\/9\/0\/csm_7_dic_2023._Evento_CDMYPE_DINAMICA_a04e105700.jpeg\" alt=\"\"\/><\/figure>\n<\/div>\n\n\n<p>En total, 516 micro y peque\u00f1os empresarios provenientes de los 14 departamentos de El Salvador, se graduaron del Diplomado, en el que participaron 298 mujeres propietarias de negocios, quienes adquirieron herramientas digitales para fortalecer la gesti\u00f3n de su tienda en l\u00ednea y desarrollar estrategias efectivas de e-marketing. Adem\u00e1s, dentro del proceso de aprendizaje, los participantes tuvieron la oportunidad de exhibir, comercializar sus productos en las ferias, en las que demostraron los conocimientos adquiridos.<\/p>\n\n\n\n<p>Durante la celebraci\u00f3n de las ferias, gracias a la Iniciativa DINAMICA II, se premiaron a las micro y peque\u00f1as empresas: Nantli Inversiones, Graphia, Festa, Pizza 503, Sassy y Carteras Birgham\u00b4s, por sus modelos de negocio innovadores, aplicar las nuevas tecnolog\u00edas y tener un excelente conocimiento de las necesidades del mercado y sus productos. Los premios otorgados son por un monto total de US$15,000.00.<\/p>\n\n\n\n<p>Alexander Novoa, ganador del primer lugar, es fundador de Sassy, un emprendimiento dedicado a la producci\u00f3n de camisetas personalizadas con enfoque en la calidad y la atenci\u00f3n al cliente. \u201cEstos fondos nos permitir\u00e1n dar el siguiente paso, invirtiendo en una maquinaria llamada DTF, que nos facilitar\u00e1 la impresi\u00f3n de una manera m\u00e1s vers\u00e1til; esto tambi\u00e9n nos dar\u00e1 la oportunidad de abrir un puesto fijo en nuestra empresa\u201d, destac\u00f3 Novoa.<\/p>\n\n\n\n<p>La Iniciativa DINAMICA II es un esfuerzo tripartito del BCIE, el Gobierno de Alemania, a trav\u00e9s del KfW y la Uni\u00f3n Europea, que busca contribuir al desarrollo econ\u00f3mico y a la generaci\u00f3n de empleo en Centroam\u00e9rica, fortaleciendo el ecosistema empresarial para mipymes nuevas, j\u00f3venes e innovadoras, adem\u00e1s de fomentar el acceso adecuado a servicios financieros.<\/p>\n\n\n\n<p>A la fecha, esta Iniciativa ha apoyado a las mipymes salvadore\u00f1as con m\u00e1s de US$12 millones en cr\u00e9ditos; ha fortalecido a m\u00e1s de 98 micro y peque\u00f1as empresas con recursos no reembolsables de Peque\u00f1as Donaciones; y cuenta con m\u00e1s de US$6 millones para asignaciones en asistencias t\u00e9cnicas para el fortalecimiento de Centros de Desarrollo Empresarial y mypes, as\u00ed como capital semilla para emprendimientos y mypes innovadoras, a trav\u00e9s de la Ventanilla Especial de El Salvador.<\/p>\n","protected":false},"excerpt":{"rendered":"<p>San Salvador, diciembre de 2023.-\u00a0La Iniciativa\u00a0DINAMICA\u00a0II del Banco Centroamericano de Integraci\u00f3n Econ\u00f3mica (BCIE), el Gobierno de Alemania, a trav\u00e9s del KfW, y la Uni\u00f3n Europea (UE), apoy\u00f3 la realizaci\u00f3n de&hellip; <\/p>\n","protected":false},"author":2,"featured_media":35465,"comment_status":"closed","ping_status":"closed","sticky":false,"template":"","format":"standard","meta":{"fifu_image_url":"https:\/\/www.bcie.org\/fileadmin\/_processed_\/9\/0\/csm_7_dic_2023._Evento_CDMYPE_DINAMICA_a04e105700.jpeg","fifu_image_alt":"","footnotes":""},"categories":[83],"tags":[],"class_list":["post-35463","post","type-post","status-publish","format-standard","has-post-thumbnail","hentry","category-empresariales-empresariales"],"_links":{"self":[{"href":"https:\/\/elmundodelosnegocios.com.do\/v1\/wp-json\/wp\/v2\/posts\/35463","targetHints":{"allow":["GET"]}}],"collection":[{"href":"https:\/\/elmundodelosnegocios.com.do\/v1\/wp-json\/wp\/v2\/posts"}],"about":[{"href":"https:\/\/elmundodelosnegocios.com.do\/v1\/wp-json\/wp\/v2\/types\/post"}],"author":[{"embeddable":true,"href":"https:\/\/elmundodelosnegocios.com.do\/v1\/wp-json\/wp\/v2\/users\/2"}],"replies":[{"embeddable":true,"href":"https:\/\/elmundodelosnegocios.com.do\/v1\/wp-json\/wp\/v2\/comments?post=35463"}],"version-history":[{"count":0,"href":"https:\/\/elmundodelosnegocios.com.do\/v1\/wp-json\/wp\/v2\/posts\/35463\/revisions"}],"wp:featuredmedia":[{"embeddable":true,"href":"https:\/\/elmundodelosnegocios.com.do\/v1\/wp-json\/wp\/v2\/media\/35465"}],"wp:attachment":[{"href":"https:\/\/elmundodelosnegocios.com.do\/v1\/wp-json\/wp\/v2\/media?parent=35463"}],"wp:term":[{"taxonomy":"category","embeddable":true,"href":"https:\/\/elmundodelosnegocios.com.do\/v1\/wp-json\/wp\/v2\/categories?post=35463"},{"taxonomy":"post_tag","embeddable":true,"href":"https:\/\/elmundodelosnegocios.com.do\/v1\/wp-json\/wp\/v2\/tags?post=35463"}],"curies":[{"name":"wp","href":"https:\/\/api.w.org\/{rel}","templated":true}]}}