{"id":35486,"date":"2023-12-13T09:31:07","date_gmt":"2023-12-13T14:01:07","guid":{"rendered":"https:\/\/elmundodelosnegocios.com.do\/v1\/?p=35486"},"modified":"2023-12-13T09:31:09","modified_gmt":"2023-12-13T14:01:09","slug":"republica-dominicana-se-suma-a-la-alianza-internacional-para-la-circularidad-de-la-agroindustria-de-la-cana","status":"publish","type":"post","link":"https:\/\/elmundodelosnegocios.com.do\/v1\/republica-dominicana-se-suma-a-la-alianza-internacional-para-la-circularidad-de-la-agroindustria-de-la-cana\/","title":{"rendered":"Rep\u00fablica Dominicana se suma a la Alianza Internacional para la Circularidad de la Agroindustria de la Ca\u00f1a"},"content":{"rendered":"\n<p>Dub\u00e1i, Emiratos \u00c1rabes Unidos.\u2013 La Rep\u00fablica Dominicana anunci\u00f3 su adhesi\u00f3n a la&nbsp;<strong>Alianza Internacional para la Circularidad de la Agroindustria de la Ca\u00f1a de Az\u00facar Resiliente y Baja en Emisiones de Carbono,<\/strong>&nbsp;iniciativa liderada por&nbsp;<strong>Cuba<\/strong>&nbsp;para impulsar el m\u00e1ximo aprovechamiento de la producci\u00f3n de ese rengl\u00f3n.<\/p>\n\n\n<div class=\"wp-block-image\">\n<figure class=\"aligncenter size-large\"><img loading=\"lazy\" decoding=\"async\" width=\"1024\" height=\"576\" src=\"https:\/\/elmundodelosnegocios.com.do\/v1\/wp-content\/uploads\/2023\/12\/7-1024x576.png\" alt=\"\" class=\"wp-image-35487\" srcset=\"https:\/\/elmundodelosnegocios.com.do\/v1\/wp-content\/uploads\/2023\/12\/7-1024x576.png 1024w, https:\/\/elmundodelosnegocios.com.do\/v1\/wp-content\/uploads\/2023\/12\/7-300x169.png 300w, https:\/\/elmundodelosnegocios.com.do\/v1\/wp-content\/uploads\/2023\/12\/7-768x432.png 768w, https:\/\/elmundodelosnegocios.com.do\/v1\/wp-content\/uploads\/2023\/12\/7.png 1300w\" sizes=\"auto, (max-width: 1024px) 100vw, 1024px\" \/><\/figure>\n<\/div>\n\n\n<p>El anunci\u00f3 se realiz\u00f3 en el evento de lanzamiento de la Alianza, realizado en el pabell\u00f3n de Cuba, en el marco de la&nbsp;<strong>28<\/strong>\u00aa&nbsp;<strong>Conferencia de las Partes de la Convenci\u00f3n Marco de las Naciones Unidas para el Cambio Clim\u00e1tico, COP28.<\/strong><\/p>\n\n\n\n<p>El acto fue encabezado por la ministra de Ciencia, Investigaci\u00f3n, Tecnolog\u00eda y Medio Ambiente de Cuba,&nbsp;<strong>Elba Rosa P\u00e9rez Montoya<\/strong>, quien explic\u00f3 que esta iniciativa promover\u00e1&nbsp;<em>\u201cla bioeconom\u00eda y la circularidad en la agroindustria de la ca\u00f1a de az\u00facar, promoviendo la investigaci\u00f3n cient\u00edfica para la sostenibilidad y estandarizando procesos para maximizar el aprovechamiento de toda la producci\u00f3n de ca\u00f1a\u201d.<\/em><\/p>\n\n\n\n<p>De su lado, el vicepresidente ejecutivo del Consejo Nacional para el Cambio Clim\u00e1tico y Mecanismo de Desarrollo Limpio,&nbsp;<strong>Max Puig<\/strong>, explic\u00f3 que esta alianza es de gran inter\u00e9s para el pa\u00eds, pues permitir\u00e1 formular pol\u00edticas para la circularidad de la agroindustria de la ca\u00f1a de az\u00facar, con bases cient\u00edficas e indicadores relevantes, as\u00ed como soluciones para la&nbsp;<strong>medici\u00f3n de su vulnerabilidad, su impacto en el clima, la biodiversidad y la contaminaci\u00f3n.<\/strong><\/p>\n\n\n\n<p><em>\u201cSe trata, adem\u00e1s, de lograr compromisos para cerrar las brechas en la sostenibilidad de los ciclos de producci\u00f3n y consumo y fortalecer el desarrollo de capacidades y el intercambio de los conocimientos para la consolidaci\u00f3n de la bioeconom\u00eda y la circularidad en la cadena de valor de la ca\u00f1a de az\u00facar\u201d,<\/em>&nbsp;dijo.&nbsp;<\/p>\n\n\n\n<figure class=\"wp-block-image\"><img decoding=\"async\" src=\"https:\/\/presidencia.gob.do\/sites\/default\/files\/inline-images\/IMG_2276.JPG\" alt=\"\"\/><\/figure>\n\n\n\n<p>Tambi\u00e9n se\u00f1al\u00f3 que esta alianza apoyar\u00e1 la formulaci\u00f3n de proyectos, actuando como una&nbsp;<strong>plataforma aceleradora de soluciones<\/strong>, para lograr el m\u00e1ximo aprovechamiento de la producci\u00f3n de la ca\u00f1a de az\u00facar con&nbsp;<strong>esquemas financieros innovadores<\/strong>&nbsp;y, adem\u00e1s, identificar medidas para incluir la industria de la ca\u00f1a de az\u00facar en las metas y ambiciones de las&nbsp;<strong>Contribuciones Nacionalmente Determinadas, las Estrategias Nacionales sobre Biodiversidad<\/strong>, y los Objetivos de Desarrollo Sostenibles&nbsp;<strong>(ODS)<\/strong>&nbsp;de los pa\u00edses miembros.<\/p>\n\n\n\n<p>Al lanzamiento de la Alianza Internacional para la Circularidad de la Agroindustria de la Ca\u00f1a de Az\u00facar Resiliente y Baja en Emisiones de Carbono asistieron representantes de pa\u00edses vinculados a&nbsp; la agroindustria de la ca\u00f1a de az\u00facar como Brasil, Sud\u00e1frica, M\u00e9xico, Guatemala, Argentina, Colombia, Costa Rica, El Salvador, Alemania y Cuba, as\u00ed como representantes de los Ministerios de Ambiente, Agencias del Sistema de Naciones Unidas como PNUMA, PNUD, Onudi, UN-H\u00e1bitat, el Centro de Comercio Internacional y el Fondo Verde del Clima (GCF).<\/p>\n","protected":false},"excerpt":{"rendered":"<p>Dub\u00e1i, Emiratos \u00c1rabes Unidos.\u2013 La Rep\u00fablica Dominicana anunci\u00f3 su adhesi\u00f3n a la&nbsp;Alianza Internacional para la Circularidad de la Agroindustria de la Ca\u00f1a de Az\u00facar Resiliente y Baja en Emisiones de&hellip; <\/p>\n","protected":false},"author":2,"featured_media":35487,"comment_status":"closed","ping_status":"closed","sticky":false,"template":"","format":"standard","meta":{"fifu_image_url":"","fifu_image_alt":"","footnotes":""},"categories":[73],"tags":[],"class_list":["post-35486","post","type-post","status-publish","format-standard","has-post-thumbnail","hentry","category-agronegocios"],"_links":{"self":[{"href":"https:\/\/elmundodelosnegocios.com.do\/v1\/wp-json\/wp\/v2\/posts\/35486","targetHints":{"allow":["GET"]}}],"collection":[{"href":"https:\/\/elmundodelosnegocios.com.do\/v1\/wp-json\/wp\/v2\/posts"}],"about":[{"href":"https:\/\/elmundodelosnegocios.com.do\/v1\/wp-json\/wp\/v2\/types\/post"}],"author":[{"embeddable":true,"href":"https:\/\/elmundodelosnegocios.com.do\/v1\/wp-json\/wp\/v2\/users\/2"}],"replies":[{"embeddable":true,"href":"https:\/\/elmundodelosnegocios.com.do\/v1\/wp-json\/wp\/v2\/comments?post=35486"}],"version-history":[{"count":0,"href":"https:\/\/elmundodelosnegocios.com.do\/v1\/wp-json\/wp\/v2\/posts\/35486\/revisions"}],"wp:featuredmedia":[{"embeddable":true,"href":"https:\/\/elmundodelosnegocios.com.do\/v1\/wp-json\/wp\/v2\/media\/35487"}],"wp:attachment":[{"href":"https:\/\/elmundodelosnegocios.com.do\/v1\/wp-json\/wp\/v2\/media?parent=35486"}],"wp:term":[{"taxonomy":"category","embeddable":true,"href":"https:\/\/elmundodelosnegocios.com.do\/v1\/wp-json\/wp\/v2\/categories?post=35486"},{"taxonomy":"post_tag","embeddable":true,"href":"https:\/\/elmundodelosnegocios.com.do\/v1\/wp-json\/wp\/v2\/tags?post=35486"}],"curies":[{"name":"wp","href":"https:\/\/api.w.org\/{rel}","templated":true}]}}