{"id":35516,"date":"2023-12-14T12:57:08","date_gmt":"2023-12-14T17:27:08","guid":{"rendered":"https:\/\/elmundodelosnegocios.com.do\/v1\/?p=35516"},"modified":"2023-12-14T12:57:10","modified_gmt":"2023-12-14T17:27:10","slug":"dga-entrega-centro-de-prevencion-de-delitos-aduaneros-y-de-alta-tecnologia","status":"publish","type":"post","link":"https:\/\/elmundodelosnegocios.com.do\/v1\/dga-entrega-centro-de-prevencion-de-delitos-aduaneros-y-de-alta-tecnologia\/","title":{"rendered":"DGA entrega centro de prevenci\u00f3n de delitos aduaneros y de alta tecnolog\u00eda"},"content":{"rendered":"\n<p>Santo Domingo.\u2013&nbsp;<strong>El director general de Aduanas, Eduardo Sanz Lovat\u00f3n<\/strong>, hizo entrega al director general de la Polic\u00eda Nacional,&nbsp;<strong>mayor general Ram\u00f3n Guzm\u00e1n Peralta<\/strong>, con la presencia del ministro de Interior y Polic\u00eda,&nbsp;<strong>Jes\u00fas V\u00e1zquez Mart\u00ednez<\/strong>, de un nuevo&nbsp;<strong>centro de prevenci\u00f3n de delitos aduaneros y de alta tecnolog\u00eda<\/strong>, en el cual trabajar\u00e1n en conjunto los departamentos de&nbsp;<strong>Inteligencia y Seguridad Militar de Aduanas<\/strong>&nbsp;y el Departamento de Investigaci\u00f3n de Cr\u00edmenes y Delitos de Alta Tecnolog\u00eda (<strong>Dicat<\/strong>).<\/p>\n\n\n<div class=\"wp-block-image\">\n<figure class=\"aligncenter size-large\"><img loading=\"lazy\" decoding=\"async\" width=\"1024\" height=\"576\" src=\"https:\/\/elmundodelosnegocios.com.do\/v1\/wp-content\/uploads\/2023\/12\/8-2-1024x576.jpeg\" alt=\"\" class=\"wp-image-35517\" srcset=\"https:\/\/elmundodelosnegocios.com.do\/v1\/wp-content\/uploads\/2023\/12\/8-2-1024x576.jpeg 1024w, https:\/\/elmundodelosnegocios.com.do\/v1\/wp-content\/uploads\/2023\/12\/8-2-300x169.jpeg 300w, https:\/\/elmundodelosnegocios.com.do\/v1\/wp-content\/uploads\/2023\/12\/8-2-768x432.jpeg 768w, https:\/\/elmundodelosnegocios.com.do\/v1\/wp-content\/uploads\/2023\/12\/8-2.jpeg 1300w\" sizes=\"auto, (max-width: 1024px) 100vw, 1024px\" \/><\/figure>\n<\/div>\n\n\n<p>Esto tras un&nbsp;<strong>acuerdo de cooperaci\u00f3n interinstitucional<\/strong>&nbsp;rubricado entre ambas instituciones el paso mes de abril.&nbsp;<\/p>\n\n\n\n<p>Sanz Lovat\u00f3n destac\u00f3 que el nuevo establecimiento contribuir\u00e1 a que&nbsp;<strong>los ciudadanos reciban un mejor servicio&nbsp;<\/strong>y a que oficiales del Dicat puedan desarrollar mejor su labor.&nbsp;<\/p>\n\n\n<div class=\"wp-block-image\">\n<figure class=\"aligncenter\"><img decoding=\"async\" src=\"https:\/\/presidencia.gob.do\/sites\/default\/files\/inline-images\/IMG_2899.jpeg\" alt=\"\"\/><\/figure>\n<\/div>\n\n\n<p>La infraestructura entregada fue adquirida tras un proceso de licitaci\u00f3n que inici\u00f3 luego de la firma del acuerdo.&nbsp;<\/p>\n\n\n\n<p><em>\u201cDesde la fundaci\u00f3n del Dicat, hasta la fecha, no cont\u00e1bamos con un espacio que nos permitiera brindar el servicio a la altura que la sociedad necesita, hoy estamos recibiendo esta planta f\u00edsica totalmente habilitada\u201d,<\/em>&nbsp;manifest\u00f3 Guzm\u00e1n Peralta.&nbsp;<\/p>\n\n\n\n<p>El local cuenta con los requisitos de espacio, iluminaci\u00f3n y climatizaci\u00f3n que ameritan las labores de inteligencia, y ser\u00e1 habilitado por el Dicat.&nbsp;<\/p>\n\n\n\n<p>El establecimiento supone un activo estrat\u00e9gico que&nbsp;<strong>fortalecer\u00e1 las capacidades del Dicat<\/strong>&nbsp;y lo pondr\u00e1 a la vanguardia de la lucha contra el robo de identidad y de datos personales, violaciones de privacidad, robo de celulares y equipos tecnol\u00f3gicos, fraude financiero, trata y tr\u00e1fico de personas, pornograf\u00eda y abuso infantil, en favor de los afectados.&nbsp;<\/p>\n\n\n\n<p>En el acto de entrega tambi\u00e9n estuvieron presentes, el subdirector general, general Juan Guzm\u00e1n Bad\u00eda; el director central de Investigaciones del Dicrim, general Pedro Matos P\u00e9rez; y el comandante del Dicat, coronel Edgar Arnaud V\u00f3lquez.&nbsp;&nbsp;<\/p>\n\n\n\n<p>Tambi\u00e9n, el encargado de la Supervisor\u00eda Militar y Policial de la DGA, general de brigada Orlando Jerez Espaillat, ERD y un equipo de subdirectores y encargados de la instituci\u00f3n.<\/p>\n","protected":false},"excerpt":{"rendered":"<p>Santo Domingo.\u2013&nbsp;El director general de Aduanas, Eduardo Sanz Lovat\u00f3n, hizo entrega al director general de la Polic\u00eda Nacional,&nbsp;mayor general Ram\u00f3n Guzm\u00e1n Peralta, con la presencia del ministro de Interior y&hellip; <\/p>\n","protected":false},"author":2,"featured_media":35517,"comment_status":"closed","ping_status":"closed","sticky":false,"template":"","format":"standard","meta":{"fifu_image_url":"","fifu_image_alt":"","footnotes":""},"categories":[178],"tags":[],"class_list":["post-35516","post","type-post","status-publish","format-standard","has-post-thumbnail","hentry","category-aduana"],"_links":{"self":[{"href":"https:\/\/elmundodelosnegocios.com.do\/v1\/wp-json\/wp\/v2\/posts\/35516","targetHints":{"allow":["GET"]}}],"collection":[{"href":"https:\/\/elmundodelosnegocios.com.do\/v1\/wp-json\/wp\/v2\/posts"}],"about":[{"href":"https:\/\/elmundodelosnegocios.com.do\/v1\/wp-json\/wp\/v2\/types\/post"}],"author":[{"embeddable":true,"href":"https:\/\/elmundodelosnegocios.com.do\/v1\/wp-json\/wp\/v2\/users\/2"}],"replies":[{"embeddable":true,"href":"https:\/\/elmundodelosnegocios.com.do\/v1\/wp-json\/wp\/v2\/comments?post=35516"}],"version-history":[{"count":0,"href":"https:\/\/elmundodelosnegocios.com.do\/v1\/wp-json\/wp\/v2\/posts\/35516\/revisions"}],"wp:featuredmedia":[{"embeddable":true,"href":"https:\/\/elmundodelosnegocios.com.do\/v1\/wp-json\/wp\/v2\/media\/35517"}],"wp:attachment":[{"href":"https:\/\/elmundodelosnegocios.com.do\/v1\/wp-json\/wp\/v2\/media?parent=35516"}],"wp:term":[{"taxonomy":"category","embeddable":true,"href":"https:\/\/elmundodelosnegocios.com.do\/v1\/wp-json\/wp\/v2\/categories?post=35516"},{"taxonomy":"post_tag","embeddable":true,"href":"https:\/\/elmundodelosnegocios.com.do\/v1\/wp-json\/wp\/v2\/tags?post=35516"}],"curies":[{"name":"wp","href":"https:\/\/api.w.org\/{rel}","templated":true}]}}