{"id":35588,"date":"2023-12-15T08:32:43","date_gmt":"2023-12-15T13:02:43","guid":{"rendered":"https:\/\/elmundodelosnegocios.com.do\/v1\/?p=35588"},"modified":"2023-12-15T08:32:45","modified_gmt":"2023-12-15T13:02:45","slug":"entrega-dga-centro-prevencion-delitos-aduaneros-y-alta-tecnologia","status":"publish","type":"post","link":"https:\/\/elmundodelosnegocios.com.do\/v1\/entrega-dga-centro-prevencion-delitos-aduaneros-y-alta-tecnologia\/","title":{"rendered":"Entrega DGA centro prevenci\u00f3n delitos aduaneros y alta tecnolog\u00eda"},"content":{"rendered":"\n<p><strong>Santo Domingo<\/strong>, R.D. Diciembre 15, 2023.-El director general de Aduanas (DGA), Eduardo Sanz\u00a0<a>Lovat\u00f3n<\/a>, hizo entrega al director general de la Polic\u00eda Nacional, mayor general Ram\u00f3n Guzm\u00e1n Peralta, con la presencia del ministro del Interior, Jes\u00fas V\u00e1zquez Mart\u00ednez, de un nuevo centro de prevenci\u00f3n de delitos aduaneros y de alta tecnolog\u00eda, en el cual trabajar\u00e1n en conjunto los departamentos de Inteligencia y Seguridad Militar de Aduanas y el Departamento de Investigaci\u00f3n de Cr\u00edmenes y Delitos de Alta Tecnolog\u00eda (DICAT).<\/p>\n\n\n<div class=\"wp-block-image\">\n<figure class=\"aligncenter size-large\"><img loading=\"lazy\" decoding=\"async\" width=\"1024\" height=\"682\" src=\"https:\/\/elmundodelosnegocios.com.do\/v1\/wp-content\/uploads\/2023\/12\/Foto-1-Eduardo-Sanz-Lovaton-1024x682.jpg\" alt=\"\" class=\"wp-image-35589\" srcset=\"https:\/\/elmundodelosnegocios.com.do\/v1\/wp-content\/uploads\/2023\/12\/Foto-1-Eduardo-Sanz-Lovaton-1024x682.jpg 1024w, https:\/\/elmundodelosnegocios.com.do\/v1\/wp-content\/uploads\/2023\/12\/Foto-1-Eduardo-Sanz-Lovaton-300x200.jpg 300w, https:\/\/elmundodelosnegocios.com.do\/v1\/wp-content\/uploads\/2023\/12\/Foto-1-Eduardo-Sanz-Lovaton-768x512.jpg 768w, https:\/\/elmundodelosnegocios.com.do\/v1\/wp-content\/uploads\/2023\/12\/Foto-1-Eduardo-Sanz-Lovaton-1536x1023.jpg 1536w, https:\/\/elmundodelosnegocios.com.do\/v1\/wp-content\/uploads\/2023\/12\/Foto-1-Eduardo-Sanz-Lovaton.jpg 1600w\" sizes=\"auto, (max-width: 1024px) 100vw, 1024px\" \/><\/figure>\n<\/div>\n\n\n<p>Esto tras un acuerdo de cooperaci\u00f3n interinstitucional rubricado entre ambas instituciones el paso mes de abril.<\/p>\n\n\n<div class=\"wp-block-image\">\n<figure class=\"aligncenter size-large\"><img loading=\"lazy\" decoding=\"async\" width=\"1024\" height=\"682\" src=\"https:\/\/elmundodelosnegocios.com.do\/v1\/wp-content\/uploads\/2023\/12\/Foto-2-Eduardo-Sanz-Lovaton-mientras-pronuncia-el-discurso-del-acto-1024x682.jpg\" alt=\"\" class=\"wp-image-35590\" srcset=\"https:\/\/elmundodelosnegocios.com.do\/v1\/wp-content\/uploads\/2023\/12\/Foto-2-Eduardo-Sanz-Lovaton-mientras-pronuncia-el-discurso-del-acto-1024x682.jpg 1024w, https:\/\/elmundodelosnegocios.com.do\/v1\/wp-content\/uploads\/2023\/12\/Foto-2-Eduardo-Sanz-Lovaton-mientras-pronuncia-el-discurso-del-acto-300x200.jpg 300w, https:\/\/elmundodelosnegocios.com.do\/v1\/wp-content\/uploads\/2023\/12\/Foto-2-Eduardo-Sanz-Lovaton-mientras-pronuncia-el-discurso-del-acto-768x512.jpg 768w, https:\/\/elmundodelosnegocios.com.do\/v1\/wp-content\/uploads\/2023\/12\/Foto-2-Eduardo-Sanz-Lovaton-mientras-pronuncia-el-discurso-del-acto-1536x1023.jpg 1536w, https:\/\/elmundodelosnegocios.com.do\/v1\/wp-content\/uploads\/2023\/12\/Foto-2-Eduardo-Sanz-Lovaton-mientras-pronuncia-el-discurso-del-acto.jpg 1600w\" sizes=\"auto, (max-width: 1024px) 100vw, 1024px\" \/><\/figure>\n<\/div>\n\n\n<p>Sanz Lovat\u00f3n destac\u00f3 que el nuevo establecimiento contribuir\u00e1 a que los ciudadanos reciban un mejor servicio y a que oficiales del DICAT puedan desarrollar mejor su labor.<\/p>\n\n\n\n<p>La infraestructura entregada fue adquirida tras un proceso de licitaci\u00f3n que inici\u00f3 luego de la firma del acuerdo.<\/p>\n\n\n\n<p>\u201cDesde la fundaci\u00f3n del DICAT, hasta la fecha, no cont\u00e1bamos con un espacio que nos permitiera brindar el servicio a la altura que la sociedad necesita, hoy estamos recibiendo esta planta f\u00edsica totalmente habilitada\u201d, manifest\u00f3 Guzm\u00e1n Peralta.<\/p>\n\n\n\n<p>El local cuenta con los requisitos de espacio, iluminaci\u00f3n y climatizaci\u00f3n que ameritan las labores de inteligencia, y ser\u00e1 habilitado por el DICAT.<\/p>\n\n\n\n<p>El establecimiento supone un activo estrat\u00e9gico que fortalecer\u00e1 las capacidades del DICAT y lo pondr\u00e1 a la vanguardia de la lucha contra el robo de identidad y de datos personales, violaciones de privacidad, robo de celulares y equipos tecnol\u00f3gicos, fraude financiero, trata y tr\u00e1fico de personas, pornograf\u00eda y abuso infantil, en favor de los afectados.<\/p>\n\n\n\n<p>En el acto de entrega, tambi\u00e9n, estuvieron presentes el subdirector general, general Juan Guzm\u00e1n Bad\u00eda; el director central de Investigaciones (DICRIM), general Pedro Matos P\u00e9rez; y el comandante del DICAT, coronel Edgar Arnaud V\u00f3lquez.&nbsp;<\/p>\n","protected":false},"excerpt":{"rendered":"<p>Santo Domingo, R.D. Diciembre 15, 2023.-El director general de Aduanas (DGA), Eduardo Sanz\u00a0Lovat\u00f3n, hizo entrega al director general de la Polic\u00eda Nacional, mayor general Ram\u00f3n Guzm\u00e1n Peralta, con la presencia&hellip; <\/p>\n","protected":false},"author":2,"featured_media":35590,"comment_status":"closed","ping_status":"closed","sticky":false,"template":"","format":"standard","meta":{"fifu_image_url":"","fifu_image_alt":"","footnotes":""},"categories":[181],"tags":[],"class_list":["post-35588","post","type-post","status-publish","format-standard","has-post-thumbnail","hentry","category-carga-logistica"],"_links":{"self":[{"href":"https:\/\/elmundodelosnegocios.com.do\/v1\/wp-json\/wp\/v2\/posts\/35588","targetHints":{"allow":["GET"]}}],"collection":[{"href":"https:\/\/elmundodelosnegocios.com.do\/v1\/wp-json\/wp\/v2\/posts"}],"about":[{"href":"https:\/\/elmundodelosnegocios.com.do\/v1\/wp-json\/wp\/v2\/types\/post"}],"author":[{"embeddable":true,"href":"https:\/\/elmundodelosnegocios.com.do\/v1\/wp-json\/wp\/v2\/users\/2"}],"replies":[{"embeddable":true,"href":"https:\/\/elmundodelosnegocios.com.do\/v1\/wp-json\/wp\/v2\/comments?post=35588"}],"version-history":[{"count":0,"href":"https:\/\/elmundodelosnegocios.com.do\/v1\/wp-json\/wp\/v2\/posts\/35588\/revisions"}],"wp:featuredmedia":[{"embeddable":true,"href":"https:\/\/elmundodelosnegocios.com.do\/v1\/wp-json\/wp\/v2\/media\/35590"}],"wp:attachment":[{"href":"https:\/\/elmundodelosnegocios.com.do\/v1\/wp-json\/wp\/v2\/media?parent=35588"}],"wp:term":[{"taxonomy":"category","embeddable":true,"href":"https:\/\/elmundodelosnegocios.com.do\/v1\/wp-json\/wp\/v2\/categories?post=35588"},{"taxonomy":"post_tag","embeddable":true,"href":"https:\/\/elmundodelosnegocios.com.do\/v1\/wp-json\/wp\/v2\/tags?post=35588"}],"curies":[{"name":"wp","href":"https:\/\/api.w.org\/{rel}","templated":true}]}}