{"id":35592,"date":"2023-12-15T08:54:33","date_gmt":"2023-12-15T13:24:33","guid":{"rendered":"https:\/\/elmundodelosnegocios.com.do\/v1\/?p=35592"},"modified":"2023-12-15T08:54:34","modified_gmt":"2023-12-15T13:24:34","slug":"ofrece-banreservas-coctel-navidad-clientes-zona-metropolitana","status":"publish","type":"post","link":"https:\/\/elmundodelosnegocios.com.do\/v1\/ofrece-banreservas-coctel-navidad-clientes-zona-metropolitana\/","title":{"rendered":"Ofrece Banreservas c\u00f3ctel Navidad clientes zona metropolitana"},"content":{"rendered":"\n<p><em>A la actividad asistieron empresarios, funcionarios p\u00fablicos y ejecutivos de la entidad bancaria<\/em><\/p>\n\n\n\n<p>El Banco de Reservas agradeci\u00f3 a sus clientes empresariales y corporativos su confianza y su lealtad, as\u00ed como su contribuci\u00f3n para que la entidad financiera alcanzara importantes hitos en 2023.<\/p>\n\n\n<div class=\"wp-block-image\">\n<figure class=\"aligncenter size-large\"><img loading=\"lazy\" decoding=\"async\" width=\"1024\" height=\"681\" src=\"https:\/\/elmundodelosnegocios.com.do\/v1\/wp-content\/uploads\/2023\/12\/1-16-1024x681.jpg\" alt=\"\" class=\"wp-image-35593\" srcset=\"https:\/\/elmundodelosnegocios.com.do\/v1\/wp-content\/uploads\/2023\/12\/1-16-1024x681.jpg 1024w, https:\/\/elmundodelosnegocios.com.do\/v1\/wp-content\/uploads\/2023\/12\/1-16-300x200.jpg 300w, https:\/\/elmundodelosnegocios.com.do\/v1\/wp-content\/uploads\/2023\/12\/1-16-768x511.jpg 768w, https:\/\/elmundodelosnegocios.com.do\/v1\/wp-content\/uploads\/2023\/12\/1-16-1536x1022.jpg 1536w, https:\/\/elmundodelosnegocios.com.do\/v1\/wp-content\/uploads\/2023\/12\/1-16-2048x1363.jpg 2048w\" sizes=\"auto, (max-width: 1024px) 100vw, 1024px\" \/><\/figure>\n<\/div>\n\n\n<p>En el tradicional coctel de cierre de a\u00f1o, el subadministrador de Negocios de Banreservas, Ysidro Garc\u00eda, en representaci\u00f3n del administrador general, Samuel Pereyra, reconoci\u00f3 el aporte de los clientes que eligen esa entidad financiera para gestionar sus compa\u00f1\u00edas.<\/p>\n\n\n<div class=\"wp-block-image\">\n<figure class=\"aligncenter size-large\"><img loading=\"lazy\" decoding=\"async\" width=\"1024\" height=\"682\" src=\"https:\/\/elmundodelosnegocios.com.do\/v1\/wp-content\/uploads\/2023\/12\/2-5-1024x682.jpg\" alt=\"\" class=\"wp-image-35594\" srcset=\"https:\/\/elmundodelosnegocios.com.do\/v1\/wp-content\/uploads\/2023\/12\/2-5-1024x682.jpg 1024w, https:\/\/elmundodelosnegocios.com.do\/v1\/wp-content\/uploads\/2023\/12\/2-5-300x200.jpg 300w, https:\/\/elmundodelosnegocios.com.do\/v1\/wp-content\/uploads\/2023\/12\/2-5-768x512.jpg 768w, https:\/\/elmundodelosnegocios.com.do\/v1\/wp-content\/uploads\/2023\/12\/2-5-1536x1023.jpg 1536w, https:\/\/elmundodelosnegocios.com.do\/v1\/wp-content\/uploads\/2023\/12\/2-5-2048x1364.jpg 2048w\" sizes=\"auto, (max-width: 1024px) 100vw, 1024px\" \/><\/figure>\n<\/div>\n\n\n<p>\u201cEn el Banco de Reservas estamos sumamente interesados en servirles cada vez mejor, apoyarlos en sus empresas y actividades productivas, ser los fieles amigos que hemos sido por m\u00e1s de 82 a\u00f1os, a todo lo largo y ancho de la geograf\u00eda nacional; para esos fines, hemos mejorado nuestra plataforma tecnol\u00f3gica, ampliando nuestras estructuras administrativas y de negocios \u201c, dijo Garc\u00eda.<\/p>\n\n\n\n<p>Mencion\u00f3 entre los \u00e9xitos del a\u00f1o a las recientes oficinas de representaci\u00f3n del banco en Miami, Madrid y Nueva York, y la cifra hist\u00f3rica de 500 mil millones de pesos en su cartera de cr\u00e9dito. Adem\u00e1s, las primeras Oficinas Dual, en Santo Domingo y Punta Cana, y el trill\u00f3n de millones de pesos en activos, siendo la \u00fanica entidad financiera del pa\u00eds en obtener tan significativo resultado.<\/p>\n\n\n\n<p>La actividad estuvo encabezada por el administrador general de Banreservas, Samuel Pereyra, y la presidenta del Voluntariado, Noelia Garc\u00eda de Pereyra, quienes estuvieron acompa\u00f1ados, adem\u00e1s, por el subadministrador administrativo, Jos\u00e9 Manuel Almonte, miembros del Consejo de Directores y ejecutivos de negocios de la instituci\u00f3n financiera.<\/p>\n\n\n\n<p>El encuentro se efectu\u00f3 en el restaurante Larimar, en la Torre Altri Tempi, donde se cre\u00f3 una atm\u00f3sfera especial de Navidad.<\/p>\n","protected":false},"excerpt":{"rendered":"<p>A la actividad asistieron empresarios, funcionarios p\u00fablicos y ejecutivos de la entidad bancaria El Banco de Reservas agradeci\u00f3 a sus clientes empresariales y corporativos su confianza y su lealtad, as\u00ed&hellip; <\/p>\n","protected":false},"author":2,"featured_media":35593,"comment_status":"closed","ping_status":"closed","sticky":false,"template":"","format":"standard","meta":{"fifu_image_url":"","fifu_image_alt":"","footnotes":""},"categories":[157],"tags":[],"class_list":["post-35592","post","type-post","status-publish","format-standard","has-post-thumbnail","hentry","category-marketing"],"_links":{"self":[{"href":"https:\/\/elmundodelosnegocios.com.do\/v1\/wp-json\/wp\/v2\/posts\/35592","targetHints":{"allow":["GET"]}}],"collection":[{"href":"https:\/\/elmundodelosnegocios.com.do\/v1\/wp-json\/wp\/v2\/posts"}],"about":[{"href":"https:\/\/elmundodelosnegocios.com.do\/v1\/wp-json\/wp\/v2\/types\/post"}],"author":[{"embeddable":true,"href":"https:\/\/elmundodelosnegocios.com.do\/v1\/wp-json\/wp\/v2\/users\/2"}],"replies":[{"embeddable":true,"href":"https:\/\/elmundodelosnegocios.com.do\/v1\/wp-json\/wp\/v2\/comments?post=35592"}],"version-history":[{"count":0,"href":"https:\/\/elmundodelosnegocios.com.do\/v1\/wp-json\/wp\/v2\/posts\/35592\/revisions"}],"wp:featuredmedia":[{"embeddable":true,"href":"https:\/\/elmundodelosnegocios.com.do\/v1\/wp-json\/wp\/v2\/media\/35593"}],"wp:attachment":[{"href":"https:\/\/elmundodelosnegocios.com.do\/v1\/wp-json\/wp\/v2\/media?parent=35592"}],"wp:term":[{"taxonomy":"category","embeddable":true,"href":"https:\/\/elmundodelosnegocios.com.do\/v1\/wp-json\/wp\/v2\/categories?post=35592"},{"taxonomy":"post_tag","embeddable":true,"href":"https:\/\/elmundodelosnegocios.com.do\/v1\/wp-json\/wp\/v2\/tags?post=35592"}],"curies":[{"name":"wp","href":"https:\/\/api.w.org\/{rel}","templated":true}]}}