{"id":35606,"date":"2023-12-18T07:40:59","date_gmt":"2023-12-18T12:10:59","guid":{"rendered":"https:\/\/elmundodelosnegocios.com.do\/v1\/?p=35606"},"modified":"2023-12-18T07:41:55","modified_gmt":"2023-12-18T12:11:55","slug":"inician-trabajos-rehabilitar-y-ampliar-capacidad-subestacion-electrica-metropolitana-naco","status":"publish","type":"post","link":"https:\/\/elmundodelosnegocios.com.do\/v1\/inician-trabajos-rehabilitar-y-ampliar-capacidad-subestacion-electrica-metropolitana-naco\/","title":{"rendered":"Inician trabajos rehabilitar y ampliar capacidad subestaci\u00f3n el\u00e9ctrica Metropolitana Naco"},"content":{"rendered":"\n<p>Santo Domingo, R. D. Diciembre 18, 2023.- Edesur Dominicana inici\u00f3 los trabajos para la rehabilitaci\u00f3n y ampliaci\u00f3n de la capacidad, y aumento de la potencia y eficiencia operativa de la subestaci\u00f3n el\u00e9ctrica Metropolitano, ubicada en el Centro Ol\u00edmpico, en Naco, lo que mejorar\u00e1 significativamente el servicio el\u00e9ctrico en la zona, ante el crecimiento de la demanda.<\/p>\n\n\n<div class=\"wp-block-image\">\n<figure class=\"aligncenter size-large\"><img loading=\"lazy\" decoding=\"async\" width=\"1024\" height=\"682\" src=\"https:\/\/elmundodelosnegocios.com.do\/v1\/wp-content\/uploads\/2023\/12\/001-2-1024x682.jpg\" alt=\"\" class=\"wp-image-35607\" srcset=\"https:\/\/elmundodelosnegocios.com.do\/v1\/wp-content\/uploads\/2023\/12\/001-2-1024x682.jpg 1024w, https:\/\/elmundodelosnegocios.com.do\/v1\/wp-content\/uploads\/2023\/12\/001-2-300x200.jpg 300w, https:\/\/elmundodelosnegocios.com.do\/v1\/wp-content\/uploads\/2023\/12\/001-2-768x512.jpg 768w, https:\/\/elmundodelosnegocios.com.do\/v1\/wp-content\/uploads\/2023\/12\/001-2-1536x1023.jpg 1536w, https:\/\/elmundodelosnegocios.com.do\/v1\/wp-content\/uploads\/2023\/12\/001-2.jpg 1600w\" sizes=\"auto, (max-width: 1024px) 100vw, 1024px\" \/><\/figure>\n<\/div>\n\n\n<p>El administrador de Edesur, Milton Morrison inform\u00f3 que esta subestaci\u00f3n aumentar\u00e1 su capacidad de 75 MVA a 100 MV, y pasar\u00e1 de un nivel de tensi\u00f3n de 79 kV a 138\/12.5 kV, lo cual garantizar\u00e1 la calidad del servicio y la estabilidad de sistema, con m\u00e1s y mayor energ\u00eda, menos aver\u00eda y un voltaje m\u00e1s estable en los 10 circuitos que abarca.<\/p>\n\n\n\n<p>Entre los barrios y comunidades que se beneficiar\u00e1n directamente est\u00e1n el ensanche Kennedy, La Agustina, Ensanche La Fe, Ensanche Naco y La Esperilla; y los clientes y comercios que se encuentran alimentados desde las subestaciones vecinas Universidad Aut\u00f3noma de Santo Domingo (UASD), Los Prados (LPRA), Para\u00edso (PARA) y Embajador (EMBA); Senasa, los hospitales Plaza de la Salud y de Las Fuerzas Armadas, decenas de comercios, plazas y supermercados.<\/p>\n\n\n\n<p>El Distrito Nacional en sentido general ser\u00e1 beneficiado con la rehabilitaci\u00f3n y ampliaci\u00f3n de la capacidad de la subestaci\u00f3n Metropolitano, debido a que directa o indirectamente todos los clientes de Edesur tendr\u00e1n mayor continuidad del servicio y m\u00e1s calidad en el suministro.<\/p>\n\n\n\n<p>Milton Morrison explic\u00f3 que estos trabajos, financiados por el Banco Interamericano de Desarrollo (BID) forman parte del programa de expansi\u00f3n de redes y reducci\u00f3n de p\u00e9rdidas t\u00e9cnicas, que realiza la empresa y que abarcan la rehabilitaci\u00f3n y ampliaci\u00f3n de la capacidad de 12 subestaciones; siendo parte del plan de gobierno del presidente Luis Abinader para fortalecer el Sistema El\u00e9ctrico Nacional Interconectado.<\/p>\n\n\n\n<p>Tienen una inversi\u00f3n de US$155 millones, y buscan aumentar la eficiencia operativa y la capacidad de las subestaciones de Edesur para atender el crecimiento de la demanda, en condiciones ambientalmente sostenibles.<\/p>\n","protected":false},"excerpt":{"rendered":"<p>Santo Domingo, R. D. Diciembre 18, 2023.- Edesur Dominicana inici\u00f3 los trabajos para la rehabilitaci\u00f3n y ampliaci\u00f3n de la capacidad, y aumento de la potencia y eficiencia operativa de la&hellip; <\/p>\n","protected":false},"author":2,"featured_media":35607,"comment_status":"closed","ping_status":"closed","sticky":false,"template":"","format":"standard","meta":{"fifu_image_url":"","fifu_image_alt":"","footnotes":""},"categories":[182],"tags":[],"class_list":["post-35606","post","type-post","status-publish","format-standard","has-post-thumbnail","hentry","category-energia"],"_links":{"self":[{"href":"https:\/\/elmundodelosnegocios.com.do\/v1\/wp-json\/wp\/v2\/posts\/35606","targetHints":{"allow":["GET"]}}],"collection":[{"href":"https:\/\/elmundodelosnegocios.com.do\/v1\/wp-json\/wp\/v2\/posts"}],"about":[{"href":"https:\/\/elmundodelosnegocios.com.do\/v1\/wp-json\/wp\/v2\/types\/post"}],"author":[{"embeddable":true,"href":"https:\/\/elmundodelosnegocios.com.do\/v1\/wp-json\/wp\/v2\/users\/2"}],"replies":[{"embeddable":true,"href":"https:\/\/elmundodelosnegocios.com.do\/v1\/wp-json\/wp\/v2\/comments?post=35606"}],"version-history":[{"count":0,"href":"https:\/\/elmundodelosnegocios.com.do\/v1\/wp-json\/wp\/v2\/posts\/35606\/revisions"}],"wp:featuredmedia":[{"embeddable":true,"href":"https:\/\/elmundodelosnegocios.com.do\/v1\/wp-json\/wp\/v2\/media\/35607"}],"wp:attachment":[{"href":"https:\/\/elmundodelosnegocios.com.do\/v1\/wp-json\/wp\/v2\/media?parent=35606"}],"wp:term":[{"taxonomy":"category","embeddable":true,"href":"https:\/\/elmundodelosnegocios.com.do\/v1\/wp-json\/wp\/v2\/categories?post=35606"},{"taxonomy":"post_tag","embeddable":true,"href":"https:\/\/elmundodelosnegocios.com.do\/v1\/wp-json\/wp\/v2\/tags?post=35606"}],"curies":[{"name":"wp","href":"https:\/\/api.w.org\/{rel}","templated":true}]}}