{"id":3562,"date":"2021-01-25T10:50:13","date_gmt":"2021-01-25T15:20:13","guid":{"rendered":"http:\/\/elmundodelosnegocios.com.do\/v1\/?p=3562"},"modified":"2021-01-25T10:50:18","modified_gmt":"2021-01-25T15:20:18","slug":"sustituiran-premios-provinciales-por-premios-sectoriales-calidad","status":"publish","type":"post","link":"https:\/\/elmundodelosnegocios.com.do\/v1\/sustituiran-premios-provinciales-por-premios-sectoriales-calidad\/","title":{"rendered":"Sustituir\u00e1n Premios Provinciales por premios sectoriales Calidad"},"content":{"rendered":"\n<p><strong>SANTO DOMINGO.-&nbsp;<\/strong>El Ministerio de Administraci\u00f3n P\u00fablica (MAP) sustituir\u00e1 los premios provinciales y territoriales por premios sectoriales y promover\u00e1 la participaci\u00f3n de hospitales, ayuntamientos, escuelas y liceos p\u00fablicos en el Premio Nacional a la Calidad.<\/p>\n\n\n\n<p>As\u00ed lo inform\u00f3 el licenciado Dar\u00edo Castillo Lugo, titular del MAP, quien afirm\u00f3 que la sustituci\u00f3n de los Premios Provinciales y Territoriales forma parte de los cambios que eval\u00faa introducir esa instituci\u00f3n en el formato del Premio Nacional a la Calidad y Pr\u00e1cticas Promisorias del Sector P\u00fablico.<\/p>\n\n\n\n<p>Explic\u00f3 que esos cambios, que se reflejar\u00e1n en la ceremonia del Premio de este a\u00f1o 2021, se har\u00e1n para lograr que los sectores que promover\u00e1n y motivar\u00e1n para que aumenten su participaci\u00f3n en el Premio Nacional a la Calidad, mejoren la calidad de los servicios que ofrecen a la ciudadan\u00eda.<\/p>\n\n\n\n<p>El funcionario asegur\u00f3 que el gobierno que encabeza el presidente Lu\u00eds Abinader est\u00e1 comprometido en dar continuidad a las iniciativas que contribuyan en lograr una gesti\u00f3n p\u00fablica m\u00e1s efectiva, eficiente y transparente.<\/p>\n\n\n\n<p>Dijo que el Premio Nacional a la Calidad ayuda a promover la mejora de la calidad en el sector p\u00fablico y a motivar los avances de los servicios que ofrecen las instituciones a los ciudadanos a trav\u00e9s de esfuerzos de mejora en la gesti\u00f3n.<\/p>\n\n\n\n<p>\u201cHoy en d\u00eda, los organismos de \u00e9xito, se distinguen por un liderazgo que se compromete con la innovaci\u00f3n de sus procesos y que promueven la creaci\u00f3n de valor p\u00fablico, asumiendo una visi\u00f3n de mejora con el prop\u00f3sito de propiciar cambios institucionales para ser cada vez m\u00e1s competitivos y eficientes\u201d, expres\u00f3 Dar\u00edo Castillo.<\/p>\n\n\n\n<p>Agreg\u00f3 que desde que se inici\u00f3, el presente gobierno asumi\u00f3 el compromiso de trabajar por una gesti\u00f3n de calidad, lo que asegura se ha reflejado positivamente en el alto porcentaje de aceptaci\u00f3n que han tenido las ejecutorias del nuevo modelo del quehacer p\u00fablico.<\/p>\n\n\n\n<p>Sostuvo que en este pa\u00eds, el 2020 represent\u00f3 el a\u00f1o del cambio y la esperanza de contar con instituciones p\u00fablicas m\u00e1s robustas y que garanticen la calidad de los servicios y la satisfacci\u00f3n ciudadana, aun en circunstancias nunca previstas, como la pandemia del Covid-19.<\/p>\n","protected":false},"excerpt":{"rendered":"<p>SANTO DOMINGO.-&nbsp;El Ministerio de Administraci\u00f3n P\u00fablica (MAP) sustituir\u00e1 los premios provinciales y territoriales por premios sectoriales y promover\u00e1 la participaci\u00f3n de hospitales, ayuntamientos, escuelas y liceos p\u00fablicos en el Premio&hellip; <\/p>\n","protected":false},"author":2,"featured_media":3563,"comment_status":"open","ping_status":"open","sticky":false,"template":"","format":"standard","meta":{"fifu_image_url":"","fifu_image_alt":"","footnotes":""},"categories":[151],"tags":[],"class_list":["post-3562","post","type-post","status-publish","format-standard","has-post-thumbnail","hentry","category-gerencia"],"_links":{"self":[{"href":"https:\/\/elmundodelosnegocios.com.do\/v1\/wp-json\/wp\/v2\/posts\/3562","targetHints":{"allow":["GET"]}}],"collection":[{"href":"https:\/\/elmundodelosnegocios.com.do\/v1\/wp-json\/wp\/v2\/posts"}],"about":[{"href":"https:\/\/elmundodelosnegocios.com.do\/v1\/wp-json\/wp\/v2\/types\/post"}],"author":[{"embeddable":true,"href":"https:\/\/elmundodelosnegocios.com.do\/v1\/wp-json\/wp\/v2\/users\/2"}],"replies":[{"embeddable":true,"href":"https:\/\/elmundodelosnegocios.com.do\/v1\/wp-json\/wp\/v2\/comments?post=3562"}],"version-history":[{"count":0,"href":"https:\/\/elmundodelosnegocios.com.do\/v1\/wp-json\/wp\/v2\/posts\/3562\/revisions"}],"wp:featuredmedia":[{"embeddable":true,"href":"https:\/\/elmundodelosnegocios.com.do\/v1\/wp-json\/wp\/v2\/media\/3563"}],"wp:attachment":[{"href":"https:\/\/elmundodelosnegocios.com.do\/v1\/wp-json\/wp\/v2\/media?parent=3562"}],"wp:term":[{"taxonomy":"category","embeddable":true,"href":"https:\/\/elmundodelosnegocios.com.do\/v1\/wp-json\/wp\/v2\/categories?post=3562"},{"taxonomy":"post_tag","embeddable":true,"href":"https:\/\/elmundodelosnegocios.com.do\/v1\/wp-json\/wp\/v2\/tags?post=3562"}],"curies":[{"name":"wp","href":"https:\/\/api.w.org\/{rel}","templated":true}]}}